{"id":27444,"date":"2024-11-30T13:15:04","date_gmt":"2024-11-30T16:15:04","guid":{"rendered":"https:\/\/maxradio923.com.ar\/index.php\/2024\/11\/30\/el-papa-francisco-recibira-al-primer-ministro-hungaro-viktor-orban-en-el-vaticano\/"},"modified":"2024-11-30T13:15:04","modified_gmt":"2024-11-30T16:15:04","slug":"el-papa-francisco-recibira-al-primer-ministro-hungaro-viktor-orban-en-el-vaticano","status":"publish","type":"post","link":"https:\/\/maxradio923.com.ar\/index.php\/2024\/11\/30\/el-papa-francisco-recibira-al-primer-ministro-hungaro-viktor-orban-en-el-vaticano\/","title":{"rendered":"El papa Francisco recibir\u00e1 al primer ministro h\u00fangaro Viktor Orb\u00e1n en el Vaticano"},"content":{"rendered":"<p><\/p>\n<div>\n<div class=\" visual__image\"><picture><source srcset=\"https:\/\/www.infobae.com\/resizer\/v2\/SK4EFITLPGOBM5NCL4BXLZEQL4.jpg?auth=fce21764b80c771ceef9c338afecf3e23127d7beede4161c7a13c46a0a8c3c19&amp;smart=true&amp;width=992&amp;height=661&amp;quality=85\" media=\"(min-width: 1000px)\"\/><source srcset=\"https:\/\/www.infobae.com\/resizer\/v2\/SK4EFITLPGOBM5NCL4BXLZEQL4.jpg?auth=fce21764b80c771ceef9c338afecf3e23127d7beede4161c7a13c46a0a8c3c19&amp;smart=true&amp;width=768&amp;height=512&amp;quality=85\" media=\"(min-width: 768px)\"\/><source srcset=\"https:\/\/www.infobae.com\/resizer\/v2\/SK4EFITLPGOBM5NCL4BXLZEQL4.jpg?auth=fce21764b80c771ceef9c338afecf3e23127d7beede4161c7a13c46a0a8c3c19&amp;smart=true&amp;width=577&amp;height=385&amp;quality=85\" media=\"(min-width: 580px)\"\/><source srcset=\"https:\/\/www.infobae.com\/resizer\/v2\/SK4EFITLPGOBM5NCL4BXLZEQL4.jpg?auth=fce21764b80c771ceef9c338afecf3e23127d7beede4161c7a13c46a0a8c3c19&amp;smart=true&amp;width=420&amp;height=280&amp;quality=85\" media=\"(min-width: 350px)\"\/><source srcset=\"https:\/\/www.infobae.com\/resizer\/v2\/SK4EFITLPGOBM5NCL4BXLZEQL4.jpg?auth=fce21764b80c771ceef9c338afecf3e23127d7beede4161c7a13c46a0a8c3c19&amp;smart=true&amp;width=350&amp;height=233&amp;quality=85\" media=\"(min-width: 80px)\"\/><img alt=\"El papa Francisco estrecha la mano del primer ministro de Hungr\u00eda, Viktor Orban, durante una audiencia privada en El Vaticano, el 21 de abril de 2022 (Vatican Media\/Handout via REUTERS)\" class=\"global-image\" decoding=\"async\" fetchpriority=\"high\" height=\"533\" loading=\"eager\" src=\"https:\/\/www.infobae.com\/resizer\/v2\/SK4EFITLPGOBM5NCL4BXLZEQL4.jpg?auth=fce21764b80c771ceef9c338afecf3e23127d7beede4161c7a13c46a0a8c3c19&amp;smart=true&amp;width=350&amp;height=233&amp;quality=85\" width=\"800\"\/><\/picture><figcaption class=\"article-figcaption-img\">El papa Francisco estrecha la mano del primer ministro de Hungr\u00eda, Viktor Orban, durante una audiencia privada en El Vaticano, el 21 de abril de 2022 (Vatican Media\/Handout via REUTERS)<\/figcaption><\/div>\n<p class=\"paragraph\">El papa <b>Francisco <\/b>recibir\u00e1 al primer ministro de Hungr\u00eda, <b>Viktor Orb\u00e1n<\/b>, el pr\u00f3ximo mi\u00e9rcoles 4 de diciembre en una nueva audiencia en el Vaticano, confirm\u00f3 este s\u00e1bado la Santa Sede.<\/p>\n<p class=\"paragraph\">El encuentro empezar\u00e1 a las 8.00 horas locales y no tendr\u00e1 lugar en el<b> Palacio Apost\u00f3lico<\/b> sino en el estudio pontificio del <b>Aula Pablo VI<\/b>, donde Francisco suele celebrar las audiencias generales con los fieles cada mi\u00e9rcoles.<\/p>\n<p class=\"paragraph\">De hecho, su encuentro con el pol\u00edtico ultranacionalista ser\u00e1 antes de ese evento, que comenzar\u00e1 a las 9:00 como cada semana.<\/p>\n<p class=\"paragraph\">El pont\u00edfice argentino ha visto en otras ocasiones al primer ministro h\u00fangaro, que ejerce la presidencia de turno de la <b>Uni\u00f3n Europea<\/b> hasta fin de a\u00f1o y con quien mantiene notorias diferencias en temas como la acogida de inmigrantes en el continente.<\/p>\n<div class=\" visual__image\"><picture><source srcset=\"https:\/\/www.infobae.com\/resizer\/v2\/LGS7TQIOOSTB3KEOCDUYNIOAWM.jpg?auth=4922b8c5afc744e415d3ab78a6d30a1b31d3951e7470a51c0d68872963912463&amp;smart=true&amp;width=992&amp;height=661&amp;quality=85\" media=\"(min-width: 1000px)\"\/><source srcset=\"https:\/\/www.infobae.com\/resizer\/v2\/LGS7TQIOOSTB3KEOCDUYNIOAWM.jpg?auth=4922b8c5afc744e415d3ab78a6d30a1b31d3951e7470a51c0d68872963912463&amp;smart=true&amp;width=768&amp;height=512&amp;quality=85\" media=\"(min-width: 768px)\"\/><source srcset=\"https:\/\/www.infobae.com\/resizer\/v2\/LGS7TQIOOSTB3KEOCDUYNIOAWM.jpg?auth=4922b8c5afc744e415d3ab78a6d30a1b31d3951e7470a51c0d68872963912463&amp;smart=true&amp;width=577&amp;height=385&amp;quality=85\" media=\"(min-width: 580px)\"\/><source srcset=\"https:\/\/www.infobae.com\/resizer\/v2\/LGS7TQIOOSTB3KEOCDUYNIOAWM.jpg?auth=4922b8c5afc744e415d3ab78a6d30a1b31d3951e7470a51c0d68872963912463&amp;smart=true&amp;width=420&amp;height=280&amp;quality=85\" media=\"(min-width: 350px)\"\/><source srcset=\"https:\/\/www.infobae.com\/resizer\/v2\/LGS7TQIOOSTB3KEOCDUYNIOAWM.jpg?auth=4922b8c5afc744e415d3ab78a6d30a1b31d3951e7470a51c0d68872963912463&amp;smart=true&amp;width=350&amp;height=233&amp;quality=85\" media=\"(min-width: 80px)\"\/><img alt=\"El papa Francisco y Viktor Orban, durante un encuentro el 12 de septiembre de 2021 (Vatican Media\/Handout via REUTERS)\" class=\"global-image\" decoding=\"async\" fetchpriority=\"low\" height=\"533\" loading=\"lazy\" src=\"https:\/\/www.infobae.com\/resizer\/v2\/LGS7TQIOOSTB3KEOCDUYNIOAWM.jpg?auth=4922b8c5afc744e415d3ab78a6d30a1b31d3951e7470a51c0d68872963912463&amp;smart=true&amp;width=350&amp;height=233&amp;quality=85\" width=\"800\"\/><\/picture><figcaption class=\"article-figcaption-img\">El papa Francisco y Viktor Orban, durante un encuentro el 12 de septiembre de 2021 (Vatican Media\/Handout via REUTERS)<\/figcaption><\/div>\n<p class=\"paragraph\">La primera vez que se reunieron fue en septiembre de 2021, cuando el papa vol\u00f3 a Budapest durante unas horas para presidir la misa de clausura del <b>Congreso Eucar\u00edstico Internacional.<\/b><\/p>\n<p class=\"paragraph\">Un a\u00f1o despu\u00e9s, en abril de 2022, Bergoglio recibi\u00f3 al pol\u00edtico h\u00fangaro en una audiencia en el Vaticano para tratar, entre otros temas, la cuesti\u00f3n de la acogida de los primeros refugiados ucranianos despu\u00e9s de dos meses de la invasi\u00f3n rusa.<\/p>\n<p class=\"paragraph\">La \u00faltima vez que <b>Francisco y Orb\u00e1n <\/b>se entrevistaron fue en abril de 2023, en un nuevo viaje a Hungr\u00eda del pont\u00edfice argentino.<\/p>\n<p class=\"paragraph\">Por otra parte, <b>Francisco recibi\u00f3 este s\u00e1bado en el Vaticano a una delegaci\u00f3n de parlamentarios de Francia<\/b> y, ante el debate de la eutanasia, les anim\u00f3 a defender el \u201ct\u00e9rmino natural\u201d de la vida mediante el refuerzo de los cuidados paliativos.<\/p>\n<p class=\"paragraph\"><b>\u201cEspero que, tambi\u00e9n con vuestra contribuci\u00f3n, el debate sobre la cuesti\u00f3n esencial del final de la vida pueda ser conducido hacia la verdad\u201d<\/b>, dijo el pont\u00edfice argentino ante los parlamentarios del sur franc\u00e9s, reunidos en la Sala del Consistorio del Vaticano.<\/p>\n<p class=\"paragraph\">Y agreg\u00f3: <b>\u201cSe trata de acompa\u00f1ar la vida hasta su t\u00e9rmino natural a trav\u00e9s del desarrollo m\u00e1s amplio de los cuidados paliativos\u201d.<\/b><\/p>\n<p class=\"paragraph\">\u201cComo saben, las personas al final de la vida necesitan ser respaldadas por asistentes que sean fieles a su vocaci\u00f3n, que es la de proporcionar asistencia y alivio a pesar de que no siempre puedan curarse\u201d, aleg\u00f3 el pont\u00edfice argentino.<\/p>\n<div class=\" visual__image\"><picture><source srcset=\"https:\/\/www.infobae.com\/resizer\/v2\/FTTYGDYJF2YLNGOOX5EUBG7UKU.jpg?auth=d736f39e7fcd6ab2ef21b398235f4204c945519bdd8d1a96a930e2b6063fc75c&amp;smart=true&amp;width=992&amp;height=661&amp;quality=85\" media=\"(min-width: 1000px)\"\/><source srcset=\"https:\/\/www.infobae.com\/resizer\/v2\/FTTYGDYJF2YLNGOOX5EUBG7UKU.jpg?auth=d736f39e7fcd6ab2ef21b398235f4204c945519bdd8d1a96a930e2b6063fc75c&amp;smart=true&amp;width=768&amp;height=512&amp;quality=85\" media=\"(min-width: 768px)\"\/><source srcset=\"https:\/\/www.infobae.com\/resizer\/v2\/FTTYGDYJF2YLNGOOX5EUBG7UKU.jpg?auth=d736f39e7fcd6ab2ef21b398235f4204c945519bdd8d1a96a930e2b6063fc75c&amp;smart=true&amp;width=577&amp;height=385&amp;quality=85\" media=\"(min-width: 580px)\"\/><source srcset=\"https:\/\/www.infobae.com\/resizer\/v2\/FTTYGDYJF2YLNGOOX5EUBG7UKU.jpg?auth=d736f39e7fcd6ab2ef21b398235f4204c945519bdd8d1a96a930e2b6063fc75c&amp;smart=true&amp;width=420&amp;height=280&amp;quality=85\" media=\"(min-width: 350px)\"\/><source srcset=\"https:\/\/www.infobae.com\/resizer\/v2\/FTTYGDYJF2YLNGOOX5EUBG7UKU.jpg?auth=d736f39e7fcd6ab2ef21b398235f4204c945519bdd8d1a96a930e2b6063fc75c&amp;smart=true&amp;width=350&amp;height=233&amp;quality=85\" media=\"(min-width: 80px)\"\/><img alt=\"El papa Francisco roc\u00eda el f\u00e9retro con los restos del difunto cardenal Miguel \u00c1ngel Ayuso Guixot durante su funeral en la bas\u00edlica de San Pedro, en el Vaticano, el mi\u00e9rcoles 27 de noviembre de 2024. (AP Foto\/Alessandra Tarantino)\" class=\"global-image\" decoding=\"async\" fetchpriority=\"low\" height=\"4702\" loading=\"lazy\" src=\"https:\/\/www.infobae.com\/resizer\/v2\/FTTYGDYJF2YLNGOOX5EUBG7UKU.jpg?auth=d736f39e7fcd6ab2ef21b398235f4204c945519bdd8d1a96a930e2b6063fc75c&amp;smart=true&amp;width=350&amp;height=233&amp;quality=85\" width=\"7052\"\/><\/picture><figcaption class=\"article-figcaption-img\">El papa Francisco roc\u00eda el f\u00e9retro con los restos del difunto cardenal Miguel \u00c1ngel Ayuso Guixot durante su funeral en la bas\u00edlica de San Pedro, en el Vaticano, el mi\u00e9rcoles 27 de noviembre de 2024. (AP Foto\/Alessandra Tarantino)<\/figcaption><\/div>\n<p class=\"paragraph\">La cuesti\u00f3n del final de la vida forma parte del debate pol\u00edtico franc\u00e9s y a finales del pasado mayo la Asamblea Nacional inici\u00f3 la tramitaci\u00f3n de una ley para legalizar la eutanasia con grandes divisiones entre el Gobierno de Emmanuel Macron que pretend\u00eda limitar su alcance y otros grupos que quer\u00edan ir mucho m\u00e1s lejos.<\/p>\n<p class=\"paragraph\">El plan qued\u00f3 paralizado con la disoluci\u00f3n del Parlamento decretada por Macron en junio, tras su derrota en las elecciones europeas, pero se espera que un nuevo proyecto de ley sobre esta cuesti\u00f3n vuelva al debate pr\u00f3ximamente.<\/p>\n<p class=\"paragraph\">El papa confes\u00f3 que, para \u00e9l, \u201ces una gran alegr\u00eda\u201d ver como los parlamentarios se interesan \u201cen el mensaje de la Iglesia\u201d.<\/p>\n<p class=\"paragraph\">\u201cA pesar de ser distintas, pol\u00edtica y religi\u00f3n tienen intereses comunes y compartidos y de forma diversa todos somos conscientes del rol que debemos desempe\u00f1ar por el bien com\u00fan. La Iglesia desea despertar las fuerzas espirituales que hacen fecunda la entera vida social y ustedes pueden contar con su ayuda\u201d, asegur\u00f3.<\/p>\n<p class=\"paragraph\">Francisco tiene previsto viajar el pr\u00f3ximo 15 de diciembre a la ciudad de Ajaccio, en la isla francesa de C\u00f3rcega, para participar en una conferencia sobre la religiosidad mediterr\u00e1nea y, a su t\u00e9rmino, se reunir\u00e1 con el presidente Macron.<\/p>\n<p class=\"paragraph\"><i>(Con informaci\u00f3n de EFE)<\/i><\/p>\n<\/div>\n<p><script defer=\"\">!function(f,b,e,v,n,t,s) {if(f.fbq)return;n=f.fbq=function(){n.callMethod? n.callMethod.apply(n,arguments):n.queue.push(arguments)}; if(!f._fbq)f._fbq=n;n.push=n;n.loaded=!0;n.version='2.0'; n.queue=[];t=b.createElement(e);t.async=!0; t.src=v;s=b.getElementsByTagName(e)[0]; s.parentNode.insertBefore(t,s)}(window, document,'script', ' fbq('init', '336383993555320'); fbq('track', 'PageView'); fbq('track', 'ViewContent');<\/script><script src=\"https:\/\/connect.facebook.net\/en_US\/sdk.js\" crossorigin=\"anonymous\" defer=\"\"><\/script><\/p>\n","protected":false},"excerpt":{"rendered":"<p>El papa Francisco estrecha la mano del primer ministro de Hungr\u00eda, Viktor Orban, durante una audiencia privada en El Vaticano, el 21 de abril de 2022 (Vatican Media\/Handout via REUTERS) El papa Francisco recibir\u00e1 al primer ministro de Hungr\u00eda, Viktor Orb\u00e1n, el pr\u00f3ximo mi\u00e9rcoles 4 de diciembre en una nueva audiencia en el Vaticano, confirm\u00f3 [&hellip;]<\/p>\n","protected":false},"author":2,"featured_media":27445,"comment_status":"","ping_status":"","sticky":false,"template":"","format":"standard","meta":{"footnotes":""},"categories":[3],"tags":[],"_links":{"self":[{"href":"https:\/\/maxradio923.com.ar\/index.php\/wp-json\/wp\/v2\/posts\/27444"}],"collection":[{"href":"https:\/\/maxradio923.com.ar\/index.php\/wp-json\/wp\/v2\/posts"}],"about":[{"href":"https:\/\/maxradio923.com.ar\/index.php\/wp-json\/wp\/v2\/types\/post"}],"author":[{"embeddable":true,"href":"https:\/\/maxradio923.com.ar\/index.php\/wp-json\/wp\/v2\/users\/2"}],"replies":[{"embeddable":true,"href":"https:\/\/maxradio923.com.ar\/index.php\/wp-json\/wp\/v2\/comments?post=27444"}],"version-history":[{"count":0,"href":"https:\/\/maxradio923.com.ar\/index.php\/wp-json\/wp\/v2\/posts\/27444\/revisions"}],"wp:featuredmedia":[{"embeddable":true,"href":"https:\/\/maxradio923.com.ar\/index.php\/wp-json\/wp\/v2\/media\/27445"}],"wp:attachment":[{"href":"https:\/\/maxradio923.com.ar\/index.php\/wp-json\/wp\/v2\/media?parent=27444"}],"wp:term":[{"taxonomy":"category","embeddable":true,"href":"https:\/\/maxradio923.com.ar\/index.php\/wp-json\/wp\/v2\/categories?post=27444"},{"taxonomy":"post_tag","embeddable":true,"href":"https:\/\/maxradio923.com.ar\/index.php\/wp-json\/wp\/v2\/tags?post=27444"}],"curies":[{"name":"wp","href":"https:\/\/api.w.org\/{rel}","templated":true}]}}