{"id":27440,"date":"2024-11-30T11:30:02","date_gmt":"2024-11-30T14:30:02","guid":{"rendered":"https:\/\/maxradio923.com.ar\/index.php\/2024\/11\/30\/contundente-advertencia-del-ex-ministro-de-exteriores-de-ucrania-si-seguimos-asi-perderemos-la-guerra\/"},"modified":"2024-11-30T11:30:02","modified_gmt":"2024-11-30T14:30:02","slug":"contundente-advertencia-del-ex-ministro-de-exteriores-de-ucrania-si-seguimos-asi-perderemos-la-guerra","status":"publish","type":"post","link":"https:\/\/maxradio923.com.ar\/index.php\/2024\/11\/30\/contundente-advertencia-del-ex-ministro-de-exteriores-de-ucrania-si-seguimos-asi-perderemos-la-guerra\/","title":{"rendered":"Contundente advertencia del ex ministro de Exteriores de Ucrania: \u201cSi seguimos as\u00ed, perderemos la guerra\u201d"},"content":{"rendered":"<p><\/p>\n<div>\n<div class=\" visual__image\"><picture><source srcset=\"https:\/\/www.infobae.com\/resizer\/v2\/2F2K2PIP2VBCNF5DOZVN5RI3CQ.jpg?auth=d1b1f92744bf362b0ef8b38b4f2e5d554566696e84c8527c5b3847a69b38f818&amp;smart=true&amp;width=992&amp;height=661&amp;quality=85\" media=\"(min-width: 1000px)\"\/><source srcset=\"https:\/\/www.infobae.com\/resizer\/v2\/2F2K2PIP2VBCNF5DOZVN5RI3CQ.jpg?auth=d1b1f92744bf362b0ef8b38b4f2e5d554566696e84c8527c5b3847a69b38f818&amp;smart=true&amp;width=768&amp;height=512&amp;quality=85\" media=\"(min-width: 768px)\"\/><source srcset=\"https:\/\/www.infobae.com\/resizer\/v2\/2F2K2PIP2VBCNF5DOZVN5RI3CQ.jpg?auth=d1b1f92744bf362b0ef8b38b4f2e5d554566696e84c8527c5b3847a69b38f818&amp;smart=true&amp;width=577&amp;height=385&amp;quality=85\" media=\"(min-width: 580px)\"\/><source srcset=\"https:\/\/www.infobae.com\/resizer\/v2\/2F2K2PIP2VBCNF5DOZVN5RI3CQ.jpg?auth=d1b1f92744bf362b0ef8b38b4f2e5d554566696e84c8527c5b3847a69b38f818&amp;smart=true&amp;width=420&amp;height=280&amp;quality=85\" media=\"(min-width: 350px)\"\/><source srcset=\"https:\/\/www.infobae.com\/resizer\/v2\/2F2K2PIP2VBCNF5DOZVN5RI3CQ.jpg?auth=d1b1f92744bf362b0ef8b38b4f2e5d554566696e84c8527c5b3847a69b38f818&amp;smart=true&amp;width=350&amp;height=233&amp;quality=85\" media=\"(min-width: 80px)\"\/><img alt=\"Dmytro Kuleba, ex Ministro de Relaciones Exteriores de Ucrania (EFE\/Lenin Nolly)\" class=\"global-image\" decoding=\"async\" fetchpriority=\"high\" height=\"3333\" loading=\"eager\" src=\"https:\/\/www.infobae.com\/resizer\/v2\/2F2K2PIP2VBCNF5DOZVN5RI3CQ.jpg?auth=d1b1f92744bf362b0ef8b38b4f2e5d554566696e84c8527c5b3847a69b38f818&amp;smart=true&amp;width=350&amp;height=233&amp;quality=85\" width=\"5000\"\/><\/picture><figcaption class=\"article-figcaption-img\">Dmytro Kuleba, ex Ministro de Relaciones Exteriores de Ucrania (EFE\/Lenin Nolly)<\/figcaption><\/div>\n<p class=\"paragraph\">En septiembre de 2023, <b>Dmytro Kuleba<\/b>, quien ocup\u00f3 durante cuatro a\u00f1os el cargo de ministro de Asuntos Exteriores de Ucrania, present\u00f3 su renuncia. A d\u00eda de hoy, m\u00e1s de un a\u00f1o despu\u00e9s de su dimisi\u00f3n, no habl\u00f3 p\u00fablicamente sobre las razones de su salida. Sin embargo, se presume que su destituci\u00f3n estar\u00eda relacionada con el incremento de tensiones dentro del c\u00edrculo m\u00e1s cercano al presidente<b> Volodimir Zelensky.<\/b><\/p>\n<p class=\"paragraph\">El ex ministro, conocido por su actitud relajada y su sentido del humor incluso en contextos adversos, desafiaba los estereotipos sobre una Ucrania atrasada o dominada por antiguos apparatchiks post sovi\u00e9ticos. Su ministerio, a pesar de estar protegido por sacos de arena y fortificaciones debido al conflicto en curso, transmit\u00eda la resiliencia de su pa\u00eds en un periodo cr\u00edtico.<\/p>\n<p class=\"paragraph\">D\u00edas atr\u00e1s, en el marco de un viaje que realiz\u00f3 a Londres para una conferencia, brind\u00f3 una entrevista al diario brit\u00e1nico <i>Financial Times<\/i>. Para la misma, Kuleba se reuni\u00f3 con el periodista Gideon Rachman, en el restaurante Northall. Por esas horas, <b>las tropas de Vladimir Putin hab\u00edan lanzado el primer misil bal\u00edstico contra territorio ucraniano.<\/b><\/p>\n<p class=\"paragraph\">Minutos despu\u00e9s de arribar al restaurante, cerca de las 10 de la ma\u00f1ana, se acerc\u00f3 la camarera, una joven ucraniana de nombre<b> Daria<\/b>. Como millones de sus compatriotas, se vio obligada a abandonar el pa\u00eds cuando estall\u00f3 la guerra en febrero de 2022. \u201cBienvenida a Londres, espero que puedas volver a Ucrania en alg\u00fan momento\u201d, le dijo Rachman. \u201cEspero que s\u00ed. Mi padre ahora est\u00e1 en defensa\u201d, respondi\u00f3. Luego, la joven mantuvo un breve di\u00e1logo con Kuleba en ucraniano.<\/p>\n<p class=\"paragraph\">El periodista opt\u00f3 por un desayuno vegetariano, con huevos, champi\u00f1ones, tomates y una salchicha vegetariana. El ex ministro ucraniano, en tanto, orden\u00f3 huevos malteses y una guarnici\u00f3n de morcilla. Ambos pidieron caf\u00e9 para acompa\u00f1ar la comida.<\/p>\n<p class=\"paragraph\">Luego de ordenar el pedido, y de la breve conversaci\u00f3n con Daria, Rachman y Kuleba comenzaron a abordar la coyuntura actual de la guerra en Ucrania. El ex ministro de Asuntos Exteriores advirti\u00f3 que la falta de recursos adecuados para las fuerzas ucranianas podr\u00eda llevar a su pa\u00eds a perder la guerra contra Rusia. Asimismo, expres\u00f3 su preocupaci\u00f3n por la situaci\u00f3n en el frente y critic\u00f3 las limitaciones de Occidente en el suministro de armas avanzadas.<\/p>\n<p class=\"paragraph\">\u201c\u00bfTenemos hoy los medios y las herramientas para dar la vuelta a la tortilla? No, no los tenemos. <b>Y si sigue as\u00ed, perderemos la guerra\u201d<\/b>, alert\u00f3, tajante.<\/p>\n<div class=\" visual__image\"><picture><source srcset=\"https:\/\/www.infobae.com\/resizer\/v2\/UBLWZSTZWFIHVSHQMPVQLLC7XA.jpg?auth=fcb16c8ab240c1be60400bfd9456fae69de89f0507cd1ae1132e153ea96aa7a4&amp;smart=true&amp;width=992&amp;height=661&amp;quality=85\" media=\"(min-width: 1000px)\"\/><source srcset=\"https:\/\/www.infobae.com\/resizer\/v2\/UBLWZSTZWFIHVSHQMPVQLLC7XA.jpg?auth=fcb16c8ab240c1be60400bfd9456fae69de89f0507cd1ae1132e153ea96aa7a4&amp;smart=true&amp;width=768&amp;height=512&amp;quality=85\" media=\"(min-width: 768px)\"\/><source srcset=\"https:\/\/www.infobae.com\/resizer\/v2\/UBLWZSTZWFIHVSHQMPVQLLC7XA.jpg?auth=fcb16c8ab240c1be60400bfd9456fae69de89f0507cd1ae1132e153ea96aa7a4&amp;smart=true&amp;width=577&amp;height=385&amp;quality=85\" media=\"(min-width: 580px)\"\/><source srcset=\"https:\/\/www.infobae.com\/resizer\/v2\/UBLWZSTZWFIHVSHQMPVQLLC7XA.jpg?auth=fcb16c8ab240c1be60400bfd9456fae69de89f0507cd1ae1132e153ea96aa7a4&amp;smart=true&amp;width=420&amp;height=280&amp;quality=85\" media=\"(min-width: 350px)\"\/><source srcset=\"https:\/\/www.infobae.com\/resizer\/v2\/UBLWZSTZWFIHVSHQMPVQLLC7XA.jpg?auth=fcb16c8ab240c1be60400bfd9456fae69de89f0507cd1ae1132e153ea96aa7a4&amp;smart=true&amp;width=350&amp;height=233&amp;quality=85\" media=\"(min-width: 80px)\"\/><img alt=\"Kuleba reconoci\u00f3 que la situaci\u00f3n actual de las fuerzas ucranianas es complicada (REUTERS\/Maksym Kishka)\" class=\"global-image\" decoding=\"async\" fetchpriority=\"low\" height=\"534\" loading=\"lazy\" src=\"https:\/\/www.infobae.com\/resizer\/v2\/UBLWZSTZWFIHVSHQMPVQLLC7XA.jpg?auth=fcb16c8ab240c1be60400bfd9456fae69de89f0507cd1ae1132e153ea96aa7a4&amp;smart=true&amp;width=350&amp;height=233&amp;quality=85\" width=\"800\"\/><\/picture><figcaption class=\"article-figcaption-img\">Kuleba reconoci\u00f3 que la situaci\u00f3n actual de las fuerzas ucranianas es complicada (REUTERS\/Maksym Kishka)<\/figcaption><\/div>\n<p class=\"paragraph\"><b>Aunque reconoci\u00f3 que la situaci\u00f3n actual es cr\u00edtica, record\u00f3 que Ucrania ya super\u00f3 momentos a\u00fan m\u00e1s oscuros<\/b>, como los primeros meses de la invasi\u00f3n rusa en 2022: \u201cEs cierto que las cosas pintan mal en el campo de batalla. Pero las cosas parec\u00edan a\u00fan peor en los primeros meses de 2022. Lo que odio en mis conversaciones con expertos europeos y estadounidenses -y \u2018odio\u2019 es una palabra que no suelo utilizar- es que todo el mundo pregunta qu\u00e9 est\u00e1 dispuesta a hacer Ucrania, qu\u00e9 est\u00e1 dispuesta a aceptar Ucrania. Y yo digo, \u2018chicos, primero encuentren la respuesta a la pregunta [de] qu\u00e9 est\u00e1 dispuesto a aceptar Putin. Porque de ah\u00ed viene la guerra\u201d.<\/p>\n<p class=\"paragraph\">El periodista del<i> Financial Times<\/i> le pidi\u00f3 que respondiera su propia pregunta: \u00bfQu\u00e9 est\u00e1 dispuesto a aceptar Putin? \u201cSu objetivo est\u00e1 claro.<b> Tiene que desmantelar el Estado ucraniano de una forma u otra.<\/b> Su l\u00f3gica es, \u00bfpor qu\u00e9 deber\u00eda tomar parte de \u00e9l si al final puedo tomarlo todo?\u201d, respondi\u00f3.<\/p>\n<p class=\"paragraph\">Asimismo, Kuleba destac\u00f3 la ambivalencia de Occidente, se\u00f1alando la influencia de Estados Unidos en la din\u00e1mica del conflicto. Seg\u00fan \u00e9l, la administraci\u00f3n de<b> Joe Biden<\/b>, aunque crucial en el apoyo inicial a Ucrania, ha sido cautelosa respecto a la provisi\u00f3n de armas ofensivas, temiendo una escalada nuclear. No obstante, reconoci\u00f3 el apoyo del presidente dem\u00f3crata a su pa\u00eds.<\/p>\n<p class=\"paragraph\">\u201cLos ucranianos tenemos suerte de que Joe Biden fuera el presidente de Estados Unidos en 2022, porque si hubiera sido otro, las cosas nos habr\u00edan ido mucho peor. <b>Joe Biden tiene un lugar para Ucrania en su coraz\u00f3n. <\/b>Pero su mente se form\u00f3 en la l\u00f3gica de la Guerra Fr\u00eda. Con \u00e9l no se habla de la adhesi\u00f3n de Ucrania a la OTAN. No le hables de armas nucleares. Porque esas son las cosas que le provocan\u201d, apunt\u00f3.<\/p>\n<p class=\"paragraph\">En contraste, reflexion\u00f3 sobre el impacto de un eventual retorno de<b> Donald Trump<\/b> a la Casa Blanca. <b>Tanto Zelensky como Putin ven en Trump una oportunidad<\/b>, asegur\u00f3 Kuleba, <b>ya que ambos buscar\u00edan manejar su disposici\u00f3n a facilitar negociaciones.<\/b><\/p>\n<p class=\"paragraph\">Respecto al papel de la OTAN, advirti\u00f3 sobre la fragilidad de su estructura de defensa colectiva si un futuro presidente estadounidense decidiera no intervenir. \u201cSi Trump dice que no defender\u00e1 cada cent\u00edmetro del territorio de la OTAN, el escudo desaparece, y Putin se sentir\u00e1 libre de hacer lo que quiera\u201d, alert\u00f3.<\/p>\n<p class=\"paragraph\">\u201cImagina que Putin se atreviera a atacar. Me encantan Estonia, Lituania y Letonia, son muy buenos amigos, pero [los rusos] ocupar\u00edan buena parte de su territorio en 24 horas. As\u00ed que imaginemos que dentro de unos meses las fuerzas de la OTAN expulsan heroicamente al ej\u00e9rcito ruso de los pa\u00edses b\u00e1lticos. Despu\u00e9s de meses de intensos combates, estos pa\u00edses b\u00e1lticos tendr\u00e1n el mismo aspecto que tienen hoy Bakhmut y todo el Donbas. Desaparecer\u00e1n. <b>Ser\u00e1n literalmente arrasados. \u00bfEs esta la realidad que Occidente est\u00e1 dispuesto a aceptar?\u201d<\/b>, agreg\u00f3.<\/p>\n<div class=\" visual__image\"><picture><source srcset=\"https:\/\/www.infobae.com\/resizer\/v2\/YQQJJHCIHQFPOITL25AIQJR5Y4.jpg?auth=18ce0109b9e1b8a98532e6451f52289d1df43c22354b60b29404164b89dd8144&amp;smart=true&amp;width=992&amp;height=661&amp;quality=85\" media=\"(min-width: 1000px)\"\/><source srcset=\"https:\/\/www.infobae.com\/resizer\/v2\/YQQJJHCIHQFPOITL25AIQJR5Y4.jpg?auth=18ce0109b9e1b8a98532e6451f52289d1df43c22354b60b29404164b89dd8144&amp;smart=true&amp;width=768&amp;height=512&amp;quality=85\" media=\"(min-width: 768px)\"\/><source srcset=\"https:\/\/www.infobae.com\/resizer\/v2\/YQQJJHCIHQFPOITL25AIQJR5Y4.jpg?auth=18ce0109b9e1b8a98532e6451f52289d1df43c22354b60b29404164b89dd8144&amp;smart=true&amp;width=577&amp;height=385&amp;quality=85\" media=\"(min-width: 580px)\"\/><source srcset=\"https:\/\/www.infobae.com\/resizer\/v2\/YQQJJHCIHQFPOITL25AIQJR5Y4.jpg?auth=18ce0109b9e1b8a98532e6451f52289d1df43c22354b60b29404164b89dd8144&amp;smart=true&amp;width=420&amp;height=280&amp;quality=85\" media=\"(min-width: 350px)\"\/><source srcset=\"https:\/\/www.infobae.com\/resizer\/v2\/YQQJJHCIHQFPOITL25AIQJR5Y4.jpg?auth=18ce0109b9e1b8a98532e6451f52289d1df43c22354b60b29404164b89dd8144&amp;smart=true&amp;width=350&amp;height=233&amp;quality=85\" media=\"(min-width: 80px)\"\/><img alt=\"Kuleba dijo que el objetivo de Putin es &quot;desmantelar el Estado ucraniano&quot; (Sputnik\/Mikhail Tereshchenko\/Kremlin via REUTERS)\" class=\"global-image\" decoding=\"async\" fetchpriority=\"low\" height=\"2495\" loading=\"lazy\" src=\"https:\/\/www.infobae.com\/resizer\/v2\/YQQJJHCIHQFPOITL25AIQJR5Y4.jpg?auth=18ce0109b9e1b8a98532e6451f52289d1df43c22354b60b29404164b89dd8144&amp;smart=true&amp;width=350&amp;height=233&amp;quality=85\" width=\"3674\"\/><\/picture><figcaption class=\"article-figcaption-img\">Kuleba dijo que el objetivo de Putin es &#8220;desmantelar el Estado ucraniano&#8221; (Sputnik\/Mikhail Tereshchenko\/Kremlin via REUTERS)<\/figcaption><\/div>\n<p class=\"paragraph\">Al hablar del \u201csur global\u201d, Kuleba explic\u00f3 que, aunque muchos pa\u00edses entienden la situaci\u00f3n de Ucrania, temen represalias de Rusia o la influencia de China. \u00c1frica, en particular, enfrenta presiones de ambos actores, lo que dificulta su apoyo expl\u00edcito a Kiev.<\/p>\n<p class=\"paragraph\">Por su parte,<b> desminti\u00f3 afirmaciones de que Ucrania rechaz\u00f3 acuerdos de paz en 2022 debido a presiones occidentales<\/b>. \u201cSi hubiera existido la m\u00e1s m\u00ednima posibilidad de poner fin a la guerra, nuestros socios occidentales nos habr\u00edan empujado a aceptarla\u201d, afirm\u00f3, calificando las propuestas rusas como inaceptables, al incluir t\u00e9rminos como la neutralizaci\u00f3n total de Ucrania y la desmilitarizaci\u00f3n bajo control ruso.<\/p>\n<p class=\"paragraph\">\u201cIncluso ten\u00edan una disposici\u00f3n seg\u00fan la cual todos los blindados pesados ucranianos ten\u00edan que ser depositados en almacenes y estos almacenes deb\u00edan permanecer bajo el control de las fuerzas rusas. As\u00ed que el plan estaba claro. <b>Neutralizar Ucrania, quedarse donde est\u00e1n en Ucrania, desmilitarizar Ucrania. Y luego dar el golpe final\u201d<\/b>, coment\u00f3.<\/p>\n<p class=\"paragraph\">El ex ministro tambi\u00e9n reflexion\u00f3 sobre el costo humano y social de la guerra, se\u00f1alando el impacto devastador en las generaciones m\u00e1s j\u00f3venes, incluida su propia familia. Sin embargo, destac\u00f3 que el conflicto ha impulsado el reconocimiento de Ucrania en el escenario global. \u201cSin esta guerra, habr\u00edan pasado 100 a\u00f1os para que el mundo nos reconociera como parte de Occidente\u201d, lament\u00f3.<\/p>\n<p class=\"paragraph\">Finalmente, adelant\u00f3 que la guerra continuar\u00e1 mientras Putin niegue la existencia de Ucrania como Estado independiente. \u201cTodo el que crea lo contrario o es ingenuo o est\u00e1 a sueldo de Rusia\u201d, concluy\u00f3.<\/p>\n<\/div>\n<p><script defer=\"\">!function(f,b,e,v,n,t,s) {if(f.fbq)return;n=f.fbq=function(){n.callMethod? n.callMethod.apply(n,arguments):n.queue.push(arguments)}; if(!f._fbq)f._fbq=n;n.push=n;n.loaded=!0;n.version='2.0'; n.queue=[];t=b.createElement(e);t.async=!0; t.src=v;s=b.getElementsByTagName(e)[0]; s.parentNode.insertBefore(t,s)}(window, document,'script', ' fbq('init', '336383993555320'); fbq('track', 'PageView'); fbq('track', 'ViewContent');<\/script><script src=\"https:\/\/connect.facebook.net\/en_US\/sdk.js\" crossorigin=\"anonymous\" defer=\"\"><\/script><\/p>\n","protected":false},"excerpt":{"rendered":"<p>Dmytro Kuleba, ex Ministro de Relaciones Exteriores de Ucrania (EFE\/Lenin Nolly) En septiembre de 2023, Dmytro Kuleba, quien ocup\u00f3 durante cuatro a\u00f1os el cargo de ministro de Asuntos Exteriores de Ucrania, present\u00f3 su renuncia. A d\u00eda de hoy, m\u00e1s de un a\u00f1o despu\u00e9s de su dimisi\u00f3n, no habl\u00f3 p\u00fablicamente sobre las razones de su salida. [&hellip;]<\/p>\n","protected":false},"author":2,"featured_media":27441,"comment_status":"","ping_status":"","sticky":false,"template":"","format":"standard","meta":{"footnotes":""},"categories":[3],"tags":[],"_links":{"self":[{"href":"https:\/\/maxradio923.com.ar\/index.php\/wp-json\/wp\/v2\/posts\/27440"}],"collection":[{"href":"https:\/\/maxradio923.com.ar\/index.php\/wp-json\/wp\/v2\/posts"}],"about":[{"href":"https:\/\/maxradio923.com.ar\/index.php\/wp-json\/wp\/v2\/types\/post"}],"author":[{"embeddable":true,"href":"https:\/\/maxradio923.com.ar\/index.php\/wp-json\/wp\/v2\/users\/2"}],"replies":[{"embeddable":true,"href":"https:\/\/maxradio923.com.ar\/index.php\/wp-json\/wp\/v2\/comments?post=27440"}],"version-history":[{"count":0,"href":"https:\/\/maxradio923.com.ar\/index.php\/wp-json\/wp\/v2\/posts\/27440\/revisions"}],"wp:featuredmedia":[{"embeddable":true,"href":"https:\/\/maxradio923.com.ar\/index.php\/wp-json\/wp\/v2\/media\/27441"}],"wp:attachment":[{"href":"https:\/\/maxradio923.com.ar\/index.php\/wp-json\/wp\/v2\/media?parent=27440"}],"wp:term":[{"taxonomy":"category","embeddable":true,"href":"https:\/\/maxradio923.com.ar\/index.php\/wp-json\/wp\/v2\/categories?post=27440"},{"taxonomy":"post_tag","embeddable":true,"href":"https:\/\/maxradio923.com.ar\/index.php\/wp-json\/wp\/v2\/tags?post=27440"}],"curies":[{"name":"wp","href":"https:\/\/api.w.org\/{rel}","templated":true}]}}