{"id":27427,"date":"2024-11-30T08:30:02","date_gmt":"2024-11-30T11:30:02","guid":{"rendered":"https:\/\/maxradio923.com.ar\/index.php\/2024\/11\/30\/que-promesas-economicas-cumplio-el-gobierno-en-su-primer-ano-y-cuales-quedaron-pendientes\/"},"modified":"2024-11-30T08:30:02","modified_gmt":"2024-11-30T11:30:02","slug":"que-promesas-economicas-cumplio-el-gobierno-en-su-primer-ano-y-cuales-quedaron-pendientes","status":"publish","type":"post","link":"https:\/\/maxradio923.com.ar\/index.php\/2024\/11\/30\/que-promesas-economicas-cumplio-el-gobierno-en-su-primer-ano-y-cuales-quedaron-pendientes\/","title":{"rendered":"Qu\u00e9 promesas econ\u00f3micas cumpli\u00f3 el Gobierno en su primer a\u00f1o y cu\u00e1les quedaron pendientes"},"content":{"rendered":"<p><\/p>\n<div>\n<div class=\" visual__image\"><picture><source srcset=\"https:\/\/www.infobae.com\/resizer\/v2\/RXFEVMEVNPGXXPNKD6CWSAGU7M.jpg?auth=62a4e0fea1ad5a04f35486648535c54ba8f759245120cf7923203bbf5d6e8500&amp;smart=true&amp;width=992&amp;height=661&amp;quality=85\" media=\"(min-width: 1000px)\"\/><source srcset=\"https:\/\/www.infobae.com\/resizer\/v2\/RXFEVMEVNPGXXPNKD6CWSAGU7M.jpg?auth=62a4e0fea1ad5a04f35486648535c54ba8f759245120cf7923203bbf5d6e8500&amp;smart=true&amp;width=768&amp;height=512&amp;quality=85\" media=\"(min-width: 768px)\"\/><source srcset=\"https:\/\/www.infobae.com\/resizer\/v2\/RXFEVMEVNPGXXPNKD6CWSAGU7M.jpg?auth=62a4e0fea1ad5a04f35486648535c54ba8f759245120cf7923203bbf5d6e8500&amp;smart=true&amp;width=577&amp;height=385&amp;quality=85\" media=\"(min-width: 580px)\"\/><source srcset=\"https:\/\/www.infobae.com\/resizer\/v2\/RXFEVMEVNPGXXPNKD6CWSAGU7M.jpg?auth=62a4e0fea1ad5a04f35486648535c54ba8f759245120cf7923203bbf5d6e8500&amp;smart=true&amp;width=420&amp;height=280&amp;quality=85\" media=\"(min-width: 350px)\"\/><source srcset=\"https:\/\/www.infobae.com\/resizer\/v2\/RXFEVMEVNPGXXPNKD6CWSAGU7M.jpg?auth=62a4e0fea1ad5a04f35486648535c54ba8f759245120cf7923203bbf5d6e8500&amp;smart=true&amp;width=350&amp;height=233&amp;quality=85\" media=\"(min-width: 80px)\"\/><img alt=\"El presidente Milei asegur\u00f3 que la inflaci\u00f3n seguir\u00e1 bajando (Foto: Reuters)\" class=\"global-image\" decoding=\"async\" fetchpriority=\"high\" height=\"533\" loading=\"eager\" src=\"https:\/\/www.infobae.com\/resizer\/v2\/RXFEVMEVNPGXXPNKD6CWSAGU7M.jpg?auth=62a4e0fea1ad5a04f35486648535c54ba8f759245120cf7923203bbf5d6e8500&amp;smart=true&amp;width=350&amp;height=233&amp;quality=85\" width=\"800\"\/><\/picture><figcaption class=\"article-figcaption-img\">El presidente Milei asegur\u00f3 que la inflaci\u00f3n seguir\u00e1 bajando (Foto: Reuters)<\/figcaption><\/div>\n<p class=\"paragraph\">La llegada de Javier Milei a la presidencia de Argentina marc\u00f3 un antes y un despu\u00e9s para el rumbo econ\u00f3mico del pa\u00eds.<\/p>\n<p class=\"paragraph\">Con un discurso orientado a una dr\u00e1stica reducci\u00f3n del gasto p\u00fablico, la dolarizaci\u00f3n de la econom\u00eda y apertura al mercado internacional, su administraci\u00f3n gener\u00f3 altas expectativas tanto entre sus seguidores como entre cr\u00edticos.<\/p>\n<p class=\"paragraph\">A un a\u00f1o de gesti\u00f3n, el balance entre las promesas cumplidas y las que quedaron pendientes muestra un panorama mixto.<\/p>\n<p class=\"paragraph\">Uno de los compromisos m\u00e1s destacados fue la reducci\u00f3n del d\u00e9ficit fiscal a trav\u00e9s de un ajuste en el gasto p\u00fablico. En 2024, el Gobierno implement\u00f3 recortes significativos en subsidios al transporte y la energ\u00eda, eliminando beneficios para sectores de ingresos medios y altos.<\/p>\n<p class=\"paragraph\">Tambi\u00e9n recort\u00f3 un 80% las transferencias a las provincias, raz\u00f3n por la cual los mandatarios provinciales se vieron obligados a hacer sus propios recortes puertas adentro.<\/p>\n<div class=\"blockquote\">\n<blockquote class=\"color_figcaption\"><p>Implement\u00f3 recortes significativos en subsidios al transporte y la energ\u00eda, eliminando beneficios para sectores de ingresos medios y altos. Tambi\u00e9n recort\u00f3 un 80% las transferencias a las provincias<\/p><\/blockquote>\n<\/div>\n<p class=\"paragraph\">De esa manera, el Estado nacional lleg\u00f3 al equilibrio fiscal. Sin ir m\u00e1s lejos, en octubre el resultado fiscal arroj\u00f3 un super\u00e1vit financiero de $523.398 millones, lo que representa un giro significativo respecto al mismo mes del a\u00f1o pasado. Este super\u00e1vit contrasta con el d\u00e9ficit financiero registrado en octubre de 2023, que hab\u00eda alcanzado los $454.000 millones, ajustados a precios actuales.<\/p>\n<p class=\"paragraph\">El super\u00e1vit financiero acumulado en lo que va del a\u00f1o (enero-octubre) lleg\u00f3 a $2,96 billones, equivalente a 0,5% del Producto Bruto Interno (PBI). De cara a 2025, el Gobierno nacional ya present\u00f3 un presupuesto sin d\u00e9ficit y se comprometi\u00f3 a honrarlo, independientemente del contexto econ\u00f3mico.<\/p>\n<div class=\" visual__image\"><picture><source srcset=\"https:\/\/www.infobae.com\/resizer\/v2\/HXWVE6SGAZDURH6BCECPPTSHGY?auth=a47737542cd64ac05f595eec9c2da4e4f849cb16cd03c0ee201a7e3e6eba36d0&amp;smart=true&amp;width=992&amp;height=558&amp;quality=85\" media=\"(min-width: 1000px)\"\/><source srcset=\"https:\/\/www.infobae.com\/resizer\/v2\/HXWVE6SGAZDURH6BCECPPTSHGY?auth=a47737542cd64ac05f595eec9c2da4e4f849cb16cd03c0ee201a7e3e6eba36d0&amp;smart=true&amp;width=768&amp;height=432&amp;quality=85\" media=\"(min-width: 768px)\"\/><source srcset=\"https:\/\/www.infobae.com\/resizer\/v2\/HXWVE6SGAZDURH6BCECPPTSHGY?auth=a47737542cd64ac05f595eec9c2da4e4f849cb16cd03c0ee201a7e3e6eba36d0&amp;smart=true&amp;width=577&amp;height=325&amp;quality=85\" media=\"(min-width: 580px)\"\/><source srcset=\"https:\/\/www.infobae.com\/resizer\/v2\/HXWVE6SGAZDURH6BCECPPTSHGY?auth=a47737542cd64ac05f595eec9c2da4e4f849cb16cd03c0ee201a7e3e6eba36d0&amp;smart=true&amp;width=420&amp;height=236&amp;quality=85\" media=\"(min-width: 350px)\"\/><source srcset=\"https:\/\/www.infobae.com\/resizer\/v2\/HXWVE6SGAZDURH6BCECPPTSHGY?auth=a47737542cd64ac05f595eec9c2da4e4f849cb16cd03c0ee201a7e3e6eba36d0&amp;smart=true&amp;width=350&amp;height=197&amp;quality=85\" media=\"(min-width: 80px)\"\/><img alt=\"Las pol\u00edticas de ajuste permitieron al Estado cerrar el per\u00edodo enero-octubre con un super\u00e1vit financiero equivalente a 0,5% del PBI (Foto: Reuters)\" class=\"global-image\" decoding=\"async\" fetchpriority=\"low\" height=\"313\" loading=\"lazy\" src=\"https:\/\/www.infobae.com\/resizer\/v2\/HXWVE6SGAZDURH6BCECPPTSHGY?auth=a47737542cd64ac05f595eec9c2da4e4f849cb16cd03c0ee201a7e3e6eba36d0&amp;smart=true&amp;width=350&amp;height=197&amp;quality=85\" width=\"556\"\/><\/picture><figcaption class=\"article-figcaption-img\">Las pol\u00edticas de ajuste permitieron al Estado cerrar el per\u00edodo enero-octubre con un super\u00e1vit financiero equivalente a 0,5% del PBI (Foto: Reuters)<\/figcaption><\/div>\n<p class=\"paragraph\">En vistas a 2025, el Gobierno nacional prepara el terreno para continuar por la misma v\u00eda. El Presupuesto 2025 no tiene d\u00e9ficit y el Gobierno se compromete a honrarlo, independientemente del contexto econ\u00f3mico.<\/p>\n<p class=\"paragraph\">Milei mantiene su postura sobre el cierre del Banco Central, una de las propuestas m\u00e1s controvertidas de campa\u00f1a. \u201cSigue en pie absolutamente\u201d, afirm\u00f3 durante la presentaci\u00f3n de su libro en Madrid, al ser preguntado sobre si finalmente planeaba concretar el proyecto de cerrar el organismo estatal, que fue una de las ideas principales de su campa\u00f1a electoral.<\/p>\n<div class=\"blockquote\">\n<blockquote class=\"color_figcaption\"><p>Conforme avance la dolarizaci\u00f3n end\u00f3gena va a haber un momento en que va a ser muy grande la operatoria en d\u00f3lares, en pesos muy chiquita, y cuando se d\u00e9 esa situaci\u00f3n vamos a estar en condiciones de cerrar el Banco Central (Milei)<\/p><\/blockquote>\n<\/div>\n<p class=\"paragraph\">En el cierre de la 60.\u00aa edici\u00f3n del Coloquio IDEA, expres\u00f3: \u201cConforme avance la dolarizaci\u00f3n end\u00f3gena va a haber un momento en que va a ser muy grande la operatoria en d\u00f3lares, en pesos muy chiquita, y cuando se d\u00e9 esa situaci\u00f3n vamos a estar en condiciones de cerrar el Banco Central\u201d.<\/p>\n<p class=\"paragraph\">Sin embargo, esta medida a\u00fan no se concret\u00f3. En cambio, el Gobierno decidi\u00f3 el cierre definitivo de la planta de fabricaci\u00f3n de billetes (ex-Ciccone) y anunci\u00f3 la reestructuraci\u00f3n de la Casa de la Moneda.<\/p>\n<p class=\"paragraph\">Otra promesa clave de campa\u00f1a, el levantamiento del cepo cambiario, tampoco se cumpli\u00f3 hasta el momento. Aunque se han quitado varias restricciones, la liberaci\u00f3n total parece lejana.<\/p>\n<p class=\"paragraph\">El presidente del Banco Central, <b>Santiago Bausili<\/b>, explic\u00f3 recientemente que para eliminar el cepo es necesario alcanzar un equilibrio monetario. \u201cEstamos muy cerca de lograrlo, pero no necesariamente del equilibrio cambiario. Por ahora, el cepo act\u00faa como una barrera para la entrada de d\u00f3lares, m\u00e1s que para su salida\u201d, observ\u00f3.<\/p>\n<div class=\" visual__image\"><picture><source srcset=\"https:\/\/www.infobae.com\/resizer\/v2\/2PYIXUTXWJAP7HEIYF6BRVY5X4.jpg?auth=30e17f6371e891bba722a9482d46f13d25d16e57c426286cbf50e48e90619f94&amp;smart=true&amp;width=992&amp;height=661&amp;quality=85\" media=\"(min-width: 1000px)\"\/><source srcset=\"https:\/\/www.infobae.com\/resizer\/v2\/2PYIXUTXWJAP7HEIYF6BRVY5X4.jpg?auth=30e17f6371e891bba722a9482d46f13d25d16e57c426286cbf50e48e90619f94&amp;smart=true&amp;width=768&amp;height=512&amp;quality=85\" media=\"(min-width: 768px)\"\/><source srcset=\"https:\/\/www.infobae.com\/resizer\/v2\/2PYIXUTXWJAP7HEIYF6BRVY5X4.jpg?auth=30e17f6371e891bba722a9482d46f13d25d16e57c426286cbf50e48e90619f94&amp;smart=true&amp;width=577&amp;height=385&amp;quality=85\" media=\"(min-width: 580px)\"\/><source srcset=\"https:\/\/www.infobae.com\/resizer\/v2\/2PYIXUTXWJAP7HEIYF6BRVY5X4.jpg?auth=30e17f6371e891bba722a9482d46f13d25d16e57c426286cbf50e48e90619f94&amp;smart=true&amp;width=420&amp;height=280&amp;quality=85\" media=\"(min-width: 350px)\"\/><source srcset=\"https:\/\/www.infobae.com\/resizer\/v2\/2PYIXUTXWJAP7HEIYF6BRVY5X4.jpg?auth=30e17f6371e891bba722a9482d46f13d25d16e57c426286cbf50e48e90619f94&amp;smart=true&amp;width=350&amp;height=233&amp;quality=85\" media=\"(min-width: 80px)\"\/><img alt=\"Santiago Bausili explic\u00f3 recientemente que para eliminar el cepo es necesario alcanzar un equilibrio monetario. \u201cEstamos muy cerca de lograrlo, pero no necesariamente del equilibrio cambiario (Foto: Shutterstock)\" class=\"global-image\" decoding=\"async\" fetchpriority=\"low\" height=\"667\" loading=\"lazy\" src=\"https:\/\/www.infobae.com\/resizer\/v2\/2PYIXUTXWJAP7HEIYF6BRVY5X4.jpg?auth=30e17f6371e891bba722a9482d46f13d25d16e57c426286cbf50e48e90619f94&amp;smart=true&amp;width=350&amp;height=233&amp;quality=85\" width=\"1000\"\/><\/picture><figcaption class=\"article-figcaption-img\">Santiago Bausili explic\u00f3 recientemente que para eliminar el cepo es necesario alcanzar un equilibrio monetario. \u201cEstamos muy cerca de lograrlo, pero no necesariamente del equilibrio cambiario (Foto: Shutterstock)<\/figcaption><\/div>\n<p class=\"paragraph\">Economistas de la consultora Abeceb estimaron que, \u201cestabilizar el tipo de cambio real y la deuda p\u00fablica en d\u00f3lares facilitar\u00e1 una apertura econ\u00f3mica y salir del cepo\u201d.<\/p>\n<p class=\"paragraph\">Por su parte, Econviews, destac\u00f3 que \u201cuna de las razones por las que el Central no saca el cepo es por temor a la volatilidad. En teor\u00eda, es correcto pensar que un esquema de flotaci\u00f3n libre no necesita reservas, pero en la pr\u00e1ctica, ser\u00e1 crucial contar con un cierto poder de intervenci\u00f3n para evitar movimientos bruscos\u201d.<\/p>\n<p class=\"paragraph\">Milei tambi\u00e9n vincul\u00f3 el levantamiento del cepo a la evoluci\u00f3n de la inflaci\u00f3n. Seg\u00fan explic\u00f3 el Peresidente: \u201cAl alcanzar un IPC mensual del 2,5%, el cepo podr\u00eda eliminarse. El crawling peg est\u00e1 en 2% m\u00e1s la inflaci\u00f3n internacional, lo que implica una inflaci\u00f3n inducida del 2,5%. Si llego a ese nivel, toda la inflaci\u00f3n ser\u00e1 inducida, lo que me permitir\u00e1 levantar las restricciones\u201d.<\/p>\n<p class=\"paragraph\">Una de las propuestas m\u00e1s ambiciosas y controvertidas de Javier Milei, enfrenta importantes obst\u00e1culos. La falta de reservas suficientes en el Banco Central y el rechazo de sectores pol\u00edticos han pospuesto su implementaci\u00f3n. Aunque se avanz\u00f3 en la desregulaci\u00f3n cambiaria, el peso sigue siendo la moneda de curso legal.<\/p>\n<p class=\"paragraph\">Milei argument\u00f3 en una entrevista que la remonetizaci\u00f3n de la econom\u00eda se est\u00e1 dando a trav\u00e9s de mayor circulaci\u00f3n de d\u00f3lares. Seg\u00fan el Presidente, la base monetaria amplia -que incluye el dinero en circulaci\u00f3n y los encajes bancarios, m\u00e1s lo que eran los pasivos remunerados- permanece estable desde mediados de 2024, y cualquier aumento de liquidez depender\u00e1 del ingreso de d\u00f3lares.<\/p>\n<div class=\" visual__image\"><picture><source srcset=\"https:\/\/www.infobae.com\/resizer\/v2\/OMRP5A3VNJK5DXNNJHKCD73CFQ.jpg?auth=4eca1c0d69605101d78708b8f63b23b016d48737263c432730e962ecf1c88172&amp;smart=true&amp;width=992&amp;height=661&amp;quality=85\" media=\"(min-width: 1000px)\"\/><source srcset=\"https:\/\/www.infobae.com\/resizer\/v2\/OMRP5A3VNJK5DXNNJHKCD73CFQ.jpg?auth=4eca1c0d69605101d78708b8f63b23b016d48737263c432730e962ecf1c88172&amp;smart=true&amp;width=768&amp;height=512&amp;quality=85\" media=\"(min-width: 768px)\"\/><source srcset=\"https:\/\/www.infobae.com\/resizer\/v2\/OMRP5A3VNJK5DXNNJHKCD73CFQ.jpg?auth=4eca1c0d69605101d78708b8f63b23b016d48737263c432730e962ecf1c88172&amp;smart=true&amp;width=577&amp;height=385&amp;quality=85\" media=\"(min-width: 580px)\"\/><source srcset=\"https:\/\/www.infobae.com\/resizer\/v2\/OMRP5A3VNJK5DXNNJHKCD73CFQ.jpg?auth=4eca1c0d69605101d78708b8f63b23b016d48737263c432730e962ecf1c88172&amp;smart=true&amp;width=420&amp;height=280&amp;quality=85\" media=\"(min-width: 350px)\"\/><source srcset=\"https:\/\/www.infobae.com\/resizer\/v2\/OMRP5A3VNJK5DXNNJHKCD73CFQ.jpg?auth=4eca1c0d69605101d78708b8f63b23b016d48737263c432730e962ecf1c88172&amp;smart=true&amp;width=350&amp;height=233&amp;quality=85\" media=\"(min-width: 80px)\"\/><img alt=\"Economistas advierten que el levantamiento del cepo depender\u00e1 de la estabilizaci\u00f3n del mercado monetario y cambiario (Foto: Reuters)\" class=\"global-image\" decoding=\"async\" fetchpriority=\"low\" height=\"527\" loading=\"lazy\" src=\"https:\/\/www.infobae.com\/resizer\/v2\/OMRP5A3VNJK5DXNNJHKCD73CFQ.jpg?auth=4eca1c0d69605101d78708b8f63b23b016d48737263c432730e962ecf1c88172&amp;smart=true&amp;width=350&amp;height=233&amp;quality=85\" width=\"800\"\/><\/picture><figcaption class=\"article-figcaption-img\">Economistas advierten que el levantamiento del cepo depender\u00e1 de la estabilizaci\u00f3n del mercado monetario y cambiario (Foto: Reuters)<\/figcaption><\/div>\n<p class=\"paragraph\">\u201cVamos a terminar con el c\u00e1ncer de la inflaci\u00f3n\u201d, hab\u00eda dicho Milei en plena campa\u00f1a, durante el debate presidencial. Un a\u00f1o m\u00e1s tarde y luego de haber tenido un pico inflacionario en los primeros meses de gesti\u00f3n, la promesa parece estar en buen camino. Efectivamente se ha notado una desaceleraci\u00f3n en los \u00faltimos meses.<\/p>\n<p class=\"paragraph\">Esta tendencia alent\u00f3 una mejora en las proyecciones econ\u00f3micas. A principios de 2024, el Relevamiento de Expectativas de Mercado (REM) del Banco Central estimaba una suba del IPC anual de 227%. En noviembre, la previsi\u00f3n se ajust\u00f3 a 120%. Para 2025, los analistas proyectan una inflaci\u00f3n del 31,4%, un nivel muy inferior al de a\u00f1os recientes.<\/p>\n<\/div>\n<p><script defer=\"\">!function(f,b,e,v,n,t,s) {if(f.fbq)return;n=f.fbq=function(){n.callMethod? n.callMethod.apply(n,arguments):n.queue.push(arguments)}; if(!f._fbq)f._fbq=n;n.push=n;n.loaded=!0;n.version='2.0'; n.queue=[];t=b.createElement(e);t.async=!0; t.src=v;s=b.getElementsByTagName(e)[0]; s.parentNode.insertBefore(t,s)}(window, document,'script', ' fbq('init', '336383993555320'); fbq('track', 'PageView'); fbq('track', 'ViewContent');<\/script><script src=\"https:\/\/connect.facebook.net\/en_US\/sdk.js\" crossorigin=\"anonymous\" defer=\"\"><\/script><\/p>\n","protected":false},"excerpt":{"rendered":"<p>El presidente Milei asegur\u00f3 que la inflaci\u00f3n seguir\u00e1 bajando (Foto: Reuters) La llegada de Javier Milei a la presidencia de Argentina marc\u00f3 un antes y un despu\u00e9s para el rumbo econ\u00f3mico del pa\u00eds. Con un discurso orientado a una dr\u00e1stica reducci\u00f3n del gasto p\u00fablico, la dolarizaci\u00f3n de la econom\u00eda y apertura al mercado internacional, su [&hellip;]<\/p>\n","protected":false},"author":2,"featured_media":27428,"comment_status":"","ping_status":"","sticky":false,"template":"","format":"standard","meta":{"footnotes":""},"categories":[2],"tags":[],"_links":{"self":[{"href":"https:\/\/maxradio923.com.ar\/index.php\/wp-json\/wp\/v2\/posts\/27427"}],"collection":[{"href":"https:\/\/maxradio923.com.ar\/index.php\/wp-json\/wp\/v2\/posts"}],"about":[{"href":"https:\/\/maxradio923.com.ar\/index.php\/wp-json\/wp\/v2\/types\/post"}],"author":[{"embeddable":true,"href":"https:\/\/maxradio923.com.ar\/index.php\/wp-json\/wp\/v2\/users\/2"}],"replies":[{"embeddable":true,"href":"https:\/\/maxradio923.com.ar\/index.php\/wp-json\/wp\/v2\/comments?post=27427"}],"version-history":[{"count":0,"href":"https:\/\/maxradio923.com.ar\/index.php\/wp-json\/wp\/v2\/posts\/27427\/revisions"}],"wp:featuredmedia":[{"embeddable":true,"href":"https:\/\/maxradio923.com.ar\/index.php\/wp-json\/wp\/v2\/media\/27428"}],"wp:attachment":[{"href":"https:\/\/maxradio923.com.ar\/index.php\/wp-json\/wp\/v2\/media?parent=27427"}],"wp:term":[{"taxonomy":"category","embeddable":true,"href":"https:\/\/maxradio923.com.ar\/index.php\/wp-json\/wp\/v2\/categories?post=27427"},{"taxonomy":"post_tag","embeddable":true,"href":"https:\/\/maxradio923.com.ar\/index.php\/wp-json\/wp\/v2\/tags?post=27427"}],"curies":[{"name":"wp","href":"https:\/\/api.w.org\/{rel}","templated":true}]}}