{"id":27421,"date":"2024-11-30T06:50:02","date_gmt":"2024-11-30T09:50:02","guid":{"rendered":"https:\/\/maxradio923.com.ar\/index.php\/2024\/11\/30\/el-primer-ministro-de-canada-se-reunio-con-donald-trump-en-mar-a-lago-tras-las-promesas-de-tarifas-contra-los-productos-canadienses\/"},"modified":"2024-11-30T06:50:02","modified_gmt":"2024-11-30T09:50:02","slug":"el-primer-ministro-de-canada-se-reunio-con-donald-trump-en-mar-a-lago-tras-las-promesas-de-tarifas-contra-los-productos-canadienses","status":"publish","type":"post","link":"https:\/\/maxradio923.com.ar\/index.php\/2024\/11\/30\/el-primer-ministro-de-canada-se-reunio-con-donald-trump-en-mar-a-lago-tras-las-promesas-de-tarifas-contra-los-productos-canadienses\/","title":{"rendered":"El primer ministro de Canad\u00e1 se reuni\u00f3 con Donald Trump en Mar-a-Lago tras las promesas de tarifas contra los productos canadienses"},"content":{"rendered":"<p><\/p>\n<div>\n<div class=\" visual__image\"><picture><source srcset=\"https:\/\/www.infobae.com\/resizer\/v2\/PVAG62WIXRDRLZDUFIQJU4WRVE.jpg?auth=77612f6cecb47c21b6229545f8415f1b308f5df327b8dfbbfe9f2ff42d9ed936&amp;smart=true&amp;width=992&amp;height=661&amp;quality=85\" media=\"(min-width: 1000px)\"\/><source srcset=\"https:\/\/www.infobae.com\/resizer\/v2\/PVAG62WIXRDRLZDUFIQJU4WRVE.jpg?auth=77612f6cecb47c21b6229545f8415f1b308f5df327b8dfbbfe9f2ff42d9ed936&amp;smart=true&amp;width=768&amp;height=512&amp;quality=85\" media=\"(min-width: 768px)\"\/><source srcset=\"https:\/\/www.infobae.com\/resizer\/v2\/PVAG62WIXRDRLZDUFIQJU4WRVE.jpg?auth=77612f6cecb47c21b6229545f8415f1b308f5df327b8dfbbfe9f2ff42d9ed936&amp;smart=true&amp;width=577&amp;height=385&amp;quality=85\" media=\"(min-width: 580px)\"\/><source srcset=\"https:\/\/www.infobae.com\/resizer\/v2\/PVAG62WIXRDRLZDUFIQJU4WRVE.jpg?auth=77612f6cecb47c21b6229545f8415f1b308f5df327b8dfbbfe9f2ff42d9ed936&amp;smart=true&amp;width=420&amp;height=280&amp;quality=85\" media=\"(min-width: 350px)\"\/><source srcset=\"https:\/\/www.infobae.com\/resizer\/v2\/PVAG62WIXRDRLZDUFIQJU4WRVE.jpg?auth=77612f6cecb47c21b6229545f8415f1b308f5df327b8dfbbfe9f2ff42d9ed936&amp;smart=true&amp;width=350&amp;height=233&amp;quality=85\" media=\"(min-width: 80px)\"\/><img alt=\"El primer ministro canadiense, Justin Trudeau, se reuni\u00f3 con Donald Trump en Florida para abordar las amenazas de aranceles contra productos canadienses (AP\/Alex Brandon\/ARCHIVO)\" class=\"global-image\" decoding=\"async\" fetchpriority=\"high\" height=\"2254\" loading=\"eager\" src=\"https:\/\/www.infobae.com\/resizer\/v2\/PVAG62WIXRDRLZDUFIQJU4WRVE.jpg?auth=77612f6cecb47c21b6229545f8415f1b308f5df327b8dfbbfe9f2ff42d9ed936&amp;smart=true&amp;width=350&amp;height=233&amp;quality=85\" width=\"3381\"\/><\/picture><figcaption class=\"article-figcaption-img\">El primer ministro canadiense, Justin Trudeau, se reuni\u00f3 con Donald Trump en Florida para abordar las amenazas de aranceles contra productos canadienses (AP\/Alex Brandon\/ARCHIVO)<\/figcaption><\/div>\n<p class=\"paragraph\">El primer ministro de Canad\u00e1, <b>Justin Trudeau, se reuni\u00f3 este viernes con el presidente electo de Estados Unidos, Donald Trump, en una cena en el club Mar-a-Lago, en Florida<\/b>.<\/p>\n<p class=\"paragraph\">El encuentro tuvo lugar d\u00edas despu\u00e9s de que Trump amenazara con imponer un <b>arancel del 25%<\/b> <b>a todos los productos provenientes de Canad\u00e1<\/b> y M\u00e9xico, vinculando la medida al supuesto flujo de <b>drogas y migrantes por las fronteras norte y sur <\/b>de Estados Unidos.<\/p>\n<p class=\"paragraph\">La cena, que dur\u00f3 tres horas, incluy\u00f3 una amplia discusi\u00f3n sobre temas como<b> comercio, seguridad fronteriza, crisis del fentanilo, defensa, Ucrania, China, los planes para la pr\u00f3xima cumbre del G7 en Canad\u00e1 y la construcci\u00f3n de oleoductos<\/b>.<\/p>\n<p class=\"paragraph\">Seg\u00fan una fuente cercana a las conversaciones que habl\u00f3 bajo anonimato con la agencia<i> The Associated Press<\/i>, el encuentro fue descrito como <b>\u201cpositivo y de amplio alcance\u201d<\/b>.<\/p>\n<p class=\"paragraph\">Adem\u00e1s de Trump y Trudeau, estuvieron presentes figuras clave de ambas administraciones. Entre ellos se encontraban el ministro de Seguridad P\u00fablica de Canad\u00e1, <b>Dominic LeBlanc<\/b>, cuya responsabilidad incluye la seguridad fronteriza, y la jefa de gabinete de Trudeau, <b>Katie Telford<\/b>.<\/p>\n<p class=\"paragraph\">Por parte estadounidense, participaron el senador por Pensilvania, <b>David McCormick<\/b>, su esposa y ex asesora de seguridad nacional <b>Dina Powell<\/b>, y varias figuras designadas por Trump para su gabinete, como <b>Howard Lutnick<\/b> (secretario de Comercio) y <b>Doug Burgum<\/b> (Interior).<\/p>\n<p class=\"paragraph\">Antes del encuentro, <b>Trudeau declar\u00f3 que su prioridad ser\u00eda resolver las tensiones comerciales a trav\u00e9s del di\u00e1logo<\/b>. \u201cVamos a trabajar juntos para atender algunas de las preocupaciones, pero ser\u00e1 mediante muchas conversaciones reales y constructivas con el presidente Trump como lograremos avanzar por el camino correcto para todos los canadienses\u201d, dijo Trudeau a periodistas en <b>Prince Edward Island<\/b>, Canad\u00e1.<\/p>\n<div class=\" visual__image\"><picture><source srcset=\"https:\/\/www.infobae.com\/resizer\/v2\/I5SE5EEDPQQ74R6J3VPM7MGMWQ.jpg?auth=0352a52cd4cb215f7890e569d5fcb77bc7a0726b5ee339a3f17700603fefd532&amp;smart=true&amp;width=992&amp;height=661&amp;quality=85\" media=\"(min-width: 1000px)\"\/><source srcset=\"https:\/\/www.infobae.com\/resizer\/v2\/I5SE5EEDPQQ74R6J3VPM7MGMWQ.jpg?auth=0352a52cd4cb215f7890e569d5fcb77bc7a0726b5ee339a3f17700603fefd532&amp;smart=true&amp;width=768&amp;height=512&amp;quality=85\" media=\"(min-width: 768px)\"\/><source srcset=\"https:\/\/www.infobae.com\/resizer\/v2\/I5SE5EEDPQQ74R6J3VPM7MGMWQ.jpg?auth=0352a52cd4cb215f7890e569d5fcb77bc7a0726b5ee339a3f17700603fefd532&amp;smart=true&amp;width=577&amp;height=385&amp;quality=85\" media=\"(min-width: 580px)\"\/><source srcset=\"https:\/\/www.infobae.com\/resizer\/v2\/I5SE5EEDPQQ74R6J3VPM7MGMWQ.jpg?auth=0352a52cd4cb215f7890e569d5fcb77bc7a0726b5ee339a3f17700603fefd532&amp;smart=true&amp;width=420&amp;height=280&amp;quality=85\" media=\"(min-width: 350px)\"\/><source srcset=\"https:\/\/www.infobae.com\/resizer\/v2\/I5SE5EEDPQQ74R6J3VPM7MGMWQ.jpg?auth=0352a52cd4cb215f7890e569d5fcb77bc7a0726b5ee339a3f17700603fefd532&amp;smart=true&amp;width=350&amp;height=233&amp;quality=85\" media=\"(min-width: 80px)\"\/><img alt=\"Canad\u00e1 teme que las tarifas de Trump puedan afectar sectores clave como el petr\u00f3leo, acero y agricultura, vitales para su relaci\u00f3n comercial con EEUU (REUTERS\/Patrick Doyle\/ARCHIVO)\" class=\"global-image\" decoding=\"async\" fetchpriority=\"low\" height=\"3682\" loading=\"lazy\" src=\"https:\/\/www.infobae.com\/resizer\/v2\/I5SE5EEDPQQ74R6J3VPM7MGMWQ.jpg?auth=0352a52cd4cb215f7890e569d5fcb77bc7a0726b5ee339a3f17700603fefd532&amp;smart=true&amp;width=350&amp;height=233&amp;quality=85\" width=\"5500\"\/><\/picture><figcaption class=\"article-figcaption-img\">Canad\u00e1 teme que las tarifas de Trump puedan afectar sectores clave como el petr\u00f3leo, acero y agricultura, vitales para su relaci\u00f3n comercial con EEUU (REUTERS\/Patrick Doyle\/ARCHIVO)<\/figcaption><\/div>\n<p class=\"paragraph\">Trump justific\u00f3 su amenaza de tarifas como una medida para detener lo que llam\u00f3 un flujo descontrolado de migrantes y drogas a trav\u00e9s de las fronteras. Sin embargo, los datos de la <b>Patrulla Fronteriza de EEUU<\/b> revelan que las cifras en la frontera con Canad\u00e1 son significativamente m\u00e1s bajas que las de la frontera sur.<\/p>\n<p class=\"paragraph\">En octubre de 2023, hubo <b>56,530 arrestos<\/b> en la frontera con M\u00e9xico, mientras que en la frontera con Canad\u00e1 se registraron <b>23,721 arrestos<\/b> en un per\u00edodo de 12 meses.<\/p>\n<p class=\"paragraph\">Adem\u00e1s, Trump mencion\u00f3 el tr\u00e1fico de <b>fentanilo<\/b>, pero las cifras muestran una gran disparidad: durante el \u00faltimo a\u00f1o fiscal, los agentes aduaneros estadounidenses incautaron <b>43 libras<\/b> de fentanilo en la frontera con Canad\u00e1, comparado con las <b>21,100 libras<\/b> confiscadas en la frontera con M\u00e9xico.<\/p>\n<p class=\"paragraph\">Las amenazas de tarifas de Trump podr\u00edan poner en peligro el <b>Tratado entre M\u00e9xico, Estados Unidos y Canad\u00e1 (T-MEC)<\/b>, renegociado durante su primer mandato.<\/p>\n<p class=\"paragraph\">Trudeau record\u00f3 que ese acuerdo fue un logro mutuo que benefici\u00f3 a ambas econom\u00edas. <b>\u201cPodemos trabajar juntos como lo hicimos anteriormente\u201d<\/b>, asegur\u00f3.<\/p>\n<p class=\"paragraph\">Canad\u00e1 es el principal socio comercial de Estados Unidos, siendo el destino de exportaci\u00f3n m\u00e1s importante para <b>36 estados estadounidenses<\/b>. Cada d\u00eda, bienes y servicios por un valor de <b>$2.7 mil millones de d\u00f3lares estadounidenses<\/b> cruzan la frontera entre ambos pa\u00edses.<\/p>\n<div class=\" visual__image\"><picture><source srcset=\"https:\/\/www.infobae.com\/resizer\/v2\/KVHU5H6EANB2HBMAABSHTABXTE.jpg?auth=d4ed99d64a23626039f8bfd4c835f7ad6f5467445d2243590b4bde35f1227c21&amp;smart=true&amp;width=992&amp;height=661&amp;quality=85\" media=\"(min-width: 1000px)\"\/><source srcset=\"https:\/\/www.infobae.com\/resizer\/v2\/KVHU5H6EANB2HBMAABSHTABXTE.jpg?auth=d4ed99d64a23626039f8bfd4c835f7ad6f5467445d2243590b4bde35f1227c21&amp;smart=true&amp;width=768&amp;height=512&amp;quality=85\" media=\"(min-width: 768px)\"\/><source srcset=\"https:\/\/www.infobae.com\/resizer\/v2\/KVHU5H6EANB2HBMAABSHTABXTE.jpg?auth=d4ed99d64a23626039f8bfd4c835f7ad6f5467445d2243590b4bde35f1227c21&amp;smart=true&amp;width=577&amp;height=385&amp;quality=85\" media=\"(min-width: 580px)\"\/><source srcset=\"https:\/\/www.infobae.com\/resizer\/v2\/KVHU5H6EANB2HBMAABSHTABXTE.jpg?auth=d4ed99d64a23626039f8bfd4c835f7ad6f5467445d2243590b4bde35f1227c21&amp;smart=true&amp;width=420&amp;height=280&amp;quality=85\" media=\"(min-width: 350px)\"\/><source srcset=\"https:\/\/www.infobae.com\/resizer\/v2\/KVHU5H6EANB2HBMAABSHTABXTE.jpg?auth=d4ed99d64a23626039f8bfd4c835f7ad6f5467445d2243590b4bde35f1227c21&amp;smart=true&amp;width=350&amp;height=233&amp;quality=85\" media=\"(min-width: 80px)\"\/><img alt=\"El intercambio comercial entre Canad\u00e1 y EE. UU. alcanza $2.7 mil millones diarios, una relaci\u00f3n clave para ambos pa\u00edses (REUTERS\/Carlos Barria\/ARCHIVO)\" class=\"global-image\" decoding=\"async\" fetchpriority=\"low\" height=\"1909\" loading=\"lazy\" src=\"https:\/\/www.infobae.com\/resizer\/v2\/KVHU5H6EANB2HBMAABSHTABXTE.jpg?auth=d4ed99d64a23626039f8bfd4c835f7ad6f5467445d2243590b4bde35f1227c21&amp;smart=true&amp;width=350&amp;height=233&amp;quality=85\" width=\"2726\"\/><\/picture><figcaption class=\"article-figcaption-img\">El intercambio comercial entre Canad\u00e1 y EE. UU. alcanza $2.7 mil millones diarios, una relaci\u00f3n clave para ambos pa\u00edses (REUTERS\/Carlos Barria\/ARCHIVO)<\/figcaption><\/div>\n<p class=\"paragraph\"><b>Canad\u00e1 tambi\u00e9n es el mayor proveedor extranjero de petr\u00f3leo crudo<\/b>, electricidad, acero y aluminio para Estados Unidos, as\u00ed como de minerales estrat\u00e9gicos que el Pent\u00e1gono considera cruciales para la seguridad nacional.<\/p>\n<p class=\"paragraph\">Ante el riesgo de nuevas tarifas, <b>Canad\u00e1 ya est\u00e1 evaluando opciones de represalia<\/b>. Seg\u00fan un funcionario canadiense que habl\u00f3 con la agencia<i> The Associated Press<\/i>, el gobierno est\u00e1 considerando posibles aranceles contra productos estadounidenses, aunque no se han tomado decisiones concretas.<\/p>\n<p class=\"paragraph\">Este enfoque refleja la estrategia adoptada en 2018, cuando Canad\u00e1 impuso <b>miles de millones de d\u00f3lares en aranceles en respuesta a las medidas de Trump<\/b> contra el acero y aluminio canadienses.<\/p>\n<p class=\"paragraph\">A pesar de los desaf\u00edos, la relaci\u00f3n comercial entre Canad\u00e1 y Estados Unidos sigue siendo una de las m\u00e1s estrechas del mundo. Canad\u00e1 env\u00eda <b>77% de sus exportaciones<\/b> a Estados Unidos, destacando su dependencia econ\u00f3mica del mercado estadounidense. Sin embargo, las amenazas de Trump subrayan el riesgo que corre esta relaci\u00f3n en el contexto de tensiones pol\u00edticas y comerciales.<\/p>\n<p class=\"paragraph\"><i>(Con informaci\u00f3n de Associated Press)<\/i><\/p>\n<\/div>\n<p><script defer=\"\">!function(f,b,e,v,n,t,s) {if(f.fbq)return;n=f.fbq=function(){n.callMethod? n.callMethod.apply(n,arguments):n.queue.push(arguments)}; if(!f._fbq)f._fbq=n;n.push=n;n.loaded=!0;n.version='2.0'; n.queue=[];t=b.createElement(e);t.async=!0; t.src=v;s=b.getElementsByTagName(e)[0]; s.parentNode.insertBefore(t,s)}(window, document,'script', ' fbq('init', '336383993555320'); fbq('track', 'PageView'); fbq('track', 'ViewContent');<\/script><script src=\"https:\/\/connect.facebook.net\/en_US\/sdk.js\" crossorigin=\"anonymous\" defer=\"\"><\/script><\/p>\n","protected":false},"excerpt":{"rendered":"<p>El primer ministro canadiense, Justin Trudeau, se reuni\u00f3 con Donald Trump en Florida para abordar las amenazas de aranceles contra productos canadienses (AP\/Alex Brandon\/ARCHIVO) El primer ministro de Canad\u00e1, Justin Trudeau, se reuni\u00f3 este viernes con el presidente electo de Estados Unidos, Donald Trump, en una cena en el club Mar-a-Lago, en Florida. El encuentro [&hellip;]<\/p>\n","protected":false},"author":2,"featured_media":27422,"comment_status":"","ping_status":"","sticky":false,"template":"","format":"standard","meta":{"footnotes":""},"categories":[3],"tags":[],"_links":{"self":[{"href":"https:\/\/maxradio923.com.ar\/index.php\/wp-json\/wp\/v2\/posts\/27421"}],"collection":[{"href":"https:\/\/maxradio923.com.ar\/index.php\/wp-json\/wp\/v2\/posts"}],"about":[{"href":"https:\/\/maxradio923.com.ar\/index.php\/wp-json\/wp\/v2\/types\/post"}],"author":[{"embeddable":true,"href":"https:\/\/maxradio923.com.ar\/index.php\/wp-json\/wp\/v2\/users\/2"}],"replies":[{"embeddable":true,"href":"https:\/\/maxradio923.com.ar\/index.php\/wp-json\/wp\/v2\/comments?post=27421"}],"version-history":[{"count":0,"href":"https:\/\/maxradio923.com.ar\/index.php\/wp-json\/wp\/v2\/posts\/27421\/revisions"}],"wp:featuredmedia":[{"embeddable":true,"href":"https:\/\/maxradio923.com.ar\/index.php\/wp-json\/wp\/v2\/media\/27422"}],"wp:attachment":[{"href":"https:\/\/maxradio923.com.ar\/index.php\/wp-json\/wp\/v2\/media?parent=27421"}],"wp:term":[{"taxonomy":"category","embeddable":true,"href":"https:\/\/maxradio923.com.ar\/index.php\/wp-json\/wp\/v2\/categories?post=27421"},{"taxonomy":"post_tag","embeddable":true,"href":"https:\/\/maxradio923.com.ar\/index.php\/wp-json\/wp\/v2\/tags?post=27421"}],"curies":[{"name":"wp","href":"https:\/\/api.w.org\/{rel}","templated":true}]}}