{"id":27417,"date":"2024-11-30T05:40:02","date_gmt":"2024-11-30T08:40:02","guid":{"rendered":"https:\/\/maxradio923.com.ar\/index.php\/2024\/11\/30\/el-dia-que-una-tormenta-electrica-en-australia-mato-a-10-personas-de-asma-y-miles-debieron-ser-hospitalizadas\/"},"modified":"2024-11-30T05:40:02","modified_gmt":"2024-11-30T08:40:02","slug":"el-dia-que-una-tormenta-electrica-en-australia-mato-a-10-personas-de-asma-y-miles-debieron-ser-hospitalizadas","status":"publish","type":"post","link":"https:\/\/maxradio923.com.ar\/index.php\/2024\/11\/30\/el-dia-que-una-tormenta-electrica-en-australia-mato-a-10-personas-de-asma-y-miles-debieron-ser-hospitalizadas\/","title":{"rendered":"El d\u00eda que una tormenta el\u00e9ctrica en Australia mat\u00f3 a 10 personas de asma y miles debieron ser hospitalizadas"},"content":{"rendered":"<p><\/p>\n<div>\n<div class=\" visual__image\"><picture><source srcset=\"https:\/\/www.infobae.com\/resizer\/v2\/D64NKJLWHNBMFDNAESMQCYZ4PU.png?auth=5533a47269b8978e44f79823845ae7ccc3a9b37d6ebe1c7f68495c1ab95ae6bb&amp;smart=true&amp;width=992&amp;height=558&amp;quality=85\" media=\"(min-width: 1000px)\"\/><source srcset=\"https:\/\/www.infobae.com\/resizer\/v2\/D64NKJLWHNBMFDNAESMQCYZ4PU.png?auth=5533a47269b8978e44f79823845ae7ccc3a9b37d6ebe1c7f68495c1ab95ae6bb&amp;smart=true&amp;width=768&amp;height=432&amp;quality=85\" media=\"(min-width: 768px)\"\/><source srcset=\"https:\/\/www.infobae.com\/resizer\/v2\/D64NKJLWHNBMFDNAESMQCYZ4PU.png?auth=5533a47269b8978e44f79823845ae7ccc3a9b37d6ebe1c7f68495c1ab95ae6bb&amp;smart=true&amp;width=577&amp;height=325&amp;quality=85\" media=\"(min-width: 580px)\"\/><source srcset=\"https:\/\/www.infobae.com\/resizer\/v2\/D64NKJLWHNBMFDNAESMQCYZ4PU.png?auth=5533a47269b8978e44f79823845ae7ccc3a9b37d6ebe1c7f68495c1ab95ae6bb&amp;smart=true&amp;width=420&amp;height=236&amp;quality=85\" media=\"(min-width: 350px)\"\/><source srcset=\"https:\/\/www.infobae.com\/resizer\/v2\/D64NKJLWHNBMFDNAESMQCYZ4PU.png?auth=5533a47269b8978e44f79823845ae7ccc3a9b37d6ebe1c7f68495c1ab95ae6bb&amp;smart=true&amp;width=350&amp;height=197&amp;quality=85\" media=\"(min-width: 80px)\"\/><img alt=\"La tormenta de 2016 en Melbourne fue m\u00e1s que una simple r\u00e1faga de viento y lluvia (Imagen Ilustrativa Infobae)\" class=\"global-image\" decoding=\"async\" fetchpriority=\"high\" height=\"816\" loading=\"eager\" src=\"https:\/\/www.infobae.com\/resizer\/v2\/D64NKJLWHNBMFDNAESMQCYZ4PU.png?auth=5533a47269b8978e44f79823845ae7ccc3a9b37d6ebe1c7f68495c1ab95ae6bb&amp;smart=true&amp;width=350&amp;height=197&amp;quality=85\" width=\"1456\"\/><\/picture><figcaption class=\"article-figcaption-img\">La tormenta de 2016 en Melbourne fue m\u00e1s que una simple r\u00e1faga de viento y lluvia (Imagen Ilustrativa Infobae)<\/figcaption><\/div>\n<p class=\"paragraph\">La tormenta que azot\u00f3 <b>Melbourne<\/b> en 2016 fue un fen\u00f3meno meteorol\u00f3gico y un evento sanitario inesperado que dej\u00f3 una huella profunda en la ciudad australiana. La crisis de salud p\u00fablica que se desat\u00f3, conocida como <b>asma por tormenta<\/b>, se convirti\u00f3 en una alerta global sobre los efectos de fen\u00f3menos clim\u00e1ticos extremos en las personas con problemas respiratorios. La tormenta trajo lluvias intensas y vientos fuertes, adem\u00e1s de arrastrar consigo millones de granos de polen, que, al fragmentarse, se dispersaron en el aire y desencadenaron una ola de crisis asm\u00e1ticas sin precedentes.<\/p>\n<p class=\"paragraph\">En el caso de Melbourne, la tormenta de noviembre de 2016 desat\u00f3 un fen\u00f3meno que se hab\u00eda observado espor\u00e1dicamente en otras partes del mundo: <b>asma por tormenta<\/b>. Este evento, que ocurre cuando las tormentas intensas dispersan granos de polen a la atm\u00f3sfera, provoca una reacci\u00f3n respiratoria en personas susceptibles, incluso aquellas sin antecedentes asm\u00e1ticos. Este tipo de asma es diferente de los episodios asm\u00e1ticos comunes, ya que su aparici\u00f3n est\u00e1 directamente vinculada a factores meteorol\u00f3gicos y atmosf\u00e9ricos, como la tormenta, y no necesariamente a la exposici\u00f3n prolongada a al\u00e9rgenos.<\/p>\n<p class=\"paragraph\">Seg\u00fan relat\u00f3 un informe de <i>60 minutes Australia<\/i>, el d\u00eda de la tormenta, miles de personas en Melbourne experimentaron s\u00edntomas graves de asma, como dificultad para respirar, tos y sibilancias, provocando una sobrecarga en los hospitales locales. En solo unas pocas horas, se registraron <b>m\u00e1s de 8.500 visitas a urgencias<\/b> y <b>necesitaron atenci\u00f3n m\u00e1s de 2.000 personas<\/b>, muchas de ellas hospitalizadas de emergencia.<\/p>\n<div class=\" visual__image\"><picture><source srcset=\"https:\/\/www.infobae.com\/resizer\/v2\/FC3GMSYBTVAX3N5YGYW4SGQC5M.jpg?auth=594695b0950da679038a91a9bd312546fc8fed140fb64903447b122c2ae75c2b&amp;smart=true&amp;width=992&amp;height=558&amp;quality=85\" media=\"(min-width: 1000px)\"\/><source srcset=\"https:\/\/www.infobae.com\/resizer\/v2\/FC3GMSYBTVAX3N5YGYW4SGQC5M.jpg?auth=594695b0950da679038a91a9bd312546fc8fed140fb64903447b122c2ae75c2b&amp;smart=true&amp;width=768&amp;height=432&amp;quality=85\" media=\"(min-width: 768px)\"\/><source srcset=\"https:\/\/www.infobae.com\/resizer\/v2\/FC3GMSYBTVAX3N5YGYW4SGQC5M.jpg?auth=594695b0950da679038a91a9bd312546fc8fed140fb64903447b122c2ae75c2b&amp;smart=true&amp;width=577&amp;height=325&amp;quality=85\" media=\"(min-width: 580px)\"\/><source srcset=\"https:\/\/www.infobae.com\/resizer\/v2\/FC3GMSYBTVAX3N5YGYW4SGQC5M.jpg?auth=594695b0950da679038a91a9bd312546fc8fed140fb64903447b122c2ae75c2b&amp;smart=true&amp;width=420&amp;height=236&amp;quality=85\" media=\"(min-width: 350px)\"\/><source srcset=\"https:\/\/www.infobae.com\/resizer\/v2\/FC3GMSYBTVAX3N5YGYW4SGQC5M.jpg?auth=594695b0950da679038a91a9bd312546fc8fed140fb64903447b122c2ae75c2b&amp;smart=true&amp;width=350&amp;height=197&amp;quality=85\" media=\"(min-width: 80px)\"\/><img alt=\"El asma por tormenta se dispar\u00f3 en Melbourne despu\u00e9s de una repentina agitaci\u00f3n atmosf\u00e9rica (REUTERS)\" class=\"global-image\" decoding=\"async\" fetchpriority=\"low\" height=\"1323\" loading=\"lazy\" src=\"https:\/\/www.infobae.com\/resizer\/v2\/FC3GMSYBTVAX3N5YGYW4SGQC5M.jpg?auth=594695b0950da679038a91a9bd312546fc8fed140fb64903447b122c2ae75c2b&amp;smart=true&amp;width=350&amp;height=197&amp;quality=85\" width=\"2551\"\/><\/picture><figcaption class=\"article-figcaption-img\">El asma por tormenta se dispar\u00f3 en Melbourne despu\u00e9s de una repentina agitaci\u00f3n atmosf\u00e9rica (REUTERS)<\/figcaption><\/div>\n<p class=\"paragraph\">La tormenta que provoc\u00f3 esta crisis no fue simplemente una lluvia fuerte. El medio australiano <i>ABC News<\/i> report\u00f3 que fue un evento complejo que combin\u00f3 varios factores meteorol\u00f3gicos adversos. En primer lugar, la tormenta gener\u00f3 vientos intensos que dispersaron los <b>granos de polen<\/b> de plantas locales como las <b>gram\u00edneas y las especies arb\u00f3reas<\/b> en un \u00e1rea mucho m\u00e1s extensa de lo habitual.<\/p>\n<p class=\"paragraph\">Cuando el aire caliente y h\u00famedo fue reemplazado por el aire fr\u00edo de la tormenta, se cre\u00f3 un <b>cambio abrupto en la presi\u00f3n atmosf\u00e9rica<\/b>. Esto, combinado con la humedad, hizo que los granos de polen se fragmentaran en part\u00edculas a\u00fan m\u00e1s peque\u00f1as, las cuales son mucho m\u00e1s <b>nocivas para los pulmones<\/b> al ser inhaladas. Adem\u00e1s, la lluvia que acompa\u00f1\u00f3 a la tormenta no solo provoc\u00f3 la ca\u00edda de polen en las calles y edificios, sino que tambi\u00e9n <b>liber\u00f3 compuestos qu\u00edmicos de las plantas<\/b>, incrementando la intensidad del al\u00e9rgeno.<\/p>\n<p class=\"paragraph\">Seg\u00fan el sitio especializado <i>phys.org<\/i>, el polen fragmentado que alcanz\u00f3 la atm\u00f3sfera durante la tormenta conten\u00eda <b>micro part\u00edculas<\/b> que, al ser inhaladas, causaron inflamaci\u00f3n de las v\u00edas respiratorias. Este fen\u00f3meno se conoce como una <b>respuesta al\u00e9rgica inmediata<\/b> que, en el caso de la asma por tormenta, fue particularmente grave debido a la intensidad del evento clim\u00e1tico.<\/p>\n<div class=\" visual__image\"><picture><source srcset=\"https:\/\/www.infobae.com\/resizer\/v2\/E3YHG35BFVAHPISEQ57PB6MJBA.png?auth=3c144d9bdf7614631a99603f4327db389a9e33674c08470d6755f581a038676a&amp;smart=true&amp;width=992&amp;height=661&amp;quality=85\" media=\"(min-width: 1000px)\"\/><source srcset=\"https:\/\/www.infobae.com\/resizer\/v2\/E3YHG35BFVAHPISEQ57PB6MJBA.png?auth=3c144d9bdf7614631a99603f4327db389a9e33674c08470d6755f581a038676a&amp;smart=true&amp;width=768&amp;height=512&amp;quality=85\" media=\"(min-width: 768px)\"\/><source srcset=\"https:\/\/www.infobae.com\/resizer\/v2\/E3YHG35BFVAHPISEQ57PB6MJBA.png?auth=3c144d9bdf7614631a99603f4327db389a9e33674c08470d6755f581a038676a&amp;smart=true&amp;width=577&amp;height=385&amp;quality=85\" media=\"(min-width: 580px)\"\/><source srcset=\"https:\/\/www.infobae.com\/resizer\/v2\/E3YHG35BFVAHPISEQ57PB6MJBA.png?auth=3c144d9bdf7614631a99603f4327db389a9e33674c08470d6755f581a038676a&amp;smart=true&amp;width=420&amp;height=280&amp;quality=85\" media=\"(min-width: 350px)\"\/><source srcset=\"https:\/\/www.infobae.com\/resizer\/v2\/E3YHG35BFVAHPISEQ57PB6MJBA.png?auth=3c144d9bdf7614631a99603f4327db389a9e33674c08470d6755f581a038676a&amp;smart=true&amp;width=350&amp;height=233&amp;quality=85\" media=\"(min-width: 80px)\"\/><img alt=\"El aumento del polen fragmentado intensific\u00f3 los riesgos respiratorios durante la tormenta (dpa)\" class=\"global-image\" decoding=\"async\" fetchpriority=\"low\" height=\"1393\" loading=\"lazy\" src=\"https:\/\/www.infobae.com\/resizer\/v2\/E3YHG35BFVAHPISEQ57PB6MJBA.png?auth=3c144d9bdf7614631a99603f4327db389a9e33674c08470d6755f581a038676a&amp;smart=true&amp;width=350&amp;height=233&amp;quality=85\" width=\"2048\"\/><\/picture><figcaption class=\"article-figcaption-img\">El aumento del polen fragmentado intensific\u00f3 los riesgos respiratorios durante la tormenta (dpa)<\/figcaption><\/div>\n<p class=\"paragraph\">Estas part\u00edculas microsc\u00f3picas son mucho m\u00e1s peque\u00f1as que los granos de polen tradicionales, lo que les permite llegar m\u00e1s profundamente en los pulmones, desencadenando ataques asm\u00e1ticos severos, y en muchos casos, <b>requiriendo hospitalizaci\u00f3n urgente<\/b>.<\/p>\n<p class=\"paragraph\">La tormenta de Melbourne fue un evento meteorol\u00f3gico impactante donde se vio una crisis de la salud p\u00fablica. Los hospitales y centros de salud locales se vieron abrumados por la cantidad de personas que necesitaban atenci\u00f3n urgente. La <b>sobrecarga de los sistemas sanitarios<\/b> fue un desaf\u00edo cr\u00edtico para los servicios de emergencias, que tuvieron que actuar r\u00e1pidamente para tratar a miles de personas afectadas por ataques asm\u00e1ticos.<\/p>\n<p class=\"paragraph\">Seg\u00fan los informes oficiales, los <b>hospitales de Melbourne registraron un incremento del 400%<\/b> en los casos de asma y otras enfermedades respiratorias en las horas posteriores a la tormenta. A medida que el n\u00famero de personas afectadas crec\u00eda, los profesionales de la salud comenzaron a advertir sobre la escasez de recursos, como medicinas y equipos de respiraci\u00f3n. Adem\u00e1s, la alta demanda de atenci\u00f3n para <b>pacientes sin antecedentes asm\u00e1ticos<\/b> complic\u00f3 el diagn\u00f3stico y tratamiento, ya que las personas afectadas por la tormenta no necesariamente respond\u00edan a los tratamientos comunes de asma.<\/p>\n<p class=\"paragraph\">Para enfrentar la crisis, las autoridades locales lanzaron una <b>respuesta r\u00e1pida de emergencia<\/b>. Se emitieron alertas a la poblaci\u00f3n para que permanecieran en interiores y evitaran la exposici\u00f3n al aire libre durante el pico de la tormenta. Tambi\u00e9n se coordin\u00f3 con los centros de salud y farmacias para asegurar el suministro de medicamentos como los inhaladores, que fueron esenciales para el manejo de los casos.<\/p>\n<div class=\" visual__image\"><picture><source srcset=\"https:\/\/www.infobae.com\/resizer\/v2\/FUHNREICLNBNPELD6SNUJ4TS2A.jpg?auth=89b8bc1823967167a64e0047a04ffe2d9976b73b086c97cdb86bd3b224ac9799&amp;smart=true&amp;width=992&amp;height=558&amp;quality=85\" media=\"(min-width: 1000px)\"\/><source srcset=\"https:\/\/www.infobae.com\/resizer\/v2\/FUHNREICLNBNPELD6SNUJ4TS2A.jpg?auth=89b8bc1823967167a64e0047a04ffe2d9976b73b086c97cdb86bd3b224ac9799&amp;smart=true&amp;width=768&amp;height=432&amp;quality=85\" media=\"(min-width: 768px)\"\/><source srcset=\"https:\/\/www.infobae.com\/resizer\/v2\/FUHNREICLNBNPELD6SNUJ4TS2A.jpg?auth=89b8bc1823967167a64e0047a04ffe2d9976b73b086c97cdb86bd3b224ac9799&amp;smart=true&amp;width=577&amp;height=325&amp;quality=85\" media=\"(min-width: 580px)\"\/><source srcset=\"https:\/\/www.infobae.com\/resizer\/v2\/FUHNREICLNBNPELD6SNUJ4TS2A.jpg?auth=89b8bc1823967167a64e0047a04ffe2d9976b73b086c97cdb86bd3b224ac9799&amp;smart=true&amp;width=420&amp;height=236&amp;quality=85\" media=\"(min-width: 350px)\"\/><source srcset=\"https:\/\/www.infobae.com\/resizer\/v2\/FUHNREICLNBNPELD6SNUJ4TS2A.jpg?auth=89b8bc1823967167a64e0047a04ffe2d9976b73b086c97cdb86bd3b224ac9799&amp;smart=true&amp;width=350&amp;height=197&amp;quality=85\" media=\"(min-width: 80px)\"\/><img alt=\"La emergencia hospitalaria puso en cuestionamiento la preparaci\u00f3n para crisis inesperadas (Imagen Ilustrativa Infobae)\" class=\"global-image\" decoding=\"async\" fetchpriority=\"low\" height=\"816\" loading=\"lazy\" src=\"https:\/\/www.infobae.com\/resizer\/v2\/FUHNREICLNBNPELD6SNUJ4TS2A.jpg?auth=89b8bc1823967167a64e0047a04ffe2d9976b73b086c97cdb86bd3b224ac9799&amp;smart=true&amp;width=350&amp;height=197&amp;quality=85\" width=\"1456\"\/><\/picture><figcaption class=\"article-figcaption-img\">La emergencia hospitalaria puso en cuestionamiento la preparaci\u00f3n para crisis inesperadas (Imagen Ilustrativa Infobae)<\/figcaption><\/div>\n<p class=\"paragraph\">Uno de los aspectos m\u00e1s inquietantes sobre la tormenta de es su v\u00ednculo con el cambio clim\u00e1tico. El aumento de la frecuencia y la intensidad de las tormentas se relacion\u00f3 con <b>cambios en los patrones clim\u00e1ticos<\/b> <b>globales<\/b>, especialmente en regiones propensas a tormentas y sequ\u00edas. En el caso de Melbourne, se predice que <b>la incidencia de estos eventos de asma por tormenta<\/b> aumentar\u00e1 debido a la intensificaci\u00f3n de las tormentas y la prolongaci\u00f3n de las temporadas de polen, fen\u00f3menos ya documentados en varias partes del mundo.<\/p>\n<p class=\"paragraph\">El <b>cambio clim\u00e1tico<\/b> podr\u00eda ampliar el n\u00famero de eventos de asma por tormenta en Melbourne y en otras ciudades costeras con climas templados. Las predicciones apuntan a un <b>aumento en la duraci\u00f3n y severidad de las temporadas de polen<\/b>, lo que significa m\u00e1s d\u00edas de riesgo para las personas con problemas respiratorios. Adem\u00e1s, la <b>elevaci\u00f3n de las temperaturas<\/b> podr\u00eda incrementar la producci\u00f3n de polen en las plantas, lo que aumentar\u00eda la carga al\u00e9rgica en el ambiente.<\/p>\n<p class=\"paragraph\">En respuesta al fen\u00f3meno, se est\u00e1n llevando a cabo estudios m\u00e1s exhaustivos sobre c\u00f3mo <b>predecir y mitigar los efectos de las tormentas<\/b> en la salud p\u00fablica. El uso de <b>modelos meteorol\u00f3gicos avanzados<\/b> est\u00e1 ayudando a anticipar estos eventos con mayor precisi\u00f3n. Adem\u00e1s, las pol\u00edticas de salud p\u00fablica est\u00e1n enfocadas en mejorar el acceso a medicamentos preventivos y crear <b>sistemas de alerta temprana<\/b> para reducir los impactos de futuros eventos de asma por tormenta.<\/p>\n<\/div>\n<p><script defer=\"\">!function(f,b,e,v,n,t,s) {if(f.fbq)return;n=f.fbq=function(){n.callMethod? n.callMethod.apply(n,arguments):n.queue.push(arguments)}; if(!f._fbq)f._fbq=n;n.push=n;n.loaded=!0;n.version='2.0'; n.queue=[];t=b.createElement(e);t.async=!0; t.src=v;s=b.getElementsByTagName(e)[0]; s.parentNode.insertBefore(t,s)}(window, document,'script', ' fbq('init', '336383993555320'); fbq('track', 'PageView'); fbq('track', 'ViewContent');<\/script><script src=\"https:\/\/connect.facebook.net\/en_US\/sdk.js\" crossorigin=\"anonymous\" defer=\"\"><\/script><\/p>\n","protected":false},"excerpt":{"rendered":"<p>La tormenta de 2016 en Melbourne fue m\u00e1s que una simple r\u00e1faga de viento y lluvia (Imagen Ilustrativa Infobae) La tormenta que azot\u00f3 Melbourne en 2016 fue un fen\u00f3meno meteorol\u00f3gico y un evento sanitario inesperado que dej\u00f3 una huella profunda en la ciudad australiana. La crisis de salud p\u00fablica que se desat\u00f3, conocida como asma [&hellip;]<\/p>\n","protected":false},"author":2,"featured_media":27418,"comment_status":"","ping_status":"","sticky":false,"template":"","format":"standard","meta":{"footnotes":""},"categories":[3],"tags":[],"_links":{"self":[{"href":"https:\/\/maxradio923.com.ar\/index.php\/wp-json\/wp\/v2\/posts\/27417"}],"collection":[{"href":"https:\/\/maxradio923.com.ar\/index.php\/wp-json\/wp\/v2\/posts"}],"about":[{"href":"https:\/\/maxradio923.com.ar\/index.php\/wp-json\/wp\/v2\/types\/post"}],"author":[{"embeddable":true,"href":"https:\/\/maxradio923.com.ar\/index.php\/wp-json\/wp\/v2\/users\/2"}],"replies":[{"embeddable":true,"href":"https:\/\/maxradio923.com.ar\/index.php\/wp-json\/wp\/v2\/comments?post=27417"}],"version-history":[{"count":0,"href":"https:\/\/maxradio923.com.ar\/index.php\/wp-json\/wp\/v2\/posts\/27417\/revisions"}],"wp:featuredmedia":[{"embeddable":true,"href":"https:\/\/maxradio923.com.ar\/index.php\/wp-json\/wp\/v2\/media\/27418"}],"wp:attachment":[{"href":"https:\/\/maxradio923.com.ar\/index.php\/wp-json\/wp\/v2\/media?parent=27417"}],"wp:term":[{"taxonomy":"category","embeddable":true,"href":"https:\/\/maxradio923.com.ar\/index.php\/wp-json\/wp\/v2\/categories?post=27417"},{"taxonomy":"post_tag","embeddable":true,"href":"https:\/\/maxradio923.com.ar\/index.php\/wp-json\/wp\/v2\/tags?post=27417"}],"curies":[{"name":"wp","href":"https:\/\/api.w.org\/{rel}","templated":true}]}}