{"id":27403,"date":"2024-11-30T00:25:03","date_gmt":"2024-11-30T03:25:03","guid":{"rendered":"https:\/\/maxradio923.com.ar\/index.php\/2024\/11\/30\/en-plena-tension-por-el-presunto-sabotaje-en-el-mar-baltico-lituania-expulso-a-tres-diplomaticos-chinos\/"},"modified":"2024-11-30T00:25:03","modified_gmt":"2024-11-30T03:25:03","slug":"en-plena-tension-por-el-presunto-sabotaje-en-el-mar-baltico-lituania-expulso-a-tres-diplomaticos-chinos","status":"publish","type":"post","link":"https:\/\/maxradio923.com.ar\/index.php\/2024\/11\/30\/en-plena-tension-por-el-presunto-sabotaje-en-el-mar-baltico-lituania-expulso-a-tres-diplomaticos-chinos\/","title":{"rendered":"En plena tensi\u00f3n por el presunto sabotaje en el mar B\u00e1ltico, Lituania expuls\u00f3 a tres diplom\u00e1ticos chinos"},"content":{"rendered":"<p><\/p>\n<div>\n<div class=\" visual__image\"><picture><source srcset=\"https:\/\/www.infobae.com\/resizer\/v2\/G6GWRZES3TFDHA2PODNIRNI3QA.jpg?auth=ae3f51bfdcf1ded8c93f874604f0953cd6eaf026d8078ac6f330ef682d68b15b&amp;smart=true&amp;width=992&amp;height=661&amp;quality=85\" media=\"(min-width: 1000px)\"\/><source srcset=\"https:\/\/www.infobae.com\/resizer\/v2\/G6GWRZES3TFDHA2PODNIRNI3QA.jpg?auth=ae3f51bfdcf1ded8c93f874604f0953cd6eaf026d8078ac6f330ef682d68b15b&amp;smart=true&amp;width=768&amp;height=512&amp;quality=85\" media=\"(min-width: 768px)\"\/><source srcset=\"https:\/\/www.infobae.com\/resizer\/v2\/G6GWRZES3TFDHA2PODNIRNI3QA.jpg?auth=ae3f51bfdcf1ded8c93f874604f0953cd6eaf026d8078ac6f330ef682d68b15b&amp;smart=true&amp;width=577&amp;height=385&amp;quality=85\" media=\"(min-width: 580px)\"\/><source srcset=\"https:\/\/www.infobae.com\/resizer\/v2\/G6GWRZES3TFDHA2PODNIRNI3QA.jpg?auth=ae3f51bfdcf1ded8c93f874604f0953cd6eaf026d8078ac6f330ef682d68b15b&amp;smart=true&amp;width=420&amp;height=280&amp;quality=85\" media=\"(min-width: 350px)\"\/><source srcset=\"https:\/\/www.infobae.com\/resizer\/v2\/G6GWRZES3TFDHA2PODNIRNI3QA.jpg?auth=ae3f51bfdcf1ded8c93f874604f0953cd6eaf026d8078ac6f330ef682d68b15b&amp;smart=true&amp;width=350&amp;height=233&amp;quality=85\" media=\"(min-width: 80px)\"\/><img alt=\"El Ministerio de Exteriores de Lituania ha declarado persona non grata a tres diplom\u00e1ticos de la misi\u00f3n china en el pa\u00eds, por violar la Convenci\u00f3n de Viena, en el contexto de las tensiones provocadas por el corte de dos cables submarinos de fibra \u00f3ptica en el mar B\u00e1ltico. (Lehtikuva\/Heikki Saukkomaa\/via REUTERS)\" class=\"global-image\" decoding=\"async\" fetchpriority=\"high\" height=\"533\" loading=\"eager\" src=\"https:\/\/www.infobae.com\/resizer\/v2\/G6GWRZES3TFDHA2PODNIRNI3QA.jpg?auth=ae3f51bfdcf1ded8c93f874604f0953cd6eaf026d8078ac6f330ef682d68b15b&amp;smart=true&amp;width=350&amp;height=233&amp;quality=85\" width=\"800\"\/><\/picture><figcaption class=\"article-figcaption-img\">El Ministerio de Exteriores de Lituania ha declarado persona non grata a tres diplom\u00e1ticos de la misi\u00f3n china en el pa\u00eds, por violar la Convenci\u00f3n de Viena, en el contexto de las tensiones provocadas por el corte de dos cables submarinos de fibra \u00f3ptica en el mar B\u00e1ltico. (Lehtikuva\/Heikki Saukkomaa\/via REUTERS)<\/figcaption><\/div>\n<p class=\"paragraph\">El<b> Ministerio de Exteriores de Lituania<\/b> ha declarado <b>persona non grata<\/b> a <b>tres diplom\u00e1ticos de la misi\u00f3n china<\/b> en el pa\u00eds, por violar la <b>Convenci\u00f3n de Viena<\/b>, en el contexto de las tensiones provocadas por el corte de dos cables submarinos de telecomunicaciones en el <b>mar B\u00e1ltico<\/b>. Este incidente, que est\u00e1 siendo investigado por las autoridades lituanas, se est\u00e1 tratando como un posible acto de sabotaje que tiene a un buque chino como principal sospechoso.<\/p>\n<p class=\"paragraph\">\u201cTal decisi\u00f3n se ha tomado teniendo en cuenta la informaci\u00f3n proporcionada por las autoridades responsables y la incompatibilidad del estatus y las actividades de los empleados no acreditados con las disposiciones reflejadas en la Convenci\u00f3n de Viena, principios del Derecho Internacional y la ley lituana\u201d, se\u00f1alaron en un comunicado.<\/p>\n<p class=\"paragraph\">Adem\u00e1s, el Ministerio orden\u00f3 que los tres diplom\u00e1ticos<b> abandonen el pa\u00eds \u201ca m\u00e1s tardar en el plazo de una semana\u201d<\/b>, destacando que, a pesar de esta medida, <b>Lituania<\/b> \u201csiempre ha estado y sigue abierta al di\u00e1logo constructivo para resolver las cuestiones bilaterales de mutuo acuerdo\u201d.<\/p>\n<p class=\"paragraph\">Aunque las autoridades lituanas no han ofrecido m\u00e1s detalles sobre la expulsi\u00f3n de los tres diplom\u00e1ticos chinos, la decisi\u00f3n est\u00e1 vinculada al incidente ocurrido en el <b>mar B\u00e1ltico<\/b>, en el que se sospecha que una embarcaci\u00f3n china podr\u00eda haber estado involucrada.<\/p>\n<p class=\"paragraph\">Varios pa\u00edses del <b>B\u00e1ltico<\/b> han expresado su preocupaci\u00f3n por un posible sabotaje; algunos se\u00f1alan que fue orquestado por <b>Rusia<\/b>. <b>Finlandia<\/b> y <b>Suecia<\/b> han iniciado investigaciones sobre el incidente. Seg\u00fan informaciones de diversos medios de comunicaci\u00f3n, se sospecha que el buque chino \u2018Yi Peng 3\u2032 habr\u00eda<b> causado los da\u00f1os de forma intencionada<\/b>, al lanzar su ancla en una maniobra que podr\u00eda haber afectado los cables en el fondo marino.<\/p>\n<div class=\" visual__image\"><picture><source srcset=\"https:\/\/www.infobae.com\/resizer\/v2\/NGN3NO2ZLZDTLXVMCW3FG6PAC4.jpg?auth=e12f35c0c016d4ff247cf12fc2abe9fb9cd7fcb020ac2885f67b5cba9503a824&amp;smart=true&amp;width=992&amp;height=661&amp;quality=85\" media=\"(min-width: 1000px)\"\/><source srcset=\"https:\/\/www.infobae.com\/resizer\/v2\/NGN3NO2ZLZDTLXVMCW3FG6PAC4.jpg?auth=e12f35c0c016d4ff247cf12fc2abe9fb9cd7fcb020ac2885f67b5cba9503a824&amp;smart=true&amp;width=768&amp;height=512&amp;quality=85\" media=\"(min-width: 768px)\"\/><source srcset=\"https:\/\/www.infobae.com\/resizer\/v2\/NGN3NO2ZLZDTLXVMCW3FG6PAC4.jpg?auth=e12f35c0c016d4ff247cf12fc2abe9fb9cd7fcb020ac2885f67b5cba9503a824&amp;smart=true&amp;width=577&amp;height=385&amp;quality=85\" media=\"(min-width: 580px)\"\/><source srcset=\"https:\/\/www.infobae.com\/resizer\/v2\/NGN3NO2ZLZDTLXVMCW3FG6PAC4.jpg?auth=e12f35c0c016d4ff247cf12fc2abe9fb9cd7fcb020ac2885f67b5cba9503a824&amp;smart=true&amp;width=420&amp;height=280&amp;quality=85\" media=\"(min-width: 350px)\"\/><source srcset=\"https:\/\/www.infobae.com\/resizer\/v2\/NGN3NO2ZLZDTLXVMCW3FG6PAC4.jpg?auth=e12f35c0c016d4ff247cf12fc2abe9fb9cd7fcb020ac2885f67b5cba9503a824&amp;smart=true&amp;width=350&amp;height=233&amp;quality=85\" media=\"(min-width: 80px)\"\/><img alt=\"El primer ministro de Lituania, Gintautas Paluckas (REUTERS\/Ints Kalnins)\" class=\"global-image\" decoding=\"async\" fetchpriority=\"low\" height=\"3744\" loading=\"lazy\" src=\"https:\/\/www.infobae.com\/resizer\/v2\/NGN3NO2ZLZDTLXVMCW3FG6PAC4.jpg?auth=e12f35c0c016d4ff247cf12fc2abe9fb9cd7fcb020ac2885f67b5cba9503a824&amp;smart=true&amp;width=350&amp;height=233&amp;quality=85\" width=\"5616\"\/><\/picture><figcaption class=\"article-figcaption-img\">El primer ministro de Lituania, Gintautas Paluckas (REUTERS\/Ints Kalnins)<\/figcaption><\/div>\n<p class=\"paragraph\">Por su parte, el <b>primer ministro de Lituania<\/b>, <b>Gintautas Paluckas<\/b>, expres\u00f3 el pasado viernes su apoyo a la reactivaci\u00f3n de las relaciones diplom\u00e1ticas con <b>China<\/b>. Esta declaraci\u00f3n se produce despu\u00e9s de que, hace tres a\u00f1os, <b>Taiw\u00e1n<\/b> abriera una oficina de representaci\u00f3n en <b>Vilna<\/b>, lo que provoc\u00f3 una fuerte respuesta por parte de Beijing, que decidi\u00f3 cortar los v\u00ednculos comerciales con <b>Lituania<\/b> en represalia.<\/p>\n<p class=\"paragraph\">El movimiento de <b>Lituania<\/b> en 2021, llev\u00f3 a <b>China<\/b> a retirar a su embajador y a tomar represalias econ\u00f3micas, afectando seriamente las relaciones comerciales. Esta respuesta china provoc\u00f3 que la <b>Uni\u00f3n Europea<\/b> llevara la disputa ante la <b>Organizaci\u00f3n Mundial del Comercio (OMC)<\/b>, lo que subraya el complejo equilibrio que <b>Bruselas<\/b> mantiene con <b>Pek\u00edn<\/b> en medio de las tensiones geopol\u00edticas.<\/p>\n<p class=\"paragraph\">En respuesta a la apertura de la oficina de <b>representaci\u00f3n de Taiw\u00e1n<\/b> en <b>Vilna<\/b>, <b>China<\/b> solicit\u00f3 al Gobierno de <b>Lituania<\/b> que revertiera sus decisiones para fortalecer la relaci\u00f3n con <b>Taiw\u00e1n<\/b>, un territorio con un gobierno independiente desde 1949, pero que <b>Pek\u00edn<\/b> a\u00fan considera una <b>provincia<\/b> bajo su soberan\u00eda.<\/p>\n<p class=\"paragraph\"><i>(Con informaci\u00f3n de Europa Press)<\/i><\/p>\n<\/div>\n<p><script defer=\"\">!function(f,b,e,v,n,t,s) {if(f.fbq)return;n=f.fbq=function(){n.callMethod? n.callMethod.apply(n,arguments):n.queue.push(arguments)}; if(!f._fbq)f._fbq=n;n.push=n;n.loaded=!0;n.version='2.0'; n.queue=[];t=b.createElement(e);t.async=!0; t.src=v;s=b.getElementsByTagName(e)[0]; s.parentNode.insertBefore(t,s)}(window, document,'script', ' fbq('init', '336383993555320'); fbq('track', 'PageView'); fbq('track', 'ViewContent');<\/script><script src=\"https:\/\/connect.facebook.net\/en_US\/sdk.js\" crossorigin=\"anonymous\" defer=\"\"><\/script><\/p>\n","protected":false},"excerpt":{"rendered":"<p>El Ministerio de Exteriores de Lituania ha declarado persona non grata a tres diplom\u00e1ticos de la misi\u00f3n china en el pa\u00eds, por violar la Convenci\u00f3n de Viena, en el contexto de las tensiones provocadas por el corte de dos cables submarinos de fibra \u00f3ptica en el mar B\u00e1ltico. (Lehtikuva\/Heikki Saukkomaa\/via REUTERS) El Ministerio de Exteriores [&hellip;]<\/p>\n","protected":false},"author":2,"featured_media":27404,"comment_status":"","ping_status":"","sticky":false,"template":"","format":"standard","meta":{"footnotes":""},"categories":[3],"tags":[],"_links":{"self":[{"href":"https:\/\/maxradio923.com.ar\/index.php\/wp-json\/wp\/v2\/posts\/27403"}],"collection":[{"href":"https:\/\/maxradio923.com.ar\/index.php\/wp-json\/wp\/v2\/posts"}],"about":[{"href":"https:\/\/maxradio923.com.ar\/index.php\/wp-json\/wp\/v2\/types\/post"}],"author":[{"embeddable":true,"href":"https:\/\/maxradio923.com.ar\/index.php\/wp-json\/wp\/v2\/users\/2"}],"replies":[{"embeddable":true,"href":"https:\/\/maxradio923.com.ar\/index.php\/wp-json\/wp\/v2\/comments?post=27403"}],"version-history":[{"count":0,"href":"https:\/\/maxradio923.com.ar\/index.php\/wp-json\/wp\/v2\/posts\/27403\/revisions"}],"wp:featuredmedia":[{"embeddable":true,"href":"https:\/\/maxradio923.com.ar\/index.php\/wp-json\/wp\/v2\/media\/27404"}],"wp:attachment":[{"href":"https:\/\/maxradio923.com.ar\/index.php\/wp-json\/wp\/v2\/media?parent=27403"}],"wp:term":[{"taxonomy":"category","embeddable":true,"href":"https:\/\/maxradio923.com.ar\/index.php\/wp-json\/wp\/v2\/categories?post=27403"},{"taxonomy":"post_tag","embeddable":true,"href":"https:\/\/maxradio923.com.ar\/index.php\/wp-json\/wp\/v2\/tags?post=27403"}],"curies":[{"name":"wp","href":"https:\/\/api.w.org\/{rel}","templated":true}]}}