{"id":27401,"date":"2024-11-29T23:50:02","date_gmt":"2024-11-30T02:50:02","guid":{"rendered":"https:\/\/maxradio923.com.ar\/index.php\/2024\/11\/29\/huelga-general-en-italia-mas-de-500-000-personas-se-movilizaron-contra-los-presupuestos-de-meloni\/"},"modified":"2024-11-29T23:50:02","modified_gmt":"2024-11-30T02:50:02","slug":"huelga-general-en-italia-mas-de-500-000-personas-se-movilizaron-contra-los-presupuestos-de-meloni","status":"publish","type":"post","link":"https:\/\/maxradio923.com.ar\/index.php\/2024\/11\/29\/huelga-general-en-italia-mas-de-500-000-personas-se-movilizaron-contra-los-presupuestos-de-meloni\/","title":{"rendered":"Huelga general en Italia: m\u00e1s de 500.000 personas se movilizaron contra los presupuestos de Meloni"},"content":{"rendered":"<p><\/p>\n<div>\n<div class=\"jwplayer-ctn\" itemscope=\"\" itemtype=\"https:\/\/schema.org\/VideoObject\"><meta itemprop=\"contentUrl\" content=\"https:\/\/cdn.jwplayer.com\/videos\/8lEIILNK-vM6j8t5y.mp4\"\/><meta itemprop=\"description\" content=\"Huelga general en Italia contra los presupuestos de Meloni\"\/><meta itemprop=\"duration\" content=\"P0Y0M0DT0H0M61S\"\/><meta itemprop=\"name\" content=\"Huelga general en Italia contra los presupuestos de Meloni\"\/><meta itemprop=\"thumbnailUrl\" content=\"https:\/\/cdn.jwplayer.com\/v2\/media\/8lEIILNK\/poster.jpg?width=720\"\/><meta itemprop=\"uploadDate\" content=\"2024-11-29T19:23:46.000Z\"\/><figcaption class=\"jwplayer-figcaption\">Huelga general en Italia contra los presupuestos de Meloni<\/figcaption><\/div>\n<p class=\"paragraph\"><b>M\u00e1s de 500.000 personas<\/b> se unieron este viernes a la <b>huelga general <\/b>convocada por los<b> sindicatos CGIL y UIL <\/b>en <b>Italia<\/b>, en una jornada marcada por <b>manifestaciones <\/b>y <b>paros laborales en todo el pa\u00eds<\/b>. La movilizaci\u00f3n, que <b>dur\u00f3 ocho horas<\/b> en la mayor\u00eda de los sectores y cuatro horas en el transporte p\u00fablico, tuvo como objetivo <b>protestar contra los Presupuestos generales de 2025<\/b> presentados por el gobierno de <b>Giorgia Meloni<\/b>.<\/p>\n<p class=\"paragraph\">Los sindicatos organizaron la huelga en respuesta a lo que consideran unos presupuestos insuficientes para resolver los problemas sociales y econ\u00f3micos del pa\u00eds.<\/p>\n<p class=\"paragraph\">Entre las principales demandas destacan un <b>mayor financiamiento<\/b> para la <b>sanidad<\/b>, la <b>educaci\u00f3n<\/b>, los <b>servicios p\u00fablicos<\/b> y las <b>pol\u00edticas industriales<\/b>, adem\u00e1s de un aumento en el <b>poder adquisitivo<\/b> de <b>salarios <\/b>y <b>pensiones<\/b>. Seg\u00fan los convocantes, la protesta fue apoyada por m\u00e1s del <b>70% de los trabajadores<\/b>, especialmente en sectores clave como la industria, la alimentaci\u00f3n y el transporte.<\/p>\n<div class=\" visual__image\"><picture><source srcset=\"https:\/\/www.infobae.com\/resizer\/v2\/CGGDTH7B6BHW3OXOVASDI7M7MU.jpg?auth=2c7bc91f6186ae73d1372406115d9735a359a7fb955452a236e35ff08079ddf5&amp;smart=true&amp;width=992&amp;height=558&amp;quality=85\" media=\"(min-width: 1000px)\"\/><source srcset=\"https:\/\/www.infobae.com\/resizer\/v2\/CGGDTH7B6BHW3OXOVASDI7M7MU.jpg?auth=2c7bc91f6186ae73d1372406115d9735a359a7fb955452a236e35ff08079ddf5&amp;smart=true&amp;width=768&amp;height=432&amp;quality=85\" media=\"(min-width: 768px)\"\/><source srcset=\"https:\/\/www.infobae.com\/resizer\/v2\/CGGDTH7B6BHW3OXOVASDI7M7MU.jpg?auth=2c7bc91f6186ae73d1372406115d9735a359a7fb955452a236e35ff08079ddf5&amp;smart=true&amp;width=577&amp;height=325&amp;quality=85\" media=\"(min-width: 580px)\"\/><source srcset=\"https:\/\/www.infobae.com\/resizer\/v2\/CGGDTH7B6BHW3OXOVASDI7M7MU.jpg?auth=2c7bc91f6186ae73d1372406115d9735a359a7fb955452a236e35ff08079ddf5&amp;smart=true&amp;width=420&amp;height=236&amp;quality=85\" media=\"(min-width: 350px)\"\/><source srcset=\"https:\/\/www.infobae.com\/resizer\/v2\/CGGDTH7B6BHW3OXOVASDI7M7MU.jpg?auth=2c7bc91f6186ae73d1372406115d9735a359a7fb955452a236e35ff08079ddf5&amp;smart=true&amp;width=350&amp;height=197&amp;quality=85\" media=\"(min-width: 80px)\"\/><img alt=\"La Confederaci\u00f3n General Italiana del Trabajo (CGIL) y la Uni\u00f3n Italiana del Trabajo (UIL) convocaron una huelga nacional en contra de la propuesta presupuestaria del gobierno, exigiendo un aumento en los salarios y pensiones, financiaci\u00f3n para la sanidad, la educaci\u00f3n y los servicios p\u00fablicos, adem\u00e1s de inversiones en pol\u00edticas industriales (EFE\/EPA\/ALESSANDRO DI MARCO)\" class=\"global-image\" decoding=\"async\" fetchpriority=\"low\" height=\"1080\" loading=\"lazy\" src=\"https:\/\/www.infobae.com\/resizer\/v2\/CGGDTH7B6BHW3OXOVASDI7M7MU.jpg?auth=2c7bc91f6186ae73d1372406115d9735a359a7fb955452a236e35ff08079ddf5&amp;smart=true&amp;width=350&amp;height=197&amp;quality=85\" width=\"1920\"\/><\/picture><figcaption class=\"article-figcaption-img\">La Confederaci\u00f3n General Italiana del Trabajo (CGIL) y la Uni\u00f3n Italiana del Trabajo (UIL) convocaron una huelga nacional en contra de la propuesta presupuestaria del gobierno, exigiendo un aumento en los salarios y pensiones, financiaci\u00f3n para la sanidad, la educaci\u00f3n y los servicios p\u00fablicos, adem\u00e1s de inversiones en pol\u00edticas industriales (EFE\/EPA\/ALESSANDRO DI MARCO)<\/figcaption><\/div>\n<p class=\"paragraph\">A pesar de la participaci\u00f3n masiva, algunas \u00e1reas como el <b>transporte p\u00fablico<\/b> experimentaron una menor paralizaci\u00f3n, tras la <b>intervenci\u00f3n del gobierno<\/b> que limit\u00f3 la duraci\u00f3n del paro en este sector.<\/p>\n<p class=\"paragraph\">Desde el Partido Dem\u00f3crata, su l\u00edder <b>Elly Schlein<\/b> critic\u00f3 al gobierno \u201c<b>que ha incumplido sus promesas sobre las pensiones, que no invierte en el futuro, que no prev\u00e9 la renovaci\u00f3n de los contratos de 5 millones de trabajadores que est\u00e1n esperando\u201d.<\/b><\/p>\n<p class=\"paragraph\"><b>Schlein <\/b>tambi\u00e9n defendi\u00f3 que<b> <\/b>\u201ces un momento para defender el derecho a la huelga, previsto por la Constituci\u00f3n\u201d, aludiendo a la intervenci\u00f3n estatal en el paro en los transportes.<\/p>\n<div class=\" visual__image\"><picture><source srcset=\"https:\/\/www.infobae.com\/resizer\/v2\/O6QSDWAR2JGLTMX64GVZGVGFLA.jpg?auth=ece49ba0ad601040a13b3e535c2cff99358eafdc07dd3169f4c30aa0e040151b&amp;smart=true&amp;width=992&amp;height=744&amp;quality=85\" media=\"(min-width: 1000px)\"\/><source srcset=\"https:\/\/www.infobae.com\/resizer\/v2\/O6QSDWAR2JGLTMX64GVZGVGFLA.jpg?auth=ece49ba0ad601040a13b3e535c2cff99358eafdc07dd3169f4c30aa0e040151b&amp;smart=true&amp;width=768&amp;height=576&amp;quality=85\" media=\"(min-width: 768px)\"\/><source srcset=\"https:\/\/www.infobae.com\/resizer\/v2\/O6QSDWAR2JGLTMX64GVZGVGFLA.jpg?auth=ece49ba0ad601040a13b3e535c2cff99358eafdc07dd3169f4c30aa0e040151b&amp;smart=true&amp;width=577&amp;height=433&amp;quality=85\" media=\"(min-width: 580px)\"\/><source srcset=\"https:\/\/www.infobae.com\/resizer\/v2\/O6QSDWAR2JGLTMX64GVZGVGFLA.jpg?auth=ece49ba0ad601040a13b3e535c2cff99358eafdc07dd3169f4c30aa0e040151b&amp;smart=true&amp;width=420&amp;height=315&amp;quality=85\" media=\"(min-width: 350px)\"\/><source srcset=\"https:\/\/www.infobae.com\/resizer\/v2\/O6QSDWAR2JGLTMX64GVZGVGFLA.jpg?auth=ece49ba0ad601040a13b3e535c2cff99358eafdc07dd3169f4c30aa0e040151b&amp;smart=true&amp;width=350&amp;height=263&amp;quality=85\" media=\"(min-width: 80px)\"\/><img alt=\"Sindicatos de trabajadores se re\u00fanen durante una huelga nacional contra las pol\u00edticas del gobierno, en Tur\u00edn, Italia, el 29 de noviembre de 2024 (EFE\/EPA\/ALESSANDRO DI MARCO)&#10;\" class=\"global-image\" decoding=\"async\" fetchpriority=\"low\" height=\"1533\" loading=\"lazy\" src=\"https:\/\/www.infobae.com\/resizer\/v2\/O6QSDWAR2JGLTMX64GVZGVGFLA.jpg?auth=ece49ba0ad601040a13b3e535c2cff99358eafdc07dd3169f4c30aa0e040151b&amp;smart=true&amp;width=350&amp;height=263&amp;quality=85\" width=\"1920\"\/><\/picture><figcaption class=\"article-figcaption-img\">Sindicatos de trabajadores se re\u00fanen durante una huelga nacional contra las pol\u00edticas del gobierno, en Tur\u00edn, Italia, el 29 de noviembre de 2024 (EFE\/EPA\/ALESSANDRO DI MARCO)<br \/>\n<\/figcaption><\/div>\n<p class=\"paragraph\"><b>Maurizio Landini,<\/b> secretario general de la <b>CGIL<\/b>, destac\u00f3 la <b>adhesi\u00f3n alt\u00edsima<\/b> a la huelga, mencionando que la protesta en las plazas de todo el pa\u00eds reflejaba un<b> <\/b>sentimiento de descontento generalizado. <b>\u201cEs una muestra de que la mayor\u00eda de este pa\u00eds est\u00e1 pidiendo que se cambien leyes nefastas<\/b> <b>y que el trabajo y la dignidad de las personas vuelvan a estar en el centro\u201d<\/b>, dijo <b>Landini <\/b>en la marcha de <b>Bolonia.<\/b><\/p>\n<p class=\"paragraph\">\u201cEs un d\u00eda de movilizaci\u00f3n como no se ve\u00eda desde hace tiempo. Hoy empieza un camino de protestas para dar la vuelta a este pa\u00eds como a un guante\u201d, a\u00f1adi\u00f3 con entusiasmo.<\/p>\n<p class=\"paragraph\">En cuanto a la situaci\u00f3n de las <b>f\u00e1bricas<\/b>, los sindicatos informaron que varias plantas de gran renombre, como <b>Heineken<\/b> en <b>Taranto<\/b> y <b>Pirelli<\/b> en <b>Settimo Torinese<\/b>, experimentaron una paralizaci\u00f3n casi total de sus actividades. Incluso la planta de <b>Lamborghini<\/b> en <b>Bolonia<\/b> registr\u00f3 una parada del <b>98%<\/b> de sus trabajadores y<b> Ikea <\/b>en <b>G\u00e9nova <\/b>del <b>90 %. <\/b>La participaci\u00f3n en sectores como la educaci\u00f3n tambi\u00e9n fue significativa, con muchas escuelas cerradas en ciudades principales.<\/p>\n<div class=\" visual__image\"><picture><source srcset=\"https:\/\/www.infobae.com\/resizer\/v2\/OHB7NWVPIVAODNITZV5YVL52AA.jpg?auth=187427e33750da9e204bd94627a9cd72fe69a85a2acddf03a498c81d21a05853&amp;smart=true&amp;width=992&amp;height=558&amp;quality=85\" media=\"(min-width: 1000px)\"\/><source srcset=\"https:\/\/www.infobae.com\/resizer\/v2\/OHB7NWVPIVAODNITZV5YVL52AA.jpg?auth=187427e33750da9e204bd94627a9cd72fe69a85a2acddf03a498c81d21a05853&amp;smart=true&amp;width=768&amp;height=432&amp;quality=85\" media=\"(min-width: 768px)\"\/><source srcset=\"https:\/\/www.infobae.com\/resizer\/v2\/OHB7NWVPIVAODNITZV5YVL52AA.jpg?auth=187427e33750da9e204bd94627a9cd72fe69a85a2acddf03a498c81d21a05853&amp;smart=true&amp;width=577&amp;height=325&amp;quality=85\" media=\"(min-width: 580px)\"\/><source srcset=\"https:\/\/www.infobae.com\/resizer\/v2\/OHB7NWVPIVAODNITZV5YVL52AA.jpg?auth=187427e33750da9e204bd94627a9cd72fe69a85a2acddf03a498c81d21a05853&amp;smart=true&amp;width=420&amp;height=236&amp;quality=85\" media=\"(min-width: 350px)\"\/><source srcset=\"https:\/\/www.infobae.com\/resizer\/v2\/OHB7NWVPIVAODNITZV5YVL52AA.jpg?auth=187427e33750da9e204bd94627a9cd72fe69a85a2acddf03a498c81d21a05853&amp;smart=true&amp;width=350&amp;height=197&amp;quality=85\" media=\"(min-width: 80px)\"\/><img alt=\"La CGIL y la UIL celebraron en un comunicado conjunto la &quot;adhesi\u00f3n alt\u00edsima&quot; de la acci\u00f3n, de m\u00e1s de 70 %, que lleg\u00f3 a paralizar plantas enteras (EFE\/EPA\/ALESSANDRO DI MARCO)&#10;\" class=\"global-image\" decoding=\"async\" fetchpriority=\"low\" height=\"1080\" loading=\"lazy\" src=\"https:\/\/www.infobae.com\/resizer\/v2\/OHB7NWVPIVAODNITZV5YVL52AA.jpg?auth=187427e33750da9e204bd94627a9cd72fe69a85a2acddf03a498c81d21a05853&amp;smart=true&amp;width=350&amp;height=197&amp;quality=85\" width=\"1920\"\/><\/picture><figcaption class=\"article-figcaption-img\">La CGIL y la UIL celebraron en un comunicado conjunto la &#8220;adhesi\u00f3n alt\u00edsima&#8221; de la acci\u00f3n, de m\u00e1s de 70 %, que lleg\u00f3 a paralizar plantas enteras (EFE\/EPA\/ALESSANDRO DI MARCO)<br \/>\n<\/figcaption><\/div>\n<p class=\"paragraph\">El secretario de la <b>UIL<\/b>, <b>Pierpaolo Bombardieri<\/b>, manifest\u00f3 que la uni\u00f3n a la huelga demuestra que el gobierno debe escuchar a los trabajadores. <b>\u201cSi el gobierno ve como las 40 plazas en Italia se han llenado, tal vez deber\u00eda hacer una reflexi\u00f3n\u201d<\/b>, se\u00f1al\u00f3 <b>Bombardieri.<\/b><\/p>\n<p class=\"paragraph\">En contraste, el gobierno de <b>Meloni <\/b>se mostr\u00f3 cr\u00edtico con la protesta. El ministro del <b>Interior<\/b>, <b>Matteo Piantedosi<\/b>, acus\u00f3 a algunos de los manifestantes de ser grupos de <b>extrema izquierda<\/b> que buscan <b>desestabilizar<\/b> el orden p\u00fablico, reprochando que los enfrentamientos en <b>Tur\u00edn<\/b> fueron provocados por aquellos que,<b> \u201cen nombre de la paz\u201d, atacaron a los trabajadores de la polic\u00eda entre porrazos y patadas.<\/b><\/p>\n<p class=\"paragraph\">Con una participaci\u00f3n que super\u00f3 las expectativas de los organizadores, la huelga general de este viernes se consolid\u00f3 como una de las mayores expresiones de descontento social en <b>Italia <\/b>en los \u00faltimos a\u00f1os, reflejando la creciente presi\u00f3n sobre el gobierno de <b>Meloni<\/b>, que sigue enfrentando una dif\u00edcil tarea para equilibrar las finanzas del pa\u00eds mientras mantiene la estabilidad social.<\/p>\n<p class=\"paragraph\"><i>(Con informaci\u00f3n de EFE)<\/i><\/p>\n<\/div>\n<p><script defer=\"\">!function(f,b,e,v,n,t,s) {if(f.fbq)return;n=f.fbq=function(){n.callMethod? n.callMethod.apply(n,arguments):n.queue.push(arguments)}; if(!f._fbq)f._fbq=n;n.push=n;n.loaded=!0;n.version='2.0'; n.queue=[];t=b.createElement(e);t.async=!0; t.src=v;s=b.getElementsByTagName(e)[0]; s.parentNode.insertBefore(t,s)}(window, document,'script', ' fbq('init', '336383993555320'); fbq('track', 'PageView'); fbq('track', 'ViewContent');<\/script><script src=\"https:\/\/connect.facebook.net\/en_US\/sdk.js\" crossorigin=\"anonymous\" defer=\"\"><\/script><\/p>\n","protected":false},"excerpt":{"rendered":"<p>Huelga general en Italia contra los presupuestos de Meloni M\u00e1s de 500.000 personas se unieron este viernes a la huelga general convocada por los sindicatos CGIL y UIL en Italia, en una jornada marcada por manifestaciones y paros laborales en todo el pa\u00eds. La movilizaci\u00f3n, que dur\u00f3 ocho horas en la mayor\u00eda de los sectores [&hellip;]<\/p>\n","protected":false},"author":2,"featured_media":27402,"comment_status":"","ping_status":"","sticky":false,"template":"","format":"standard","meta":{"footnotes":""},"categories":[3],"tags":[],"_links":{"self":[{"href":"https:\/\/maxradio923.com.ar\/index.php\/wp-json\/wp\/v2\/posts\/27401"}],"collection":[{"href":"https:\/\/maxradio923.com.ar\/index.php\/wp-json\/wp\/v2\/posts"}],"about":[{"href":"https:\/\/maxradio923.com.ar\/index.php\/wp-json\/wp\/v2\/types\/post"}],"author":[{"embeddable":true,"href":"https:\/\/maxradio923.com.ar\/index.php\/wp-json\/wp\/v2\/users\/2"}],"replies":[{"embeddable":true,"href":"https:\/\/maxradio923.com.ar\/index.php\/wp-json\/wp\/v2\/comments?post=27401"}],"version-history":[{"count":0,"href":"https:\/\/maxradio923.com.ar\/index.php\/wp-json\/wp\/v2\/posts\/27401\/revisions"}],"wp:featuredmedia":[{"embeddable":true,"href":"https:\/\/maxradio923.com.ar\/index.php\/wp-json\/wp\/v2\/media\/27402"}],"wp:attachment":[{"href":"https:\/\/maxradio923.com.ar\/index.php\/wp-json\/wp\/v2\/media?parent=27401"}],"wp:term":[{"taxonomy":"category","embeddable":true,"href":"https:\/\/maxradio923.com.ar\/index.php\/wp-json\/wp\/v2\/categories?post=27401"},{"taxonomy":"post_tag","embeddable":true,"href":"https:\/\/maxradio923.com.ar\/index.php\/wp-json\/wp\/v2\/tags?post=27401"}],"curies":[{"name":"wp","href":"https:\/\/api.w.org\/{rel}","templated":true}]}}