{"id":27397,"date":"2024-11-29T22:40:02","date_gmt":"2024-11-30T01:40:02","guid":{"rendered":"https:\/\/maxradio923.com.ar\/index.php\/2024\/11\/29\/zelensky-planteo-la-adhesion-de-ucrania-a-la-otan-como-clave-para-terminar-la-guerra-con-rusia\/"},"modified":"2024-11-29T22:40:02","modified_gmt":"2024-11-30T01:40:02","slug":"zelensky-planteo-la-adhesion-de-ucrania-a-la-otan-como-clave-para-terminar-la-guerra-con-rusia","status":"publish","type":"post","link":"https:\/\/maxradio923.com.ar\/index.php\/2024\/11\/29\/zelensky-planteo-la-adhesion-de-ucrania-a-la-otan-como-clave-para-terminar-la-guerra-con-rusia\/","title":{"rendered":"Zelensky plante\u00f3 la adhesi\u00f3n de Ucrania a la OTAN como clave para terminar la guerra con Rusia"},"content":{"rendered":"<p><\/p>\n<div>\n<div class=\" visual__image\"><picture><source srcset=\"https:\/\/www.infobae.com\/resizer\/v2\/GOYMM4FJPJD6NESMOJO4RBIDSU.jpg?auth=c6af79271aca1b53825369949594bb974e625fc3a0c9cbd60595d461018d1ddd&amp;smart=true&amp;width=992&amp;height=661&amp;quality=85\" media=\"(min-width: 1000px)\"\/><source srcset=\"https:\/\/www.infobae.com\/resizer\/v2\/GOYMM4FJPJD6NESMOJO4RBIDSU.jpg?auth=c6af79271aca1b53825369949594bb974e625fc3a0c9cbd60595d461018d1ddd&amp;smart=true&amp;width=768&amp;height=512&amp;quality=85\" media=\"(min-width: 768px)\"\/><source srcset=\"https:\/\/www.infobae.com\/resizer\/v2\/GOYMM4FJPJD6NESMOJO4RBIDSU.jpg?auth=c6af79271aca1b53825369949594bb974e625fc3a0c9cbd60595d461018d1ddd&amp;smart=true&amp;width=577&amp;height=385&amp;quality=85\" media=\"(min-width: 580px)\"\/><source srcset=\"https:\/\/www.infobae.com\/resizer\/v2\/GOYMM4FJPJD6NESMOJO4RBIDSU.jpg?auth=c6af79271aca1b53825369949594bb974e625fc3a0c9cbd60595d461018d1ddd&amp;smart=true&amp;width=420&amp;height=280&amp;quality=85\" media=\"(min-width: 350px)\"\/><source srcset=\"https:\/\/www.infobae.com\/resizer\/v2\/GOYMM4FJPJD6NESMOJO4RBIDSU.jpg?auth=c6af79271aca1b53825369949594bb974e625fc3a0c9cbd60595d461018d1ddd&amp;smart=true&amp;width=350&amp;height=233&amp;quality=85\" media=\"(min-width: 80px)\"\/><img alt=\"El presidente de Ucrania, Volodimir Zelensky (EuropaPress)&#10;\" class=\"global-image\" decoding=\"async\" fetchpriority=\"high\" height=\"1279\" loading=\"eager\" src=\"https:\/\/www.infobae.com\/resizer\/v2\/GOYMM4FJPJD6NESMOJO4RBIDSU.jpg?auth=c6af79271aca1b53825369949594bb974e625fc3a0c9cbd60595d461018d1ddd&amp;smart=true&amp;width=350&amp;height=233&amp;quality=85\" width=\"1920\"\/><\/picture><figcaption class=\"article-figcaption-img\">El presidente de Ucrania, Volodimir Zelensky (EuropaPress)<br \/>\n<\/figcaption><\/div>\n<p class=\"paragraph\">El presidente de Ucrania, <b>Volodimir Zelensky<\/b>, sugiri\u00f3 este viernes que se podr\u00eda alcanzar un acuerdo de alto el fuego en la guerra de Ucrania y Rusia <b>si el territorio que controla actualmente quedase \u201cbajo el paraguas de la <\/b><b>OTAN<\/b><b>\u201d<\/b> y pudiese negociar la devoluci\u00f3n del resto m\u00e1s tarde de forma diplom\u00e1tica.<\/p>\n<p class=\"paragraph\"><b>\u201cSi queremos acabar la \u2018fase caliente\u2019 de la guerra, necesitamos poner bajo el paraguas de la OTAN el territorio de Ucrania que tenemos bajo control. Necesitamos hacerlo r\u00e1pido y despu\u00e9s el resto del territorio (ocupado) se puede recuperar por la v\u00eda diplom\u00e1tica\u201d<\/b>, pronunci\u00f3 el l\u00edder ucraniano en una entrevista con <i>Sky News.<\/i><\/p>\n<p class=\"paragraph\">Zelensky respondi\u00f3 as\u00ed al veterano corresponsal Stuart Ramsay, que pidi\u00f3 al ucraniano que reaccionase a las informaciones de algunos medios de comunicaci\u00f3n que dec\u00edan que uno de los planes del presidente electo de Estados Unidos, Donald Trump, para poner fin a la guerra en Ucrania pod\u00eda ser que Kiev cediera a Rusia la tierra que Mosc\u00fa ha anexionado a cambio de unirse a la OTAN.<\/p>\n<p class=\"paragraph\">En este sentido, Zelensky coment\u00f3 que nadie les ha ofrecido oficialmente \u201centrar en la OTAN con solo una parte de Ucrania\u201d y que para garantizar que el presidente de Rusia, Vladimir Putin, no regresar\u00e1 a tomar m\u00e1s territorio ucraniano era necesario un alto el fuego y <b>que la Alianza cubriese \u201cinmediatamente\u201d la parte del pa\u00eds bajo el control de Kiev.<\/b><\/p>\n<p class=\"paragraph\">En la primera entrevista de Zelensky a medios brit\u00e1nicos desde la victoria electoral de Trump, el presidente ucraniano dijo que tendr\u00e1 que trabajar con el nuevo mandatario estadounidense y con su equipo para tener \u201cel mayor apoyo\u201d, y confes\u00f3 que en su encuentro el pasado mes de septiembre en Nueva York tuvieron una conversaci\u00f3n \u201cmuy c\u00e1lida, buena y constructiva\u201d.<\/p>\n<div class=\" visual__image\"><picture><source srcset=\"https:\/\/www.infobae.com\/resizer\/v2\/DTSMLSBF7KM2LMENULY5LDS7CA.jpg?auth=be3e3e54c18293beb4679635da505c7118e922feef6e7257eef91e7ed946a58f&amp;smart=true&amp;width=992&amp;height=661&amp;quality=85\" media=\"(min-width: 1000px)\"\/><source srcset=\"https:\/\/www.infobae.com\/resizer\/v2\/DTSMLSBF7KM2LMENULY5LDS7CA.jpg?auth=be3e3e54c18293beb4679635da505c7118e922feef6e7257eef91e7ed946a58f&amp;smart=true&amp;width=768&amp;height=512&amp;quality=85\" media=\"(min-width: 768px)\"\/><source srcset=\"https:\/\/www.infobae.com\/resizer\/v2\/DTSMLSBF7KM2LMENULY5LDS7CA.jpg?auth=be3e3e54c18293beb4679635da505c7118e922feef6e7257eef91e7ed946a58f&amp;smart=true&amp;width=577&amp;height=385&amp;quality=85\" media=\"(min-width: 580px)\"\/><source srcset=\"https:\/\/www.infobae.com\/resizer\/v2\/DTSMLSBF7KM2LMENULY5LDS7CA.jpg?auth=be3e3e54c18293beb4679635da505c7118e922feef6e7257eef91e7ed946a58f&amp;smart=true&amp;width=420&amp;height=280&amp;quality=85\" media=\"(min-width: 350px)\"\/><source srcset=\"https:\/\/www.infobae.com\/resizer\/v2\/DTSMLSBF7KM2LMENULY5LDS7CA.jpg?auth=be3e3e54c18293beb4679635da505c7118e922feef6e7257eef91e7ed946a58f&amp;smart=true&amp;width=350&amp;height=233&amp;quality=85\" media=\"(min-width: 80px)\"\/><img alt=\"Donald Trump y Zelensky se reunieron en la Torre Trump de Nueva York el 27 de septiembre de 2024 (REUTERS\/Shannon Stapleton)\" class=\"global-image\" decoding=\"async\" fetchpriority=\"low\" height=\"568\" loading=\"lazy\" src=\"https:\/\/www.infobae.com\/resizer\/v2\/DTSMLSBF7KM2LMENULY5LDS7CA.jpg?auth=be3e3e54c18293beb4679635da505c7118e922feef6e7257eef91e7ed946a58f&amp;smart=true&amp;width=350&amp;height=233&amp;quality=85\" width=\"800\"\/><\/picture><figcaption class=\"article-figcaption-img\">Donald Trump y Zelensky se reunieron en la Torre Trump de Nueva York el 27 de septiembre de 2024 (REUTERS\/Shannon Stapleton)<\/figcaption><\/div>\n<p class=\"paragraph\">Seg\u00fan apunta<i> Sky News,<\/i> es tambi\u00e9n<b> la primera vez que Zelensky insin\u00faa un acuerdo de alto el fuego que incluyese el control ruso de parte del territorio ucraniano<\/b>, pues a lo largo de todo el conflicto siempre se mostr\u00f3 reacio a ceder partes del pa\u00eds a Rusia, incluida Crimea, anexionada desde 2014, y Donetsk, Kherson, Lugansk y Zaporizhzhia, declaradas unilateralmente rusas desde septiembre de 2022.<\/p>\n<p class=\"paragraph\">Rusia controla aproximadamente el 18% del territorio de Ucrania reconocido internacionalmente. Kiev ha descartado repetidamente ceder territorio a cambio de la paz, mientras que Putin ha exigido que el ej\u00e9rcito ucraniano se retire de m\u00e1s territorios.<\/p>\n<p class=\"paragraph\"><b>Putin ha pedido previamente a Kiev que renuncie a sus ambiciones de ingresar a la OTAN si quiere un acuerdo de paz.<\/b><\/p>\n<p class=\"paragraph\">La guerra en Ucrania, que ya dura casi tres a\u00f1os, tambi\u00e9n ha escalado r\u00e1pidamente en estas \u00faltimas semanas, especialmente despu\u00e9s de que Estados Unidos diese luz verde a Kiev para usar misiles de largo alcance contra objetivos militares en territorio ruso; a lo que Putin ha respondido recientemente con ataques m\u00faltiples y los nuevos misiles bal\u00edsticos hipers\u00f3nicos Or\u00e9shnik.<\/p>\n<p class=\"paragraph\">Esta semana, <b>Rusia amenaz\u00f3 con atacar edificios gubernamentales en Kiev <\/b>y lanz\u00f3 un ataque a\u00e9reo masivo contra el sector energ\u00e9tico de Ucrania, algo que calific\u00f3 como una respuesta a los misiles suministrados por EEUU y el Reino Unido que Ucrania dispar\u00f3 contra territorio ruso.<\/p>\n<div class=\" visual__image\"><picture><source srcset=\"https:\/\/www.infobae.com\/resizer\/v2\/Y4THKHNNWOFZYWZEUQKXLOLHW4.jpg?auth=79b73e890ccc602d7a1db45b8d1699d3847d698f2e070b11c241a92a56ee13b8&amp;smart=true&amp;width=992&amp;height=661&amp;quality=85\" media=\"(min-width: 1000px)\"\/><source srcset=\"https:\/\/www.infobae.com\/resizer\/v2\/Y4THKHNNWOFZYWZEUQKXLOLHW4.jpg?auth=79b73e890ccc602d7a1db45b8d1699d3847d698f2e070b11c241a92a56ee13b8&amp;smart=true&amp;width=768&amp;height=512&amp;quality=85\" media=\"(min-width: 768px)\"\/><source srcset=\"https:\/\/www.infobae.com\/resizer\/v2\/Y4THKHNNWOFZYWZEUQKXLOLHW4.jpg?auth=79b73e890ccc602d7a1db45b8d1699d3847d698f2e070b11c241a92a56ee13b8&amp;smart=true&amp;width=577&amp;height=385&amp;quality=85\" media=\"(min-width: 580px)\"\/><source srcset=\"https:\/\/www.infobae.com\/resizer\/v2\/Y4THKHNNWOFZYWZEUQKXLOLHW4.jpg?auth=79b73e890ccc602d7a1db45b8d1699d3847d698f2e070b11c241a92a56ee13b8&amp;smart=true&amp;width=420&amp;height=280&amp;quality=85\" media=\"(min-width: 350px)\"\/><source srcset=\"https:\/\/www.infobae.com\/resizer\/v2\/Y4THKHNNWOFZYWZEUQKXLOLHW4.jpg?auth=79b73e890ccc602d7a1db45b8d1699d3847d698f2e070b11c241a92a56ee13b8&amp;smart=true&amp;width=350&amp;height=233&amp;quality=85\" media=\"(min-width: 80px)\"\/><img alt=\"El presidente de Rusia, Vladimir Putin (REUTERS)\" class=\"global-image\" decoding=\"async\" fetchpriority=\"low\" height=\"1143\" loading=\"lazy\" src=\"https:\/\/www.infobae.com\/resizer\/v2\/Y4THKHNNWOFZYWZEUQKXLOLHW4.jpg?auth=79b73e890ccc602d7a1db45b8d1699d3847d698f2e070b11c241a92a56ee13b8&amp;smart=true&amp;width=350&amp;height=233&amp;quality=85\" width=\"1720\"\/><\/picture><figcaption class=\"article-figcaption-img\">El presidente de Rusia, Vladimir Putin (REUTERS)<\/figcaption><\/div>\n<p class=\"paragraph\">Con el conflicto intensific\u00e1ndose en el campo de batalla, <b>Zelensky ha mantenido una serie de llamadas telef\u00f3nicas con l\u00edderes occidentales en los \u00faltimos d\u00edas, incluidos Keir Starmer del Reino Unido, Emmanuel Macron de Francia y Olaf Scholz de Alemania.<\/b><\/p>\n<p class=\"paragraph\">El secretario de Estado de EEUU, Antony Blinken, tambi\u00e9n habl\u00f3 con el ministro de Relaciones Exteriores de Ucrania el viernes para informarle sobre los \u201cobjetivos estadounidenses para un apoyo sostenible a Ucrania\u201d, seg\u00fan declar\u00f3 el portavoz del Departamento de Estado, Matthew Miller.<\/p>\n<p class=\"paragraph\"><i>(Con informaci\u00f3n de AFP y EFE)<\/i><\/p>\n<\/div>\n<p><script defer=\"\">!function(f,b,e,v,n,t,s) {if(f.fbq)return;n=f.fbq=function(){n.callMethod? n.callMethod.apply(n,arguments):n.queue.push(arguments)}; if(!f._fbq)f._fbq=n;n.push=n;n.loaded=!0;n.version='2.0'; n.queue=[];t=b.createElement(e);t.async=!0; t.src=v;s=b.getElementsByTagName(e)[0]; s.parentNode.insertBefore(t,s)}(window, document,'script', ' fbq('init', '336383993555320'); fbq('track', 'PageView'); fbq('track', 'ViewContent');<\/script><script src=\"https:\/\/connect.facebook.net\/en_US\/sdk.js\" crossorigin=\"anonymous\" defer=\"\"><\/script><\/p>\n","protected":false},"excerpt":{"rendered":"<p>El presidente de Ucrania, Volodimir Zelensky (EuropaPress) El presidente de Ucrania, Volodimir Zelensky, sugiri\u00f3 este viernes que se podr\u00eda alcanzar un acuerdo de alto el fuego en la guerra de Ucrania y Rusia si el territorio que controla actualmente quedase \u201cbajo el paraguas de la OTAN\u201d y pudiese negociar la devoluci\u00f3n del resto m\u00e1s tarde [&hellip;]<\/p>\n","protected":false},"author":2,"featured_media":27398,"comment_status":"","ping_status":"","sticky":false,"template":"","format":"standard","meta":{"footnotes":""},"categories":[3],"tags":[],"_links":{"self":[{"href":"https:\/\/maxradio923.com.ar\/index.php\/wp-json\/wp\/v2\/posts\/27397"}],"collection":[{"href":"https:\/\/maxradio923.com.ar\/index.php\/wp-json\/wp\/v2\/posts"}],"about":[{"href":"https:\/\/maxradio923.com.ar\/index.php\/wp-json\/wp\/v2\/types\/post"}],"author":[{"embeddable":true,"href":"https:\/\/maxradio923.com.ar\/index.php\/wp-json\/wp\/v2\/users\/2"}],"replies":[{"embeddable":true,"href":"https:\/\/maxradio923.com.ar\/index.php\/wp-json\/wp\/v2\/comments?post=27397"}],"version-history":[{"count":0,"href":"https:\/\/maxradio923.com.ar\/index.php\/wp-json\/wp\/v2\/posts\/27397\/revisions"}],"wp:featuredmedia":[{"embeddable":true,"href":"https:\/\/maxradio923.com.ar\/index.php\/wp-json\/wp\/v2\/media\/27398"}],"wp:attachment":[{"href":"https:\/\/maxradio923.com.ar\/index.php\/wp-json\/wp\/v2\/media?parent=27397"}],"wp:term":[{"taxonomy":"category","embeddable":true,"href":"https:\/\/maxradio923.com.ar\/index.php\/wp-json\/wp\/v2\/categories?post=27397"},{"taxonomy":"post_tag","embeddable":true,"href":"https:\/\/maxradio923.com.ar\/index.php\/wp-json\/wp\/v2\/tags?post=27397"}],"curies":[{"name":"wp","href":"https:\/\/api.w.org\/{rel}","templated":true}]}}