{"id":27387,"date":"2024-11-29T20:55:02","date_gmt":"2024-11-29T23:55:02","guid":{"rendered":"https:\/\/maxradio923.com.ar\/index.php\/2024\/11\/29\/emmanuel-macron-visito-las-obras-en-notre-dame-la-conmocion-de-la-reapertura-sera-tan-fuerte-como-la-del-incendio\/"},"modified":"2024-11-29T20:55:02","modified_gmt":"2024-11-29T23:55:02","slug":"emmanuel-macron-visito-las-obras-en-notre-dame-la-conmocion-de-la-reapertura-sera-tan-fuerte-como-la-del-incendio","status":"publish","type":"post","link":"https:\/\/maxradio923.com.ar\/index.php\/2024\/11\/29\/emmanuel-macron-visito-las-obras-en-notre-dame-la-conmocion-de-la-reapertura-sera-tan-fuerte-como-la-del-incendio\/","title":{"rendered":"Emmanuel Macron visit\u00f3 las obras en Notre Dame: \u201cLa conmoci\u00f3n de la reapertura ser\u00e1 tan fuerte como la del incendio\u201d"},"content":{"rendered":"<p><\/p>\n<div>\n<div class=\"jwplayer-ctn\" itemscope=\"\" itemtype=\"https:\/\/schema.org\/VideoObject\"><meta itemprop=\"contentUrl\" content=\"https:\/\/cdn.jwplayer.com\/videos\/GG5OaShL-vM6j8t5y.mp4\"\/><meta itemprop=\"description\" content=\"Emmanuel Macron visit\u00f3 Notre Dame\"\/><meta itemprop=\"duration\" content=\"P0Y0M0DT0H0M184S\"\/><meta itemprop=\"name\" content=\"Emmanuel Macron visit\u00f3 Notre Dame\"\/><meta itemprop=\"thumbnailUrl\" content=\"https:\/\/cdn.jwplayer.com\/v2\/media\/GG5OaShL\/poster.jpg?width=720\"\/><meta itemprop=\"uploadDate\" content=\"2024-11-29T14:22:52.000Z\"\/><figcaption class=\"jwplayer-figcaption\">Emmanuel Macron visit\u00f3 Notre Dame<\/figcaption><\/div>\n<p class=\"paragraph\">El presidente franc\u00e9s, <b>Emmanuel Macron<\/b>, dio las gracias este viernes a los implicados en la restauraci\u00f3n de <b>Notre Dame<\/b> de Par\u00eds por haber \u201c<b>convertido el carb\u00f3n en arte<\/b>\u201d, durante su visita a las obras que sirvi\u00f3 para descubrir el <b>nuevo aspecto de su interior, m\u00e1s luminoso y con muros blanqueados<\/b>.<\/p>\n<p class=\"paragraph\">\u201c<b>La conmoci\u00f3n de la reapertura ser\u00e1, yo creo, tan fuerte como la del incendio, pero ser\u00e1 una conmoci\u00f3n de esperanza<\/b>\u201d, se\u00f1al\u00f3 el jefe de Estado en un discurso pronunciado en el interior del templo.<\/p>\n<p class=\"paragraph\">Lo hizo ante algo m\u00e1s de <b>1.300 trabajadores, expertos y mecenas<\/b> de esta restauraci\u00f3n que pudieron ingresar al templo renovado sonrientes, asombrados y sin dejar de tomar fotos con sus m\u00f3viles durante la \u00faltima visita a las obras <b>antes de la gran reapertura, el 7 y 8 de diciembre<\/b>, tras cinco a\u00f1os de trabajos.<\/p>\n<div class=\" visual__image\"><picture><source srcset=\"https:\/\/www.infobae.com\/resizer\/v2\/4BQN7IIDSVF6RLGCO2OSDFKA2M.jpg?auth=a9365b23b4605b8aef4fecbb7fd6e644f026f831bdff3e06efcc48e6089c3447&amp;smart=true&amp;width=992&amp;height=661&amp;quality=85\" media=\"(min-width: 1000px)\"\/><source srcset=\"https:\/\/www.infobae.com\/resizer\/v2\/4BQN7IIDSVF6RLGCO2OSDFKA2M.jpg?auth=a9365b23b4605b8aef4fecbb7fd6e644f026f831bdff3e06efcc48e6089c3447&amp;smart=true&amp;width=768&amp;height=512&amp;quality=85\" media=\"(min-width: 768px)\"\/><source srcset=\"https:\/\/www.infobae.com\/resizer\/v2\/4BQN7IIDSVF6RLGCO2OSDFKA2M.jpg?auth=a9365b23b4605b8aef4fecbb7fd6e644f026f831bdff3e06efcc48e6089c3447&amp;smart=true&amp;width=577&amp;height=385&amp;quality=85\" media=\"(min-width: 580px)\"\/><source srcset=\"https:\/\/www.infobae.com\/resizer\/v2\/4BQN7IIDSVF6RLGCO2OSDFKA2M.jpg?auth=a9365b23b4605b8aef4fecbb7fd6e644f026f831bdff3e06efcc48e6089c3447&amp;smart=true&amp;width=420&amp;height=280&amp;quality=85\" media=\"(min-width: 350px)\"\/><source srcset=\"https:\/\/www.infobae.com\/resizer\/v2\/4BQN7IIDSVF6RLGCO2OSDFKA2M.jpg?auth=a9365b23b4605b8aef4fecbb7fd6e644f026f831bdff3e06efcc48e6089c3447&amp;smart=true&amp;width=350&amp;height=233&amp;quality=85\" media=\"(min-width: 80px)\"\/><img alt=\"Emmanuel Macron y su esposa, Brigitte Macron, visitan Notre Dame (Sarah Meyssonnier\/AFP)\" class=\"global-image\" decoding=\"async\" fetchpriority=\"low\" height=\"3627\" loading=\"lazy\" src=\"https:\/\/www.infobae.com\/resizer\/v2\/4BQN7IIDSVF6RLGCO2OSDFKA2M.jpg?auth=a9365b23b4605b8aef4fecbb7fd6e644f026f831bdff3e06efcc48e6089c3447&amp;smart=true&amp;width=350&amp;height=233&amp;quality=85\" width=\"5441\"\/><\/picture><figcaption class=\"article-figcaption-img\">Emmanuel Macron y su esposa, Brigitte Macron, visitan Notre Dame (Sarah Meyssonnier\/AFP)<\/figcaption><\/div>\n<div class=\" visual__image\"><picture><source srcset=\"https:\/\/www.infobae.com\/resizer\/v2\/V2HY47UOTNDHJDEKIXPJ5EWXLE.jpg?auth=edad98d6db7a83403374b1b30a89718e559fda40f19dae1f2c1e65e1b751264f&amp;smart=true&amp;width=992&amp;height=661&amp;quality=85\" media=\"(min-width: 1000px)\"\/><source srcset=\"https:\/\/www.infobae.com\/resizer\/v2\/V2HY47UOTNDHJDEKIXPJ5EWXLE.jpg?auth=edad98d6db7a83403374b1b30a89718e559fda40f19dae1f2c1e65e1b751264f&amp;smart=true&amp;width=768&amp;height=512&amp;quality=85\" media=\"(min-width: 768px)\"\/><source srcset=\"https:\/\/www.infobae.com\/resizer\/v2\/V2HY47UOTNDHJDEKIXPJ5EWXLE.jpg?auth=edad98d6db7a83403374b1b30a89718e559fda40f19dae1f2c1e65e1b751264f&amp;smart=true&amp;width=577&amp;height=385&amp;quality=85\" media=\"(min-width: 580px)\"\/><source srcset=\"https:\/\/www.infobae.com\/resizer\/v2\/V2HY47UOTNDHJDEKIXPJ5EWXLE.jpg?auth=edad98d6db7a83403374b1b30a89718e559fda40f19dae1f2c1e65e1b751264f&amp;smart=true&amp;width=420&amp;height=280&amp;quality=85\" media=\"(min-width: 350px)\"\/><source srcset=\"https:\/\/www.infobae.com\/resizer\/v2\/V2HY47UOTNDHJDEKIXPJ5EWXLE.jpg?auth=edad98d6db7a83403374b1b30a89718e559fda40f19dae1f2c1e65e1b751264f&amp;smart=true&amp;width=350&amp;height=233&amp;quality=85\" media=\"(min-width: 80px)\"\/><img alt=\"Emmanuel Macron en plena recorrida de Notre Dame (STEPHANE DE SAKUTIN\/AFP)\" class=\"global-image\" decoding=\"async\" fetchpriority=\"low\" height=\"3752\" loading=\"lazy\" src=\"https:\/\/www.infobae.com\/resizer\/v2\/V2HY47UOTNDHJDEKIXPJ5EWXLE.jpg?auth=edad98d6db7a83403374b1b30a89718e559fda40f19dae1f2c1e65e1b751264f&amp;smart=true&amp;width=350&amp;height=233&amp;quality=85\" width=\"5627\"\/><\/picture><figcaption class=\"article-figcaption-img\">Emmanuel Macron en plena recorrida de Notre Dame (STEPHANE DE SAKUTIN\/AFP)<\/figcaption><\/div>\n<p class=\"paragraph\">Macron no dej\u00f3 de resaltar que, cuando se produjo el incendio el 15 de abril de 2019, reabrir en 2024 parec\u00eda una meta imposible. Pero gracias a la suma de las voluntades, el esfuerzo y el entusiasmo de todos los implicados<b> se logr\u00f3 cerrar esta \u201cherida nacional\u201d en el plazo marcado<\/b>.<\/p>\n<p class=\"paragraph\">\u201cEn abril de 2019 -rememor\u00f3- decidimos que iba a durar 5 a\u00f1os. Es verdad que al principio nos dijeron mucho que no ser\u00eda posible, que era una locura, que era arbitrario (&#8230;) <b>Lo hicieron. Lograron algo que parec\u00eda imposible<\/b>\u201d.<\/p>\n<p class=\"paragraph\">Notre Dame pertenece a los creyentes pero tambi\u00e9n a toda Francia y al mundo entero, dijo, y es \u201c<b>m\u00e1s grande que nosotros<\/b>\u201d. As\u00ed lo demuestra a su juicio la ola de solidaridad mundial que sigui\u00f3 al incendio y se materializ\u00f3 en 340.000 mecenas de medio centenar de pa\u00edses.<\/p>\n<div class=\" visual__image\"><picture><source srcset=\"https:\/\/www.infobae.com\/resizer\/v2\/YMIEJJNQJZEM5FCEFP4LLZOOBI.jpg?auth=7e4e6e634299b040d7064d093363ac6d0d7179d19412f94efb468f3397166070&amp;smart=true&amp;width=992&amp;height=661&amp;quality=85\" media=\"(min-width: 1000px)\"\/><source srcset=\"https:\/\/www.infobae.com\/resizer\/v2\/YMIEJJNQJZEM5FCEFP4LLZOOBI.jpg?auth=7e4e6e634299b040d7064d093363ac6d0d7179d19412f94efb468f3397166070&amp;smart=true&amp;width=768&amp;height=512&amp;quality=85\" media=\"(min-width: 768px)\"\/><source srcset=\"https:\/\/www.infobae.com\/resizer\/v2\/YMIEJJNQJZEM5FCEFP4LLZOOBI.jpg?auth=7e4e6e634299b040d7064d093363ac6d0d7179d19412f94efb468f3397166070&amp;smart=true&amp;width=577&amp;height=385&amp;quality=85\" media=\"(min-width: 580px)\"\/><source srcset=\"https:\/\/www.infobae.com\/resizer\/v2\/YMIEJJNQJZEM5FCEFP4LLZOOBI.jpg?auth=7e4e6e634299b040d7064d093363ac6d0d7179d19412f94efb468f3397166070&amp;smart=true&amp;width=420&amp;height=280&amp;quality=85\" media=\"(min-width: 350px)\"\/><source srcset=\"https:\/\/www.infobae.com\/resizer\/v2\/YMIEJJNQJZEM5FCEFP4LLZOOBI.jpg?auth=7e4e6e634299b040d7064d093363ac6d0d7179d19412f94efb468f3397166070&amp;smart=true&amp;width=350&amp;height=233&amp;quality=85\" media=\"(min-width: 80px)\"\/><img alt=\"Macron con trabajadores y expertos de la restauraci\u00f3n (PETIT TESSON\/AFP)\" class=\"global-image\" decoding=\"async\" fetchpriority=\"low\" height=\"3846\" loading=\"lazy\" src=\"https:\/\/www.infobae.com\/resizer\/v2\/YMIEJJNQJZEM5FCEFP4LLZOOBI.jpg?auth=7e4e6e634299b040d7064d093363ac6d0d7179d19412f94efb468f3397166070&amp;smart=true&amp;width=350&amp;height=233&amp;quality=85\" width=\"5769\"\/><\/picture><figcaption class=\"article-figcaption-img\">Macron con trabajadores y expertos de la restauraci\u00f3n (PETIT TESSON\/AFP)<\/figcaption><\/div>\n<p class=\"paragraph\">Visiblemente emocionado, tuvo un especial recuerdo para el general <b>Jean-Louis Georgelin<\/b>, que estuvo a cargo del proyecto de la reconstrucci\u00f3n hasta su muerte accidental en agosto de 2023. \u201c<b>Creo que hubiera estado orgulloso y feliz<\/b>\u201d, asegur\u00f3.<\/p>\n<p class=\"paragraph\">Tampoco dej\u00f3 de resaltar la acci\u00f3n de los <b>bomberos de Par\u00eds<\/b>, que dieron un ejemplo de \u201c<b>coraje, grandeza y sacrificio<\/b>\u201d para preservar el templo g\u00f3tico de la destrucci\u00f3n total por las llamas. Fueron, seg\u00fan el presidente, los primeros en empezar a reconstruir Notre Dame desde aquel mismo d\u00eda.<\/p>\n<p class=\"paragraph\">Despu\u00e9s llegaron <b>arquitectos, canteros, carpinteros, talladores, pintores e innumerables especialistas<\/b> a los que Macron invit\u00f3 este viernes a no olvidar nunca \u201cque durante 5 a\u00f1os de sus vidas han compartido la obra m\u00e1s bella del siglo\u201d.<\/p>\n<div class=\" visual__image\"><picture><source srcset=\"https:\/\/www.infobae.com\/resizer\/v2\/ITVVQ5QM75ASZLPRS4HQPYMA44.jpg?auth=44468c21aa3a7350e4be6436466ce0eca179bf06aa44041f4b97100429751997&amp;smart=true&amp;width=992&amp;height=661&amp;quality=85\" media=\"(min-width: 1000px)\"\/><source srcset=\"https:\/\/www.infobae.com\/resizer\/v2\/ITVVQ5QM75ASZLPRS4HQPYMA44.jpg?auth=44468c21aa3a7350e4be6436466ce0eca179bf06aa44041f4b97100429751997&amp;smart=true&amp;width=768&amp;height=512&amp;quality=85\" media=\"(min-width: 768px)\"\/><source srcset=\"https:\/\/www.infobae.com\/resizer\/v2\/ITVVQ5QM75ASZLPRS4HQPYMA44.jpg?auth=44468c21aa3a7350e4be6436466ce0eca179bf06aa44041f4b97100429751997&amp;smart=true&amp;width=577&amp;height=385&amp;quality=85\" media=\"(min-width: 580px)\"\/><source srcset=\"https:\/\/www.infobae.com\/resizer\/v2\/ITVVQ5QM75ASZLPRS4HQPYMA44.jpg?auth=44468c21aa3a7350e4be6436466ce0eca179bf06aa44041f4b97100429751997&amp;smart=true&amp;width=420&amp;height=280&amp;quality=85\" media=\"(min-width: 350px)\"\/><source srcset=\"https:\/\/www.infobae.com\/resizer\/v2\/ITVVQ5QM75ASZLPRS4HQPYMA44.jpg?auth=44468c21aa3a7350e4be6436466ce0eca179bf06aa44041f4b97100429751997&amp;smart=true&amp;width=350&amp;height=233&amp;quality=85\" media=\"(min-width: 80px)\"\/><img alt=\"Vista general del interior de Notre Dame (Sarah Meyssonnier\/AFP)\" class=\"global-image\" decoding=\"async\" fetchpriority=\"low\" height=\"3667\" loading=\"lazy\" src=\"https:\/\/www.infobae.com\/resizer\/v2\/ITVVQ5QM75ASZLPRS4HQPYMA44.jpg?auth=44468c21aa3a7350e4be6436466ce0eca179bf06aa44041f4b97100429751997&amp;smart=true&amp;width=350&amp;height=233&amp;quality=85\" width=\"5500\"\/><\/picture><figcaption class=\"article-figcaption-img\">Vista general del interior de Notre Dame (Sarah Meyssonnier\/AFP)<\/figcaption><\/div>\n<p class=\"paragraph\">La reconstrucci\u00f3n, en la que han participado m\u00e1s de 2.000 trabajadores y 250 empresas a lo largo de estos cinco a\u00f1os, ha dejado Notre Dame esencialmente fiel a su configuraci\u00f3n precedente, aunque se han hecho modificaciones para elevar los est\u00e1ndares de seguridad y poder evitar siniestros como el de 2019.<\/p>\n<p class=\"paragraph\">El proyecto ha contado con un <b>presupuesto de 700 millones de euros<\/b> y aunque la gran reinauguraci\u00f3n oficial se realizar\u00e1 el <b>7 de diciembre<\/b> -seguida, el <b>d\u00eda 8<\/b>, de una reapertura al p\u00fablico con una misa por la ma\u00f1ana y otra por la tarde-, las obras en Notre Dame deber\u00e1n continuar hasta 2030.<\/p>\n<p class=\"paragraph\"><i>(Con informaci\u00f3n de EFE)<\/i><\/p>\n<\/div>\n<p><script defer=\"\">!function(f,b,e,v,n,t,s) {if(f.fbq)return;n=f.fbq=function(){n.callMethod? n.callMethod.apply(n,arguments):n.queue.push(arguments)}; if(!f._fbq)f._fbq=n;n.push=n;n.loaded=!0;n.version='2.0'; n.queue=[];t=b.createElement(e);t.async=!0; t.src=v;s=b.getElementsByTagName(e)[0]; s.parentNode.insertBefore(t,s)}(window, document,'script', ' fbq('init', '336383993555320'); fbq('track', 'PageView'); fbq('track', 'ViewContent');<\/script><script src=\"https:\/\/connect.facebook.net\/en_US\/sdk.js\" crossorigin=\"anonymous\" defer=\"\"><\/script><\/p>\n","protected":false},"excerpt":{"rendered":"<p>Emmanuel Macron visit\u00f3 Notre Dame El presidente franc\u00e9s, Emmanuel Macron, dio las gracias este viernes a los implicados en la restauraci\u00f3n de Notre Dame de Par\u00eds por haber \u201cconvertido el carb\u00f3n en arte\u201d, durante su visita a las obras que sirvi\u00f3 para descubrir el nuevo aspecto de su interior, m\u00e1s luminoso y con muros blanqueados. [&hellip;]<\/p>\n","protected":false},"author":2,"featured_media":27388,"comment_status":"","ping_status":"","sticky":false,"template":"","format":"standard","meta":{"footnotes":""},"categories":[3],"tags":[],"_links":{"self":[{"href":"https:\/\/maxradio923.com.ar\/index.php\/wp-json\/wp\/v2\/posts\/27387"}],"collection":[{"href":"https:\/\/maxradio923.com.ar\/index.php\/wp-json\/wp\/v2\/posts"}],"about":[{"href":"https:\/\/maxradio923.com.ar\/index.php\/wp-json\/wp\/v2\/types\/post"}],"author":[{"embeddable":true,"href":"https:\/\/maxradio923.com.ar\/index.php\/wp-json\/wp\/v2\/users\/2"}],"replies":[{"embeddable":true,"href":"https:\/\/maxradio923.com.ar\/index.php\/wp-json\/wp\/v2\/comments?post=27387"}],"version-history":[{"count":0,"href":"https:\/\/maxradio923.com.ar\/index.php\/wp-json\/wp\/v2\/posts\/27387\/revisions"}],"wp:featuredmedia":[{"embeddable":true,"href":"https:\/\/maxradio923.com.ar\/index.php\/wp-json\/wp\/v2\/media\/27388"}],"wp:attachment":[{"href":"https:\/\/maxradio923.com.ar\/index.php\/wp-json\/wp\/v2\/media?parent=27387"}],"wp:term":[{"taxonomy":"category","embeddable":true,"href":"https:\/\/maxradio923.com.ar\/index.php\/wp-json\/wp\/v2\/categories?post=27387"},{"taxonomy":"post_tag","embeddable":true,"href":"https:\/\/maxradio923.com.ar\/index.php\/wp-json\/wp\/v2\/tags?post=27387"}],"curies":[{"name":"wp","href":"https:\/\/api.w.org\/{rel}","templated":true}]}}