{"id":27370,"date":"2024-11-29T18:20:04","date_gmt":"2024-11-29T21:20:04","guid":{"rendered":"https:\/\/maxradio923.com.ar\/index.php\/2024\/11\/29\/un-ballo-in-maschera-con-verdi-un-final-de-temporada-atinado-y-seguro\/"},"modified":"2024-11-29T18:20:04","modified_gmt":"2024-11-29T21:20:04","slug":"un-ballo-in-maschera-con-verdi-un-final-de-temporada-atinado-y-seguro","status":"publish","type":"post","link":"https:\/\/maxradio923.com.ar\/index.php\/2024\/11\/29\/un-ballo-in-maschera-con-verdi-un-final-de-temporada-atinado-y-seguro\/","title":{"rendered":"Un ballo in maschera: con Verdi, un final de temporada atinado y seguro"},"content":{"rendered":"<p><\/p>\n<div>\n<p class=\"com-paragraph   --s\"><em><strong>Un ballo in maschera<\/strong><\/em><strong>, \u00f3pera de Giuseppe Verdi. Elenco:<\/strong> Ram\u00f3n Vargas (Riccardo), Alessandra Di Giorgio (Amelia), Germ\u00e1n Alc\u00e1ntara (Renato), Guadalupe Barrientos (Ulrika), Oriana Favaro (\u00d3scar), Fernando Rad\u00f3 (Samuel), Lucas Debevec Mayer (Tom), Crisitan de Marco (Sergio Wamba), Juan Gonz\u00e1lez Cueto (juez), Diego Bento (sirviente). Coro y Orquesta Estables del Teatro Col\u00f3n. <strong>Direcci\u00f3n musical:<\/strong> Beatrice Venezi. <strong>Direcci\u00f3n de escena:<\/strong> Rita Cosentino. Funci\u00f3n del Gran Abono, Teatro Col\u00f3n. <strong>Nuestra opini\u00f3n:<\/strong> muy buena.<\/p>\n<p class=\"com-paragraph   --s\">La funci\u00f3n inaugural de <em><strong>Un ballo in maschera<\/strong><\/em> cumpli\u00f3 con todos los requisitos de una buena presentaci\u00f3n. El elenco, la orquesta, la puesta en escena y todos los involucrados en el buen devenir de una \u00f3pera cumplieron correcta o sobradamente con sus tareas. Con todo, en el final del evento,<mark class=\"hl_underline\"> las emociones intensas no parecieron aflorar y las ovaciones, que no fueron atronadoras, estuvieron destinadas para premiar o agradecer a aquellos cantantes que demostraron sus val\u00edas en las arias o escenas de conjunto en las que les toc\u00f3 intervenir.<\/mark> Casi una rutina de poco voltaje, aun cuando la representaci\u00f3n no tuvo ning\u00fan punto d\u00e9bil ni, mucho menos, alg\u00fan accidente inesperado. Las razones de esta situaci\u00f3n hay que buscarlas en una \u00f3pera que, m\u00e1s all\u00e1 de<strong> la consabida maestr\u00eda de Verdi<\/strong>, conforme van pasando los a\u00f1os revela toda su insustancialidad, con un argumento remanido, forzado, anodino, insulso y abundoso en lugares comunes que da lugar a que no exista casi posibilidad alguna de identificaci\u00f3n con alguno de sus personajes. Tal vez s\u00ed, tal vez no, es dif\u00edcil imaginar que alguna l\u00e1grima o alguna conmoci\u00f3n profunda hayan aflorado en alg\u00fan espectador ante la agon\u00eda y muerte de Riccardo, un gobernador noble y magn\u00e1nimo. A su manera, y sin posibilidad concreta de una medici\u00f3n exacta, la ovaci\u00f3n m\u00e1s estruendosa de la noche la recibi\u00f3 <strong>Guadalupe Barrientos,<\/strong> que personificando a la bruja\/m\u00e9dium\/adivina Ulrika, solo aparece en el segundo cuadro del primer acto. Su canto amplio, envolvente, generoso y de un registro s\u00f3lido en toda su extensi\u00f3n fue suficiente raz\u00f3n para que, cuando sali\u00f3 a saludar, en el final del primer acto, emergiera un griter\u00edo y un fragor que nadie m\u00e1s promover\u00eda.<\/p>\n<p class=\"com-paragraph   --s\"><strong>Rita Cosentino<\/strong>, con creatividad e ideas claras para consumar una puesta acertada, llev\u00f3 la acci\u00f3n hacia los comienzos del siglo XX. El toque original o diferente fue darle presencia esc\u00e9nica al hijo de Renato y Amelia, la prenda de cambio dentro de una violenta disputa matrimonial. Con todo, fue apenas un hecho simb\u00f3lico que, en realidad, poco aport\u00f3 para darle profundidad a un libreto tan esquem\u00e1tico como forzado y que, en la pr\u00e1ctica, no da demasiadas opciones de adaptaciones, aperturas o relecturas. M\u00e1s a\u00fan, su correcta direcci\u00f3n actoral y la certeza de los movimientos esc\u00e9nicos poco pudieron hacer para dar alguna soluci\u00f3n creativa ante las innumerables (y extensas) detenciones del avance argumental que inevitablemente tienen lugar cada vez que uno de los personajes entona una o m\u00e1s arias.<\/p>\n<div class=\"content-media\">\n<section role=\"button\" class=\"mod-media   \">\n<figure role=\"button\" class=\"mod-figure \"><figcaption class=\"mod-figcaption\"><span class=\"com-text --caption --twoxs\">Ram\u00f3n Vargas en Un ballo in maschera, cierre de temporada l\u00edrica en el Teatro Col\u00f3n<\/span><span class=\"com-text --credit --twoxs\">PRENSA TEATRO COL\u00d3N \/ LUC\u00cdA RIVERO<\/span><\/figcaption><\/figure>\n<\/section>\n<\/div>\n<p class=\"com-paragraph   --s\">En su regreso al Col\u00f3n, <mark class=\"hl_underline\">Ram\u00f3n Vargas demostr\u00f3 que, ya veterano en estas lides, sigue conservando un canto pulcro, atinado y seguro, sin inconvenientes de ning\u00fan tipo para alcanzar los agudos que Verdi le sembr\u00f3 profusamente al personaje.<\/mark> Adem\u00e1s de haber sorteado con maestr\u00eda sus numerosas romanzas y arias, se integr\u00f3 perfectamente en todas las escenas de conjunto en las que tuvo que participar. Un p\u00e1rrafo especial para el d\u00fao del segundo acto, cuando, junto con <strong>Alessandra Di Giorgio<\/strong> compusieron un d\u00fao impecable en el que manifiestan la alegr\u00eda y la desaz\u00f3n por un enamoramiento inviable. La soprano italiana demostr\u00f3 ser una gran cantante \u201cmultiuso\u201d, capaz de afrontar sin problemas los pasajes tr\u00e1gicos o de coloratura y tambi\u00e9n de pasearse sin sobresaltos por las zonas graves, con bajos densos. Particularmente notable se mostr\u00f3 en el tercer acto con \u201c<em>Morr\u00f2, ma prima in grazia<\/em>\u201d, suplicando a Renato que le permita despedirse de su hijo. <strong>Germ\u00e1n Alc\u00e1ntara, <\/strong>el Renato en cuesti\u00f3n, ofreci\u00f3 una voz amplia y mayormente en\u00e9rgica a todo lo largo de la \u00f3pera, sin tantas variantes, adem\u00e1s con bajos no tan espesos. Oriana Favaro entreg\u00f3 toda su gracia, sus certezas y su eficiencia vocal en la construcci\u00f3n de \u00d3scar, ese sirviente masculino al cual Verdi decidi\u00f3 ponerle voz femenina, toda una antig\u00fcedad que, a su manera, contribuye tambi\u00e9n a sumar una ridiculez m\u00e1s a las incoherencias del libreto. Muy seguros, Fernando Rad\u00f3 y Lucas Debevec Mayer pusieron sus voces poderosas para darles vida a los intrigantes Samuel y Tom.<\/p>\n<p class=\"com-paragraph   --s\">Con una vestimenta blanca y vaporosa que reci\u00e9n se pudo observar cuando, batuta en mano, subi\u00f3 al escenario para saludar, la italiana <strong>Beatrice Venezi <\/strong>bien condujo los destinos musicales de la \u00f3pera, m\u00e1s all\u00e1 de algunos desajustes m\u00ednimos entre coro y orquesta, quiz\u00e1s producto de las distancias f\u00edsicas entre uno y otra. Para el final, nuevamente el elogio al desempe\u00f1o tan breve como brillante de Guadalupe Barrientos. Su personaje es una pitonisa sombr\u00eda y macabra. Con su voz y su musicalidad, ella la vuelve atractiva y seductora.<\/p>\n<section class=\"border border-bottom border-thin border-neutral-light-100 py-24 mb-32\">\n<div class=\"w-100 flex flex-column gap-4\"><span class=\"text ln-text text-12\">Conforme a <strong> los criterios de<\/strong><\/span><\/div>\n<\/section>\n<\/div>\n","protected":false},"excerpt":{"rendered":"<p>Un ballo in maschera, \u00f3pera de Giuseppe Verdi. Elenco: Ram\u00f3n Vargas (Riccardo), Alessandra Di Giorgio (Amelia), Germ\u00e1n Alc\u00e1ntara (Renato), Guadalupe Barrientos (Ulrika), Oriana Favaro (\u00d3scar), Fernando Rad\u00f3 (Samuel), Lucas Debevec Mayer (Tom), Crisitan de Marco (Sergio Wamba), Juan Gonz\u00e1lez Cueto (juez), Diego Bento (sirviente). Coro y Orquesta Estables del Teatro Col\u00f3n. Direcci\u00f3n musical: Beatrice Venezi. [&hellip;]<\/p>\n","protected":false},"author":2,"featured_media":27371,"comment_status":"","ping_status":"","sticky":false,"template":"","format":"standard","meta":{"footnotes":""},"categories":[14],"tags":[],"_links":{"self":[{"href":"https:\/\/maxradio923.com.ar\/index.php\/wp-json\/wp\/v2\/posts\/27370"}],"collection":[{"href":"https:\/\/maxradio923.com.ar\/index.php\/wp-json\/wp\/v2\/posts"}],"about":[{"href":"https:\/\/maxradio923.com.ar\/index.php\/wp-json\/wp\/v2\/types\/post"}],"author":[{"embeddable":true,"href":"https:\/\/maxradio923.com.ar\/index.php\/wp-json\/wp\/v2\/users\/2"}],"replies":[{"embeddable":true,"href":"https:\/\/maxradio923.com.ar\/index.php\/wp-json\/wp\/v2\/comments?post=27370"}],"version-history":[{"count":0,"href":"https:\/\/maxradio923.com.ar\/index.php\/wp-json\/wp\/v2\/posts\/27370\/revisions"}],"wp:featuredmedia":[{"embeddable":true,"href":"https:\/\/maxradio923.com.ar\/index.php\/wp-json\/wp\/v2\/media\/27371"}],"wp:attachment":[{"href":"https:\/\/maxradio923.com.ar\/index.php\/wp-json\/wp\/v2\/media?parent=27370"}],"wp:term":[{"taxonomy":"category","embeddable":true,"href":"https:\/\/maxradio923.com.ar\/index.php\/wp-json\/wp\/v2\/categories?post=27370"},{"taxonomy":"post_tag","embeddable":true,"href":"https:\/\/maxradio923.com.ar\/index.php\/wp-json\/wp\/v2\/tags?post=27370"}],"curies":[{"name":"wp","href":"https:\/\/api.w.org\/{rel}","templated":true}]}}