{"id":27366,"date":"2024-11-29T17:55:02","date_gmt":"2024-11-29T20:55:02","guid":{"rendered":"https:\/\/maxradio923.com.ar\/index.php\/2024\/11\/29\/segun-bloomberg-la-primera-privatizacion-de-milei-esta-en-duda-por-deuda-de-usd-536-millones\/"},"modified":"2024-11-29T17:55:02","modified_gmt":"2024-11-29T20:55:02","slug":"segun-bloomberg-la-primera-privatizacion-de-milei-esta-en-duda-por-deuda-de-usd-536-millones","status":"publish","type":"post","link":"https:\/\/maxradio923.com.ar\/index.php\/2024\/11\/29\/segun-bloomberg-la-primera-privatizacion-de-milei-esta-en-duda-por-deuda-de-usd-536-millones\/","title":{"rendered":"Seg\u00fan Bloomberg, la primera privatizaci\u00f3n de Milei est\u00e1 en duda por deuda de USD 536 millones"},"content":{"rendered":"<p><\/p>\n<div>\n<div class=\" visual__image\"><picture><source srcset=\"https:\/\/www.infobae.com\/resizer\/v2\/CLHBT5PZ6JBDZCGJZ62UYRVHC4.jpg?auth=6bf6d0aa490e27717c76c6f673ae53bba2b564575b62e8843362b2cc1a320fc9&amp;smart=true&amp;width=992&amp;height=558&amp;quality=85\" media=\"(min-width: 1000px)\"\/><source srcset=\"https:\/\/www.infobae.com\/resizer\/v2\/CLHBT5PZ6JBDZCGJZ62UYRVHC4.jpg?auth=6bf6d0aa490e27717c76c6f673ae53bba2b564575b62e8843362b2cc1a320fc9&amp;smart=true&amp;width=768&amp;height=432&amp;quality=85\" media=\"(min-width: 768px)\"\/><source srcset=\"https:\/\/www.infobae.com\/resizer\/v2\/CLHBT5PZ6JBDZCGJZ62UYRVHC4.jpg?auth=6bf6d0aa490e27717c76c6f673ae53bba2b564575b62e8843362b2cc1a320fc9&amp;smart=true&amp;width=577&amp;height=325&amp;quality=85\" media=\"(min-width: 580px)\"\/><source srcset=\"https:\/\/www.infobae.com\/resizer\/v2\/CLHBT5PZ6JBDZCGJZ62UYRVHC4.jpg?auth=6bf6d0aa490e27717c76c6f673ae53bba2b564575b62e8843362b2cc1a320fc9&amp;smart=true&amp;width=420&amp;height=236&amp;quality=85\" media=\"(min-width: 350px)\"\/><source srcset=\"https:\/\/www.infobae.com\/resizer\/v2\/CLHBT5PZ6JBDZCGJZ62UYRVHC4.jpg?auth=6bf6d0aa490e27717c76c6f673ae53bba2b564575b62e8843362b2cc1a320fc9&amp;smart=true&amp;width=350&amp;height=197&amp;quality=85\" media=\"(min-width: 80px)\"\/><img alt=\"\" class=\"global-image\" decoding=\"async\" fetchpriority=\"high\" height=\"1080\" loading=\"eager\" src=\"https:\/\/www.infobae.com\/resizer\/v2\/CLHBT5PZ6JBDZCGJZ62UYRVHC4.jpg?auth=6bf6d0aa490e27717c76c6f673ae53bba2b564575b62e8843362b2cc1a320fc9&amp;smart=true&amp;width=350&amp;height=197&amp;quality=85\" width=\"1920\"\/><\/picture><\/div>\n<p class=\"paragraph\">El presidente<b> Javier Milei<\/b> puso como fecha l\u00edmite diciembre para el primer intento de Argentina de vender una larga lista de empresas p\u00fablicas al sector privado, dejando en evidencia lo dif\u00edcil que ser\u00e1 para el gobierno deshacerse de ellas.<\/p>\n<p class=\"paragraph\">Las privatizaciones forman parte de la agresiva campa\u00f1a de austeridad de Milei, que simboliza con una motosierra. El mandatario no cree que el gobierno deba administrar las empresas, y dice reiteradamente que \u201ctodo lo que se pueda privatizar, lo vamos a privatizar\u201d. Milei espera vender ferrocarriles, bancos, una aerol\u00ednea y muchas otras empresas p\u00fablicas.<\/p>\n<p class=\"paragraph\">Su administraci\u00f3n eligi\u00f3 a la constructora de proyectos hidroel\u00e9ctricos Industria Metal\u00fargicas Pescarmona (Impsa) como su primer objetivo de privatizaci\u00f3n. Y ha mantenido negociaciones con un posible comprador: Industrial Acquisitions Fund (IAF), un veh\u00edculo de prop\u00f3sito especial estadounidense que adquiere y revitaliza empresas en los sectores de energ\u00eda e infraestructura, seg\u00fan una fuente con conocimiento directo.<\/p>\n<div class=\"blockquote\">\n<blockquote class=\"color_figcaption\"><p>La administraci\u00f3n de Milei impone un plazo: Impsa debe ser privatizada antes del 15 de diciembre, o, de lo contrario, se declarar\u00e1 en quiebra<\/p><\/blockquote>\n<\/div>\n<p class=\"paragraph\">Pero el problema es que Impsa todav\u00eda debe USD 536 millones a sus acreedores, e IAF quiere liquidar esas deudas antes de comprar la empresa, seg\u00fan la fuente, que pidi\u00f3 no ser identificada porque el proceso est\u00e1 en curso. Impsa es en su mayor parte propiedad del gobierno nacional y del gobierno provincial de Mendoza, donde tiene su sede.<\/p>\n<div class=\" visual__image\"><picture><source srcset=\"https:\/\/www.infobae.com\/resizer\/v2\/637AKWFZA5CS5DHZ7MMNQODXDE.png?auth=0901bee19eb9710c6d1aa1cfce9fc1a5c0a87913bd69e99d4caad99de8ac2c26&amp;smart=true&amp;width=992&amp;height=661&amp;quality=85\" media=\"(min-width: 1000px)\"\/><source srcset=\"https:\/\/www.infobae.com\/resizer\/v2\/637AKWFZA5CS5DHZ7MMNQODXDE.png?auth=0901bee19eb9710c6d1aa1cfce9fc1a5c0a87913bd69e99d4caad99de8ac2c26&amp;smart=true&amp;width=768&amp;height=512&amp;quality=85\" media=\"(min-width: 768px)\"\/><source srcset=\"https:\/\/www.infobae.com\/resizer\/v2\/637AKWFZA5CS5DHZ7MMNQODXDE.png?auth=0901bee19eb9710c6d1aa1cfce9fc1a5c0a87913bd69e99d4caad99de8ac2c26&amp;smart=true&amp;width=577&amp;height=385&amp;quality=85\" media=\"(min-width: 580px)\"\/><source srcset=\"https:\/\/www.infobae.com\/resizer\/v2\/637AKWFZA5CS5DHZ7MMNQODXDE.png?auth=0901bee19eb9710c6d1aa1cfce9fc1a5c0a87913bd69e99d4caad99de8ac2c26&amp;smart=true&amp;width=420&amp;height=280&amp;quality=85\" media=\"(min-width: 350px)\"\/><source srcset=\"https:\/\/www.infobae.com\/resizer\/v2\/637AKWFZA5CS5DHZ7MMNQODXDE.png?auth=0901bee19eb9710c6d1aa1cfce9fc1a5c0a87913bd69e99d4caad99de8ac2c26&amp;smart=true&amp;width=350&amp;height=233&amp;quality=85\" media=\"(min-width: 80px)\"\/><img alt=\"Javier Milei\" class=\"global-image\" decoding=\"async\" fetchpriority=\"low\" height=\"939\" loading=\"lazy\" src=\"https:\/\/www.infobae.com\/resizer\/v2\/637AKWFZA5CS5DHZ7MMNQODXDE.png?auth=0901bee19eb9710c6d1aa1cfce9fc1a5c0a87913bd69e99d4caad99de8ac2c26&amp;smart=true&amp;width=350&amp;height=233&amp;quality=85\" width=\"1411\"\/><\/picture><figcaption class=\"article-figcaption-img\">Javier Milei<\/figcaption><\/div>\n<p class=\"paragraph\">La empresa es un microcosmos de las propias debacles de la deuda soberana argentina. Reestructur\u00f3 su deuda dos veces en la \u00faltima d\u00e9cada, mientras que sus bonos internacionales representan el 38,4% de su cartera y se ofrecen actualmente a solo una d\u00e9cima parte de su valor de emisi\u00f3n.<\/p>\n<p class=\"paragraph\">La administraci\u00f3n de Milei impone un plazo: Impsa debe ser privatizada antes del 15 de diciembre, o, de lo contrario, se declarar\u00e1 en quiebra, seg\u00fan la fuente. Para resolver la carga de la deuda, IAF contrat\u00f3 a la corredora AdCap Securities, con sede en Buenos Aires, antes de adquirir la empresa.<\/p>\n<div class=\"blockquote\">\n<blockquote class=\"color_figcaption\"><p>Impsa es en su mayor parte propiedad del gobierno nacional y del gobierno provincial de Mendoza, donde tiene su sede<\/p><\/blockquote>\n<\/div>\n<p class=\"paragraph\">AdCap declin\u00f3 hacer comentarios sobre cu\u00e1l ser\u00eda la soluci\u00f3n exacta para la deuda. Impsa, IAF y el Ministerio de Econom\u00eda de Argentina no respondieron a solicitudes de comentarios.<\/p>\n<p class=\"paragraph\">El caso de esta empresa ejemplifica los desaf\u00edos a los que se enfrenta Milei para liberar al gobierno argentino de su red de empresas. Huelgas laborales han perturbado este a\u00f1o las operaciones de la estatal Aerol\u00edneas Argentinas y del mayor empleador p\u00fablico, el gigante ferroviario Trenes Argentinos. El presidente inici\u00f3 recientemente el proceso de licitaci\u00f3n de la empresa ferroviaria de carga del pa\u00eds, pero un posible comprador se enfrentar\u00eda a una red en profundo deterioro.<\/p>\n<p class=\"paragraph\">Creada en 1907, Impsa se fund\u00f3 en Mendoza, la principal regi\u00f3n vitivin\u00edcola de Argentina, donde fabricaba piezas de repuestos de material de fundici\u00f3n de hierro, equipos para la industria vitivin\u00edcola y compuertas para los canales de irrigaci\u00f3n. M\u00e1s recientemente, se ha centrado en proyectos hidroel\u00e9ctricos y maquinaria pesada en puertos de carga.<\/p>\n<p class=\"paragraph\"><i><b>Con informaci\u00f3n de Bloomberg<\/b><\/i><\/p>\n<\/div>\n<p><script defer=\"\">!function(f,b,e,v,n,t,s) {if(f.fbq)return;n=f.fbq=function(){n.callMethod? n.callMethod.apply(n,arguments):n.queue.push(arguments)}; if(!f._fbq)f._fbq=n;n.push=n;n.loaded=!0;n.version='2.0'; n.queue=[];t=b.createElement(e);t.async=!0; t.src=v;s=b.getElementsByTagName(e)[0]; s.parentNode.insertBefore(t,s)}(window, document,'script', ' fbq('init', '336383993555320'); fbq('track', 'PageView'); fbq('track', 'ViewContent');<\/script><script src=\"https:\/\/connect.facebook.net\/en_US\/sdk.js\" crossorigin=\"anonymous\" defer=\"\"><\/script><\/p>\n","protected":false},"excerpt":{"rendered":"<p>El presidente Javier Milei puso como fecha l\u00edmite diciembre para el primer intento de Argentina de vender una larga lista de empresas p\u00fablicas al sector privado, dejando en evidencia lo dif\u00edcil que ser\u00e1 para el gobierno deshacerse de ellas. Las privatizaciones forman parte de la agresiva campa\u00f1a de austeridad de Milei, que simboliza con una [&hellip;]<\/p>\n","protected":false},"author":2,"featured_media":27367,"comment_status":"","ping_status":"","sticky":false,"template":"","format":"standard","meta":{"footnotes":""},"categories":[2],"tags":[],"_links":{"self":[{"href":"https:\/\/maxradio923.com.ar\/index.php\/wp-json\/wp\/v2\/posts\/27366"}],"collection":[{"href":"https:\/\/maxradio923.com.ar\/index.php\/wp-json\/wp\/v2\/posts"}],"about":[{"href":"https:\/\/maxradio923.com.ar\/index.php\/wp-json\/wp\/v2\/types\/post"}],"author":[{"embeddable":true,"href":"https:\/\/maxradio923.com.ar\/index.php\/wp-json\/wp\/v2\/users\/2"}],"replies":[{"embeddable":true,"href":"https:\/\/maxradio923.com.ar\/index.php\/wp-json\/wp\/v2\/comments?post=27366"}],"version-history":[{"count":0,"href":"https:\/\/maxradio923.com.ar\/index.php\/wp-json\/wp\/v2\/posts\/27366\/revisions"}],"wp:featuredmedia":[{"embeddable":true,"href":"https:\/\/maxradio923.com.ar\/index.php\/wp-json\/wp\/v2\/media\/27367"}],"wp:attachment":[{"href":"https:\/\/maxradio923.com.ar\/index.php\/wp-json\/wp\/v2\/media?parent=27366"}],"wp:term":[{"taxonomy":"category","embeddable":true,"href":"https:\/\/maxradio923.com.ar\/index.php\/wp-json\/wp\/v2\/categories?post=27366"},{"taxonomy":"post_tag","embeddable":true,"href":"https:\/\/maxradio923.com.ar\/index.php\/wp-json\/wp\/v2\/tags?post=27366"}],"curies":[{"name":"wp","href":"https:\/\/api.w.org\/{rel}","templated":true}]}}