{"id":27350,"date":"2024-11-29T14:25:03","date_gmt":"2024-11-29T17:25:03","guid":{"rendered":"https:\/\/maxradio923.com.ar\/index.php\/2024\/11\/29\/fin-del-impuesto-pais-una-automotriz-anuncio-que-bajara-el-precio-de-sus-autos-desde-el-lunes\/"},"modified":"2024-11-29T14:25:03","modified_gmt":"2024-11-29T17:25:03","slug":"fin-del-impuesto-pais-una-automotriz-anuncio-que-bajara-el-precio-de-sus-autos-desde-el-lunes","status":"publish","type":"post","link":"https:\/\/maxradio923.com.ar\/index.php\/2024\/11\/29\/fin-del-impuesto-pais-una-automotriz-anuncio-que-bajara-el-precio-de-sus-autos-desde-el-lunes\/","title":{"rendered":"Fin del Impuesto PAIS: una automotriz anunci\u00f3 que bajar\u00e1 el precio de sus autos desde el lunes"},"content":{"rendered":"<p><\/p>\n<div>\n<div class=\" visual__image\"><picture><source srcset=\"https:\/\/www.infobae.com\/resizer\/v2\/JWUQQXSTVRBKVDOV3QV4XWR6CU.jpg?auth=d352ac5ba2b8da22def59aa48b9ac1414539e44d049104ba81efe4368fd63615&amp;smart=true&amp;width=992&amp;height=558&amp;quality=85\" media=\"(min-width: 1000px)\"\/><source srcset=\"https:\/\/www.infobae.com\/resizer\/v2\/JWUQQXSTVRBKVDOV3QV4XWR6CU.jpg?auth=d352ac5ba2b8da22def59aa48b9ac1414539e44d049104ba81efe4368fd63615&amp;smart=true&amp;width=768&amp;height=432&amp;quality=85\" media=\"(min-width: 768px)\"\/><source srcset=\"https:\/\/www.infobae.com\/resizer\/v2\/JWUQQXSTVRBKVDOV3QV4XWR6CU.jpg?auth=d352ac5ba2b8da22def59aa48b9ac1414539e44d049104ba81efe4368fd63615&amp;smart=true&amp;width=577&amp;height=325&amp;quality=85\" media=\"(min-width: 580px)\"\/><source srcset=\"https:\/\/www.infobae.com\/resizer\/v2\/JWUQQXSTVRBKVDOV3QV4XWR6CU.jpg?auth=d352ac5ba2b8da22def59aa48b9ac1414539e44d049104ba81efe4368fd63615&amp;smart=true&amp;width=420&amp;height=236&amp;quality=85\" media=\"(min-width: 350px)\"\/><source srcset=\"https:\/\/www.infobae.com\/resizer\/v2\/JWUQQXSTVRBKVDOV3QV4XWR6CU.jpg?auth=d352ac5ba2b8da22def59aa48b9ac1414539e44d049104ba81efe4368fd63615&amp;smart=true&amp;width=350&amp;height=197&amp;quality=85\" media=\"(min-width: 80px)\"\/><img alt=\"Como acompa\u00f1amiento a la eliminaci\u00f3n del impuesto PAIS y para amortiguar una ca\u00edda de ventas por la expectativa de precios m\u00e1s bajos en enero, Toyota anunci\u00f3 que sus precios bajan desde el 1 de diciembre\" class=\"global-image\" decoding=\"async\" fetchpriority=\"high\" height=\"1080\" loading=\"eager\" src=\"https:\/\/www.infobae.com\/resizer\/v2\/JWUQQXSTVRBKVDOV3QV4XWR6CU.jpg?auth=d352ac5ba2b8da22def59aa48b9ac1414539e44d049104ba81efe4368fd63615&amp;smart=true&amp;width=350&amp;height=197&amp;quality=85\" width=\"1920\"\/><\/picture><figcaption class=\"article-figcaption-img\">Como acompa\u00f1amiento a la eliminaci\u00f3n del impuesto PAIS y para amortiguar una ca\u00edda de ventas por la expectativa de precios m\u00e1s bajos en enero, Toyota anunci\u00f3 que sus precios bajan desde el 1 de diciembre<\/figcaption><\/div>\n<p class=\"paragraph\">Cuando s\u00f3lo queda el \u00faltimo d\u00eda h\u00e1bil de noviembre para registrar autos cero kil\u00f3metro, este viernes se conoci\u00f3 oficialmente que <b>Toyota Argentina ha decidido bajar los precios de sus autos a partir del pr\u00f3ximo lunes<\/b>, como medida que acompa\u00f1a la eliminaci\u00f3n del <b>impuesto PAIS<\/b> que ocurrir\u00e1 a fin de a\u00f1o, y que implica una reducci\u00f3n de costos de importaci\u00f3n del 7,5%.<\/p>\n<p class=\"paragraph\">Si bien hab\u00eda un escenario de evaluaci\u00f3n de parte de todas las automotrices, la empresa que lidera las ventas en el mercado local y en el de exportaci\u00f3n de autom\u00f3viles, se adelant\u00f3 una vez m\u00e1s y confirm\u00f3 que <b>todos los modelos importados de Brasil, es decir los Toyota Yaris, Corolla y Corolla Cross, tendr\u00e1n una reducci\u00f3n del 3%<\/b> en las listas de precios de diciembre, en tanto que en los dos modelos de fabricaci\u00f3n nacional, <b>Toyota Hilux y SW4,<\/b> sobre los que pesa menos el impuesto por su alto porcentaje de autopartes nacionales, <b>la baja ser\u00e1 del 1%.<\/b><\/p>\n<p class=\"paragraph\">La decisi\u00f3n del gobierno de <b>eliminar a fines de noviembre la percepci\u00f3n que se hac\u00eda sobre el 95% del impuesto PAIS<\/b>, contribuy\u00f3 a que esta decisi\u00f3n sea m\u00e1s f\u00e1cil de tomar, porque permite que todo lo que se importa durante diciembre pague el impuesto pero no lo que se vender\u00e1 en enero, por lo tanto no habr\u00e1 una absorci\u00f3n de costos que no se pueda trasladar a precios.<\/p>\n<div class=\" visual__image\"><picture><source srcset=\"https:\/\/www.infobae.com\/resizer\/v2\/V2ICTP4IKVFZLNVGBWN77EZJYI.jpg?auth=fa160d73d979b369d09924626f5be6b119b19fed816e67327b6b0cab3c90cc13&amp;smart=true&amp;width=992&amp;height=558&amp;quality=85\" media=\"(min-width: 1000px)\"\/><source srcset=\"https:\/\/www.infobae.com\/resizer\/v2\/V2ICTP4IKVFZLNVGBWN77EZJYI.jpg?auth=fa160d73d979b369d09924626f5be6b119b19fed816e67327b6b0cab3c90cc13&amp;smart=true&amp;width=768&amp;height=432&amp;quality=85\" media=\"(min-width: 768px)\"\/><source srcset=\"https:\/\/www.infobae.com\/resizer\/v2\/V2ICTP4IKVFZLNVGBWN77EZJYI.jpg?auth=fa160d73d979b369d09924626f5be6b119b19fed816e67327b6b0cab3c90cc13&amp;smart=true&amp;width=577&amp;height=325&amp;quality=85\" media=\"(min-width: 580px)\"\/><source srcset=\"https:\/\/www.infobae.com\/resizer\/v2\/V2ICTP4IKVFZLNVGBWN77EZJYI.jpg?auth=fa160d73d979b369d09924626f5be6b119b19fed816e67327b6b0cab3c90cc13&amp;smart=true&amp;width=420&amp;height=236&amp;quality=85\" media=\"(min-width: 350px)\"\/><source srcset=\"https:\/\/www.infobae.com\/resizer\/v2\/V2ICTP4IKVFZLNVGBWN77EZJYI.jpg?auth=fa160d73d979b369d09924626f5be6b119b19fed816e67327b6b0cab3c90cc13&amp;smart=true&amp;width=350&amp;height=197&amp;quality=85\" media=\"(min-width: 80px)\"\/><img alt=\"Los modelos que vienen importados de Brasil tendr\u00e1n una baja de precio del 3% en diciembre. Son el Toyota Yaris, el Corolla y el Corolla Cross\" class=\"global-image\" decoding=\"async\" fetchpriority=\"low\" height=\"1080\" loading=\"lazy\" src=\"https:\/\/www.infobae.com\/resizer\/v2\/V2ICTP4IKVFZLNVGBWN77EZJYI.jpg?auth=fa160d73d979b369d09924626f5be6b119b19fed816e67327b6b0cab3c90cc13&amp;smart=true&amp;width=350&amp;height=197&amp;quality=85\" width=\"1920\"\/><\/picture><figcaption class=\"article-figcaption-img\">Los modelos que vienen importados de Brasil tendr\u00e1n una baja de precio del 3% en diciembre. Son el Toyota Yaris, el Corolla y el Corolla Cross<\/figcaption><\/div>\n<p class=\"paragraph\">Sin embargo, tal como <b>adelant\u00f3 Infobae hace un mes<\/b>, la expectativa del mercado de poder <b>comprar en enero un cero kil\u00f3metro a menor precio del que tendr\u00eda en diciembre<\/b>, impulsar\u00e1 a m\u00e1s consumidores a postergar un mes su decisi\u00f3n de compra, con la <b>doble ventaja de pagarlo menos y tener un auto un a\u00f1o m\u00e1s nuevo<\/b> en los papeles. No es lo mismo un 2024 que un 2025, incluso para su precio de reventa eventual.<\/p>\n<p class=\"paragraph\">El primer ejecutivo de una terminal automotriz que habl\u00f3 del tema fue el presidente de <b>Ford Argentina, Mart\u00edn Galdeno<\/b>, quien asegur\u00f3 en octubre que \u201clos consumidores van a tener que estar atentos y nosotros tambi\u00e9n. A ver qui\u00e9n mueve precios, qui\u00e9n se anticipa, qui\u00e9n no. Estamos muchos planteando nuestras estrategias con esto y evaluando cu\u00e1ndo nos conviene mover precios. <b>Quiz\u00e1s lo hacemos en enero, pero quiz\u00e1s lo hacemos en diciembre\u201d.<\/b><\/p>\n<p class=\"paragraph\">D\u00edas atr\u00e1s, durante un evento de cierre de a\u00f1o, su par de <b>Toyota Argentina, Gustavo Salinas<\/b>, explic\u00f3 que \u201ceste tipo de medidas del gobierno referidas a quita de impuestos, <b>tiene que verse reflejada en precios.<\/b> Y esa es nuestra pol\u00edtica tambi\u00e9n. Lo que pasa es que decir que baja 7,5% un impuesto no quiere decir que ese 7,5% es directo sobre el precio que estaba. Hay dos cosas que hay que tener en cuenta. Si la inflaci\u00f3n del mes fue 2,5%, ya no son 7,5% sino 5%. Y el otro tema es que <b>el impuesto PAIS se aplica sobre lo que se importa y se paga en d\u00f3lares, pero no es el 100% del precio del veh\u00edculo.<\/b> De hecho, cuando se aplic\u00f3 el impuesto PAIS nosotros no aplicamos esa tasa al total de los veh\u00edculos importados sino s\u00f3lo a la parte que lo impactaba\u201d.<\/p>\n<div class=\" visual__image\"><picture><source srcset=\"https:\/\/www.infobae.com\/resizer\/v2\/K5APO2G54ZCMJCOBFWXCNRDPOM.jpg?auth=ccede2e49a376908fc937abf56cd97ac918b8495c58b4559dfeab03103041d53&amp;smart=true&amp;width=992&amp;height=558&amp;quality=85\" media=\"(min-width: 1000px)\"\/><source srcset=\"https:\/\/www.infobae.com\/resizer\/v2\/K5APO2G54ZCMJCOBFWXCNRDPOM.jpg?auth=ccede2e49a376908fc937abf56cd97ac918b8495c58b4559dfeab03103041d53&amp;smart=true&amp;width=768&amp;height=432&amp;quality=85\" media=\"(min-width: 768px)\"\/><source srcset=\"https:\/\/www.infobae.com\/resizer\/v2\/K5APO2G54ZCMJCOBFWXCNRDPOM.jpg?auth=ccede2e49a376908fc937abf56cd97ac918b8495c58b4559dfeab03103041d53&amp;smart=true&amp;width=577&amp;height=325&amp;quality=85\" media=\"(min-width: 580px)\"\/><source srcset=\"https:\/\/www.infobae.com\/resizer\/v2\/K5APO2G54ZCMJCOBFWXCNRDPOM.jpg?auth=ccede2e49a376908fc937abf56cd97ac918b8495c58b4559dfeab03103041d53&amp;smart=true&amp;width=420&amp;height=236&amp;quality=85\" media=\"(min-width: 350px)\"\/><source srcset=\"https:\/\/www.infobae.com\/resizer\/v2\/K5APO2G54ZCMJCOBFWXCNRDPOM.jpg?auth=ccede2e49a376908fc937abf56cd97ac918b8495c58b4559dfeab03103041d53&amp;smart=true&amp;width=350&amp;height=197&amp;quality=85\" media=\"(min-width: 80px)\"\/><img alt=\"Gustavo Salinas, presidente de Toyota Argentina, dijo a Infobae que &quot;este tipo de medidas del gobierno referidas a quita de impuestos, tiene que verse reflejada en precios&quot; \" class=\"global-image\" decoding=\"async\" fetchpriority=\"low\" height=\"1080\" loading=\"lazy\" src=\"https:\/\/www.infobae.com\/resizer\/v2\/K5APO2G54ZCMJCOBFWXCNRDPOM.jpg?auth=ccede2e49a376908fc937abf56cd97ac918b8495c58b4559dfeab03103041d53&amp;smart=true&amp;width=350&amp;height=197&amp;quality=85\" width=\"1920\"\/><\/picture><figcaption class=\"article-figcaption-img\">Gustavo Salinas, presidente de Toyota Argentina, dijo a Infobae que &#8220;este tipo de medidas del gobierno referidas a quita de impuestos, tiene que verse reflejada en precios&#8221; <\/figcaption><\/div>\n<p class=\"paragraph\">Con esta explicaci\u00f3n se entiende por qu\u00e9 a pesar de una<b> reducci\u00f3n impositiva de 7,5% sobre importaciones de autos o autopartes<\/b>, el impacto que decidi\u00f3 Toyota Argentina fue del 3% para los veh\u00edculos que llegan desde Brasil y de un 1% para los que se fabrican en Z\u00e1rate.<\/p>\n<p class=\"paragraph\">Las mediciones de ventas de los \u00faltimos d\u00edas, por otro lado, muestran que <b>las cifras de noviembre est\u00e1n lejos de la expectativa que ten\u00edan los fabricantes<\/b>, porque a\u00fan si cerraran empatando o gan\u00e1ndole m\u00ednimamente a noviembre de 2023, los objetivos eran de una mejora <b>cercana al 8%<\/b> que parece imposible de cumplir.<\/p>\n<p class=\"paragraph\">Lo que vieron las marcas es que si en <b>noviembre, que estacionalmente es un mes de baja<\/b> en relaci\u00f3n a octubre, no se pudo alcanzar el piso m\u00ednimo, y que en <b>diciembre suele registrarse una baja de entre el 40% y el 50% respecto a noviembre<\/b> por el comportamiento de los clientes, el efecto de la eliminaci\u00f3n del impuesto PAIS ser\u00eda un agravante de esa situaci\u00f3n y las operaciones podr\u00edan bajar m\u00e1s a\u00fan, y esperar a contratarse en enero de 2025.<\/p>\n<p class=\"paragraph\"><b>\u201cSeguramente todos tomemos acciones en diciembre, s\u00ed.<\/b> Porque no le sirve a nadie que no se vendan autos y que en enero haya una crecida inusual ante esta medida. El impacto en precios probablemente sea ya en diciembre. <b>Lo definiremos el lunes\u201d<\/b>, a\u00f1adi\u00f3 un alto ejecutivo de otra terminal.<\/p>\n<\/div>\n<p><script defer=\"\">!function(f,b,e,v,n,t,s) {if(f.fbq)return;n=f.fbq=function(){n.callMethod? n.callMethod.apply(n,arguments):n.queue.push(arguments)}; if(!f._fbq)f._fbq=n;n.push=n;n.loaded=!0;n.version='2.0'; n.queue=[];t=b.createElement(e);t.async=!0; t.src=v;s=b.getElementsByTagName(e)[0]; s.parentNode.insertBefore(t,s)}(window, document,'script', ' fbq('init', '336383993555320'); fbq('track', 'PageView'); fbq('track', 'ViewContent');<\/script><script src=\"https:\/\/connect.facebook.net\/en_US\/sdk.js\" crossorigin=\"anonymous\" defer=\"\"><\/script><\/p>\n","protected":false},"excerpt":{"rendered":"<p>Como acompa\u00f1amiento a la eliminaci\u00f3n del impuesto PAIS y para amortiguar una ca\u00edda de ventas por la expectativa de precios m\u00e1s bajos en enero, Toyota anunci\u00f3 que sus precios bajan desde el 1 de diciembre Cuando s\u00f3lo queda el \u00faltimo d\u00eda h\u00e1bil de noviembre para registrar autos cero kil\u00f3metro, este viernes se conoci\u00f3 oficialmente que [&hellip;]<\/p>\n","protected":false},"author":2,"featured_media":27351,"comment_status":"","ping_status":"","sticky":false,"template":"","format":"standard","meta":{"footnotes":""},"categories":[2],"tags":[],"_links":{"self":[{"href":"https:\/\/maxradio923.com.ar\/index.php\/wp-json\/wp\/v2\/posts\/27350"}],"collection":[{"href":"https:\/\/maxradio923.com.ar\/index.php\/wp-json\/wp\/v2\/posts"}],"about":[{"href":"https:\/\/maxradio923.com.ar\/index.php\/wp-json\/wp\/v2\/types\/post"}],"author":[{"embeddable":true,"href":"https:\/\/maxradio923.com.ar\/index.php\/wp-json\/wp\/v2\/users\/2"}],"replies":[{"embeddable":true,"href":"https:\/\/maxradio923.com.ar\/index.php\/wp-json\/wp\/v2\/comments?post=27350"}],"version-history":[{"count":0,"href":"https:\/\/maxradio923.com.ar\/index.php\/wp-json\/wp\/v2\/posts\/27350\/revisions"}],"wp:featuredmedia":[{"embeddable":true,"href":"https:\/\/maxradio923.com.ar\/index.php\/wp-json\/wp\/v2\/media\/27351"}],"wp:attachment":[{"href":"https:\/\/maxradio923.com.ar\/index.php\/wp-json\/wp\/v2\/media?parent=27350"}],"wp:term":[{"taxonomy":"category","embeddable":true,"href":"https:\/\/maxradio923.com.ar\/index.php\/wp-json\/wp\/v2\/categories?post=27350"},{"taxonomy":"post_tag","embeddable":true,"href":"https:\/\/maxradio923.com.ar\/index.php\/wp-json\/wp\/v2\/tags?post=27350"}],"curies":[{"name":"wp","href":"https:\/\/api.w.org\/{rel}","templated":true}]}}