{"id":2635,"date":"2023-09-09T23:45:19","date_gmt":"2023-09-10T02:45:19","guid":{"rendered":"https:\/\/maxradio923.com\/index.php\/2023\/09\/09\/massa-sobre-el-fallo-contra-la-argentina-por-ypf-viola-y-vulnera-nuestra-soberania\/"},"modified":"2023-09-10T10:25:07","modified_gmt":"2023-09-10T13:25:07","slug":"massa-sobre-el-fallo-contra-la-argentina-por-ypf-viola-y-vulnera-nuestra-soberania","status":"publish","type":"post","link":"https:\/\/maxradio923.com.ar\/index.php\/2023\/09\/09\/massa-sobre-el-fallo-contra-la-argentina-por-ypf-viola-y-vulnera-nuestra-soberania\/","title":{"rendered":"Massa sobre el fallo contra la Argentina por YPF: \u201cViola y vulnera nuestra soberan\u00eda\u201d"},"content":{"rendered":"<p><img decoding=\"async\" src=\"https:\/\/diariod3.com\/inicio\/wp-content\/uploads\/2023\/09\/massa_crop1694292389404.jpg_1536916664.jpg\"\/><\/p>\n<p>El ministro y candidato a presidente de Uni\u00f3n por la Patria se refiri\u00f3 a la decisi\u00f3n de la Justicia de EEUU<\/p>\n<figure>\n<figure><img decoding=\"async\" src=\"https:\/\/www.diariodecuyo.com.ar\/__export\/1694292390097\/sites\/diariodecuyo\/img\/2023\/09\/09\/massa_crop1694292389404.jpg_1536916664.jpg\" alt=\"Massa sobre el fallo contra la Argentina por YPF: \u201cViola y vulnera nuestra soberan\u00eda\u201d -\"\/><\/figure>\n<\/figure>\n<p>El candidato a presidente de Uni\u00f3n por la Patria, Sergio Massa, habl\u00f3 por primera vez acerca del fallo contra Argentina en el juicio por la expropiaci\u00f3n de YPF, el cual obliga al pa\u00eds a negociar para evitar pagar USD 16.000 millones. \u201cViola y vulnera nuestra soberan\u00eda\u201d, asever\u00f3 el ministro de Econom\u00eda este s\u00e1bado.<\/p>\n<p>La dura cr\u00edtica fue deslizada por el funcionario desde la provincia de Tucum\u00e1n, donde esta tarde encabez\u00f3 un acto junto a gobernadores en el marco de relanzamiento de su campa\u00f1a electoral de cara a octubre. Al finalizar la jornada, Massa se detuvo a hablar con la prensa y fue entonces que le consultaron sobre la resoluci\u00f3n de la jueza Loretta Preska conocida en las \u00faltimas horas.<\/p>\n<p>\u201cEs un fallo en primera instancia que viola y vulnera el principio de soberan\u00eda de la Argentina. Porque es una controversia de accionistas argentinos de llevarla a Estados Unidos. Eso, alguno creyendo que por ah\u00ed puede lastimar al gobierno, lo festeja. Pero lo que est\u00e1 haciendo en realidad es renunciar a la soberan\u00eda de nuestra patria\u201d, dijo el encargado de la cartera econ\u00f3mica al respecto.<\/p>\n<p>Con su opini\u00f3n como puntapi\u00e9, el dirigente aprovech\u00f3 para apuntar contra sus competidores de la oposici\u00f3n, a quienes no mencion\u00f3 expl\u00edcitamente: \u201cUn d\u00eda quieren entregar nuestra moneda, otro d\u00eda quieren entregar nuestra justicia. \u00bfQu\u00e9 m\u00e1s quieren entregar con tal de ver si le pueden ganar al campo nacional y popular? Me parece que es absurdo\u201d, se\u00f1al\u00f3. Se retir\u00f3 con una premisa: \u201cChau. Vamos a ganar\u201d, asegur\u00f3.<\/p>\n<p>Sus declaraciones se dieron luego de que el candidato tomara la palabra en el Hip\u00f3dromo de la capital tucumana, donde estuvo acompa\u00f1ado por su compa\u00f1ero de f\u00f3rmula y jefe de Gabinete, Agust\u00edn Rossi, gobernadores, legisladores, sindicalistas, funcionarios y referentes de movimientos sociales. All\u00ed tambi\u00e9n se hizo presente M\u00e1ximo Kirchner, que no hab\u00eda vuelto a mostrarse p\u00fablicamente luego de las PASO.<\/p>\n<p>En su discurso, Sergio Massa le habl\u00f3 al electorado y pidi\u00f3 que lo acompa\u00f1en en las urnas el pr\u00f3ximo 22 de octubre. Lo hizo con la promesa de ser \u201cel presidente del trabajo en Argentina\u201d y diferenciando sus propuestas de las del resto de los candidatos. No obstante, tambi\u00e9n hizo una autocr\u00edtica a la actual gesti\u00f3n.<\/p>\n<p>\u201cSabemos que muchos compa\u00f1eros o vecinos que en 2019 nos acompa\u00f1aron les transmiten que tienen una profunda frustraci\u00f3n porque lo que ten\u00edamos que hacer no llegamos a hacerlo. Tengamos la humildad y la grandeza de pedirles perd\u00f3n\u201d, pidi\u00f3 el ministro que apunta a ser el sucesor de Alberto Fern\u00e1ndez en Casa Rosada.<\/p>\n<p>Luego volvi\u00f3 a lanzar un gui\u00f1o a Cristina Kirchner al hacer referencia nuevamente a \u201clos funcionarios que no funcionan\u201d. \u201cSabemos que hay muchas cosas que esperaban que no se hicieron. Algunas porque no permiti\u00f3 el contexto, otras porque falt\u00f3 en algunos funcionarios coraje. Cambiemos a esos funcionarios, pongamos los que hacen falta, pero vayamos a buscar a los vecinos\u201d, enfatiz\u00f3.<\/p>\n<p>Hacia el final, marc\u00f3 la diferencia con Patricia Bullrich (Juntos por el Cambio) y Javier Milei (La Libertad Avanza), los principales postulantes de los sectores opositores a la jefatura de Estado: \u201cTengo amor por esta patria a la que ellos llaman un pa\u00eds de mierda. Yo volver\u00eda a nacer en Argentina. Soy orgullosamente argentino. Les pido que de ac\u00e1 al 22 de octubre vayamos a buscar a cada argentino. Decirles que lo peor ya pas\u00f3, viene un tiempo nuevo, que viene un nuevo gobierno y lo vamos a hacer entre todos\u201d, exclam\u00f3.<\/p>\n<p>Y, por \u00faltimo, Massa concluy\u00f3: \u201cQuiero llamarlos, pero no a construir un nuevo sue\u00f1o. Porque muchas veces los invitaron a recorrer un sue\u00f1o y se despertaron en pesadillas. Como les pas\u00f3 entre 2015 y 2019. Venimos a invitarlos a trabajar juntos\u201d.<\/p>\n<p>La entrada <a href=\"https:\/\/diariod3.com\/inicio\/massa-sobre-el-fallo-contra-la-argentina-por-ypf-viola-y-vulnera-nuestra-soberania\/\" rel=\"noreferrer noopener\" target=\"_blank\">Massa sobre el fallo contra la Argentina por YPF: \u201cViola y vulnera nuestra soberan\u00eda\u201d<\/a> se public\u00f3 primero en <a href=\"https:\/\/diariod3.com\/inicio\" rel=\"noreferrer noopener\" target=\"_blank\">DIARIO D3 NOTICIAS<\/a>.<\/p>\n","protected":false},"excerpt":{"rendered":"<p>El ministro y candidato a presidente de Uni\u00f3n por la Patria se refiri\u00f3 a la decisi\u00f3n de la Justicia de EEUU El candidato a presidente de Uni\u00f3n por la Patria, Sergio Massa, habl\u00f3 por primera vez acerca del fallo contra Argentina en el juicio por la expropiaci\u00f3n de YPF, el cual obliga al pa\u00eds a [&hellip;]<\/p>\n","protected":false},"author":2,"featured_media":2661,"comment_status":"closed","ping_status":"","sticky":false,"template":"","format":"standard","meta":{"footnotes":""},"categories":[12],"tags":[],"_links":{"self":[{"href":"https:\/\/maxradio923.com.ar\/index.php\/wp-json\/wp\/v2\/posts\/2635"}],"collection":[{"href":"https:\/\/maxradio923.com.ar\/index.php\/wp-json\/wp\/v2\/posts"}],"about":[{"href":"https:\/\/maxradio923.com.ar\/index.php\/wp-json\/wp\/v2\/types\/post"}],"author":[{"embeddable":true,"href":"https:\/\/maxradio923.com.ar\/index.php\/wp-json\/wp\/v2\/users\/2"}],"replies":[{"embeddable":true,"href":"https:\/\/maxradio923.com.ar\/index.php\/wp-json\/wp\/v2\/comments?post=2635"}],"version-history":[{"count":0,"href":"https:\/\/maxradio923.com.ar\/index.php\/wp-json\/wp\/v2\/posts\/2635\/revisions"}],"wp:featuredmedia":[{"embeddable":true,"href":"https:\/\/maxradio923.com.ar\/index.php\/wp-json\/wp\/v2\/media\/2661"}],"wp:attachment":[{"href":"https:\/\/maxradio923.com.ar\/index.php\/wp-json\/wp\/v2\/media?parent=2635"}],"wp:term":[{"taxonomy":"category","embeddable":true,"href":"https:\/\/maxradio923.com.ar\/index.php\/wp-json\/wp\/v2\/categories?post=2635"},{"taxonomy":"post_tag","embeddable":true,"href":"https:\/\/maxradio923.com.ar\/index.php\/wp-json\/wp\/v2\/tags?post=2635"}],"curies":[{"name":"wp","href":"https:\/\/api.w.org\/{rel}","templated":true}]}}