{"id":25919,"date":"2024-10-08T21:15:03","date_gmt":"2024-10-09T00:15:03","guid":{"rendered":"https:\/\/maxradio923.com.ar\/index.php\/2024\/10\/08\/ricardo-quintela-encendio-la-interna-por-la-presidencia-del-pj-el-que-quiera-salir-que-salga-pero-no-se-escondan-bajo-las-polleras-de-cristina\/"},"modified":"2024-10-08T21:15:03","modified_gmt":"2024-10-09T00:15:03","slug":"ricardo-quintela-encendio-la-interna-por-la-presidencia-del-pj-el-que-quiera-salir-que-salga-pero-no-se-escondan-bajo-las-polleras-de-cristina","status":"publish","type":"post","link":"https:\/\/maxradio923.com.ar\/index.php\/2024\/10\/08\/ricardo-quintela-encendio-la-interna-por-la-presidencia-del-pj-el-que-quiera-salir-que-salga-pero-no-se-escondan-bajo-las-polleras-de-cristina\/","title":{"rendered":"Ricardo Quintela encendi\u00f3 la interna por la presidencia del PJ: \u201cEl que quiera salir, que salga, pero no se escondan bajo las polleras de Cristina\u201d"},"content":{"rendered":"<p><\/p>\n<div>\n<div class=\" visual__image\"><picture><source srcset=\"https:\/\/www.infobae.com\/resizer\/v2\/ZS6AFCBQXBELHKA4JG32HV52UE.jpg?auth=b7d935303d7ac1c2e17a8d0081fb8b30bf35b5a8871f1cd43a7344dc035e4a3c&amp;smart=true&amp;width=992&amp;height=558&amp;quality=85\" media=\"(min-width: 1000px)\"\/><source srcset=\"https:\/\/www.infobae.com\/resizer\/v2\/ZS6AFCBQXBELHKA4JG32HV52UE.jpg?auth=b7d935303d7ac1c2e17a8d0081fb8b30bf35b5a8871f1cd43a7344dc035e4a3c&amp;smart=true&amp;width=768&amp;height=432&amp;quality=85\" media=\"(min-width: 768px)\"\/><source srcset=\"https:\/\/www.infobae.com\/resizer\/v2\/ZS6AFCBQXBELHKA4JG32HV52UE.jpg?auth=b7d935303d7ac1c2e17a8d0081fb8b30bf35b5a8871f1cd43a7344dc035e4a3c&amp;smart=true&amp;width=577&amp;height=325&amp;quality=85\" media=\"(min-width: 580px)\"\/><source srcset=\"https:\/\/www.infobae.com\/resizer\/v2\/ZS6AFCBQXBELHKA4JG32HV52UE.jpg?auth=b7d935303d7ac1c2e17a8d0081fb8b30bf35b5a8871f1cd43a7344dc035e4a3c&amp;smart=true&amp;width=420&amp;height=236&amp;quality=85\" media=\"(min-width: 350px)\"\/><source srcset=\"https:\/\/www.infobae.com\/resizer\/v2\/ZS6AFCBQXBELHKA4JG32HV52UE.jpg?auth=b7d935303d7ac1c2e17a8d0081fb8b30bf35b5a8871f1cd43a7344dc035e4a3c&amp;smart=true&amp;width=350&amp;height=197&amp;quality=85\" media=\"(min-width: 80px)\"\/><img alt=\"Ricaardo Quintela y Cristina Kirchner aparecen como los posibles candidatos para presidir el partido \" class=\"global-image\" decoding=\"async\" fetchpriority=\"high\" height=\"1080\" loading=\"eager\" src=\"https:\/\/www.infobae.com\/resizer\/v2\/ZS6AFCBQXBELHKA4JG32HV52UE.jpg?auth=b7d935303d7ac1c2e17a8d0081fb8b30bf35b5a8871f1cd43a7344dc035e4a3c&amp;smart=true&amp;width=350&amp;height=197&amp;quality=85\" width=\"1920\"\/><\/picture><figcaption class=\"article-figcaption-img\">Ricaardo Quintela y Cristina Kirchner aparecen como los posibles candidatos para presidir el partido <\/figcaption><\/div>\n<p class=\"paragraph\">A poco m\u00e1s de un mes de las elecciones en el Partido Justicialista (PJ), y en medio de un operativo clamor para que sea<b> Cristina Kirchner<\/b> la pr\u00f3xima autoridad del espacio, el gobernador de La Rioja, <b>Ricardo Quintela<\/b>, ratific\u00f3 sus intenciones de liderar la fuerza y sostuvo que los dirigentes \u201cest\u00e1n cansados de que les comuniquen desde la Capital Federal lo que tienen que hacer\u201d.<\/p>\n<p class=\"paragraph\">Si bien no aclar\u00f3 si estar\u00e1 dispuesto a competir contra la dos veces presidenta en caso de que ambos decidan presentarse en los comicios internos, el riojano asegur\u00f3 que va a \u201cmantener el producto de un trabajo\u201d que se viene desarrollando \u201cdesde hace tiempo con una propuesta federal donde las provincias se sientan parte\u201d.<\/p>\n<p class=\"paragraph\">\u201c<b>Yo con Cristina tengo la mejor relaci\u00f3n, la mejor onda.<\/b> Ac\u00e1 hay un proyecto que est\u00e1 destruyendo el pa\u00eds y, fundamentalmente, est\u00e1 destruyendo la vida de todos los argentinos, que es el proyecto que encabeza Javier Milei, y lo que nosotros queremos, digamos, es la unidad del Movimiento Nacional Justicialista. Queremos convocar a todas las compa\u00f1eras, los compa\u00f1eros y a todos los ciudadanos que compartan ese criterio, esa idea, fundamentalmente a los partidos pol\u00edticos, a los movimientos sociales, para que podamos constituir un frente para enfrentar, con perspectiva de \u00e9xito, para poder transformar la Rep\u00fablica Argentina. Esto es lo que creemos nosotros y venimos trabajando para eso\u201d, expres\u00f3.<\/p>\n<p class=\"paragraph\">Durante una entrevista en la radio<i> Futurock<\/i>, Quintela cuestion\u00f3 a los referentes del kirchnerismo que salieron por las redes sociales a pedir una postulaci\u00f3n de la ex mandataria nacional, al considerar que <b>\u201cno se puede manejar una cosa tan importante como esta por Twitter\u201d<\/b>.<\/p>\n<div class=\" visual__image\"><picture><source srcset=\"https:\/\/www.infobae.com\/resizer\/v2\/PKGCIC5RGVA6NGVYALB4MBDLMM.jpg?auth=b09383ea71bdfe0ac5f288b65f3b26027b165408b0df1154d7083388d1f8c5f1&amp;smart=true&amp;width=992&amp;height=606&amp;quality=85\" media=\"(min-width: 1000px)\"\/><source srcset=\"https:\/\/www.infobae.com\/resizer\/v2\/PKGCIC5RGVA6NGVYALB4MBDLMM.jpg?auth=b09383ea71bdfe0ac5f288b65f3b26027b165408b0df1154d7083388d1f8c5f1&amp;smart=true&amp;width=768&amp;height=469&amp;quality=85\" media=\"(min-width: 768px)\"\/><source srcset=\"https:\/\/www.infobae.com\/resizer\/v2\/PKGCIC5RGVA6NGVYALB4MBDLMM.jpg?auth=b09383ea71bdfe0ac5f288b65f3b26027b165408b0df1154d7083388d1f8c5f1&amp;smart=true&amp;width=577&amp;height=353&amp;quality=85\" media=\"(min-width: 580px)\"\/><source srcset=\"https:\/\/www.infobae.com\/resizer\/v2\/PKGCIC5RGVA6NGVYALB4MBDLMM.jpg?auth=b09383ea71bdfe0ac5f288b65f3b26027b165408b0df1154d7083388d1f8c5f1&amp;smart=true&amp;width=420&amp;height=257&amp;quality=85\" media=\"(min-width: 350px)\"\/><source srcset=\"https:\/\/www.infobae.com\/resizer\/v2\/PKGCIC5RGVA6NGVYALB4MBDLMM.jpg?auth=b09383ea71bdfe0ac5f288b65f3b26027b165408b0df1154d7083388d1f8c5f1&amp;smart=true&amp;width=350&amp;height=214&amp;quality=85\" media=\"(min-width: 80px)\"\/><img alt=\"Wado de Pedro pidi\u00f3 por la candidatura de Cristina Kirchner \" class=\"global-image\" decoding=\"async\" fetchpriority=\"low\" height=\"1170\" loading=\"lazy\" src=\"https:\/\/www.infobae.com\/resizer\/v2\/PKGCIC5RGVA6NGVYALB4MBDLMM.jpg?auth=b09383ea71bdfe0ac5f288b65f3b26027b165408b0df1154d7083388d1f8c5f1&amp;smart=true&amp;width=350&amp;height=214&amp;quality=85\" width=\"1920\"\/><\/picture><figcaption class=\"article-figcaption-img\">Wado de Pedro pidi\u00f3 por la candidatura de Cristina Kirchner <\/figcaption><\/div>\n<p class=\"paragraph\">\u201cCreo que esta cosa, en definitiva, se podr\u00eda haber hablado, se podr\u00eda haber conversado. Generar \u00e1mbitos de debate, de discusi\u00f3n interna dentro del Movimiento Nacional Justicialista, como para poder llegar a una conclusi\u00f3n interesante, importante, que nos contenga a todos. As\u00ed, por Twitter, es muy dif\u00edcil&#8230; despu\u00e9s que largan, sentarse a conversar es muy dif\u00edcil\u201d, se\u00f1al\u00f3.<\/p>\n<p class=\"paragraph\">En este sentido, el gobernador remarc\u00f3 que \u201chace mucho tiempo que el peronismo no tiene procesos internos\u201d e incluso desde hace varios a\u00f1os que el partido \u201cest\u00e1 intervenido en dos provincias, que son Corrientes y Jujuy, y no se puede normalizar\u201d.<\/p>\n<p class=\"paragraph\">\u201c<b>A siete u ocho d\u00edas de que se presente la lista, aparece este operativo que creo que no es una cuesti\u00f3n de Cristina<\/b>, creo que es una cuesti\u00f3n de un grupo de compa\u00f1eras y compa\u00f1eros que, con todo derecho, lo pueden plantear, pero me parece que es descenderla a una competencia&#8230; ella est\u00e1 para otras cosas mucho m\u00e1s importantes, me parece. Este es un trabajo que tenemos que realizar los militantes, de ordenar el peronismo, convocar a todos los compa\u00f1eros, las compa\u00f1eras\u201d, opin\u00f3.<\/p>\n<p class=\"paragraph\">Al respecto, el riojano tambi\u00e9n destac\u00f3 el rol de <b>Axel Kicillof<\/b>, cuestionado en el \u00faltimo tiempo por un sector de La C\u00e1mpora, al que calific\u00f3 como \u201cun compa\u00f1ero que tiene un valor exponencial, fort\u00edsimo, y que \u201c<b>tiene que estar incluido en cualquier tipo de decisi\u00f3n y de debate<\/b>, puesto que es el que gobierna la provincia m\u00e1s importante de la Rep\u00fablica Argentina\u201d.<\/p>\n<p class=\"paragraph\">En este sentido, record\u00f3 que la provincia de Buenos Aires \u201ctiene 18 millones de habitantes, con una cantidad enorme de problemas y con una complejidad de esos problemas\u201d, pero que, sin embargo, el ex ministro de Econom\u00eda \u201cla lleva adelante\u201d, por lo que \u201chay que acompa\u00f1arlo y no obstaculizarlo\u201d.<\/p>\n<div class=\" visual__image\"><picture><source srcset=\"https:\/\/www.infobae.com\/resizer\/v2\/FANO2NIBMBBXBDFFFOUGPDV7HI.jpg?auth=6de5430dabafdf0ca8553b7d58aa2102994b6c9449d7473d1e3dae704b2a0c14&amp;smart=true&amp;width=992&amp;height=558&amp;quality=85\" media=\"(min-width: 1000px)\"\/><source srcset=\"https:\/\/www.infobae.com\/resizer\/v2\/FANO2NIBMBBXBDFFFOUGPDV7HI.jpg?auth=6de5430dabafdf0ca8553b7d58aa2102994b6c9449d7473d1e3dae704b2a0c14&amp;smart=true&amp;width=768&amp;height=432&amp;quality=85\" media=\"(min-width: 768px)\"\/><source srcset=\"https:\/\/www.infobae.com\/resizer\/v2\/FANO2NIBMBBXBDFFFOUGPDV7HI.jpg?auth=6de5430dabafdf0ca8553b7d58aa2102994b6c9449d7473d1e3dae704b2a0c14&amp;smart=true&amp;width=577&amp;height=325&amp;quality=85\" media=\"(min-width: 580px)\"\/><source srcset=\"https:\/\/www.infobae.com\/resizer\/v2\/FANO2NIBMBBXBDFFFOUGPDV7HI.jpg?auth=6de5430dabafdf0ca8553b7d58aa2102994b6c9449d7473d1e3dae704b2a0c14&amp;smart=true&amp;width=420&amp;height=236&amp;quality=85\" media=\"(min-width: 350px)\"\/><source srcset=\"https:\/\/www.infobae.com\/resizer\/v2\/FANO2NIBMBBXBDFFFOUGPDV7HI.jpg?auth=6de5430dabafdf0ca8553b7d58aa2102994b6c9449d7473d1e3dae704b2a0c14&amp;smart=true&amp;width=350&amp;height=197&amp;quality=85\" media=\"(min-width: 80px)\"\/><img alt=\"Quintela defendi\u00f3 a Kicillof \" class=\"global-image\" decoding=\"async\" fetchpriority=\"low\" height=\"1080\" loading=\"lazy\" src=\"https:\/\/www.infobae.com\/resizer\/v2\/FANO2NIBMBBXBDFFFOUGPDV7HI.jpg?auth=6de5430dabafdf0ca8553b7d58aa2102994b6c9449d7473d1e3dae704b2a0c14&amp;smart=true&amp;width=350&amp;height=197&amp;quality=85\" width=\"1920\"\/><\/picture><figcaption class=\"article-figcaption-img\">Quintela defendi\u00f3 a Kicillof <\/figcaption><\/div>\n<p class=\"paragraph\">Si bien evit\u00f3 referirse a qu\u00e9 har\u00e1 si finalmente la ex presidenta es candidata a liderar el PJ, ya que en un momento se especul\u00f3 con la posibilidad de que \u00e9l se bajara si eso ocurr\u00eda, Quintela asegur\u00f3 que va a \u201crecorrer las 23 provincias, guste o no guste\u201d, e insisti\u00f3 con que algunos dirigentes \u201cse preocupan dos o tres d\u00edas antes de que se armara la lista, que hay que convalidar\u201d.<\/p>\n<p class=\"paragraph\">\u201cDigo yo, me parece a m\u00ed que no la pueden someter a esta situaci\u00f3n, a este escarnio. Bastantes problemas tenemos como para tener un problema m\u00e1s, someterla a ella a esto. <b>El que quiera salir, que salga, pero que no se esconda ni se ponga bajo las polleras de ella<\/b>\u201d, agreg\u00f3.<\/p>\n<p class=\"paragraph\">Sin embargo, aclar\u00f3 que \u00e9l es \u201cmuy amigo de todos los que se manifestaron a trav\u00e9s de Twitter en el apoyo a una posible candidatura de Cristina\u201d y destac\u00f3 que no tiene \u201cnada contra nadie\u201d.<\/p>\n<p class=\"paragraph\">\u201cEntonces, nosotros vamos a seguir avanzando, tratando de que sean los ciudadanos peronista, los afiliados, los que decidan con su voto qui\u00e9n quiere que conduzca este proceso, que es un proceso de reordenamiento del peronismo de convocatoria, un peronismo amplio que se constituya la columna vertebral de una convocatoria para un frente pol\u00edtico, que te reitero, primero, que resista, que sea un foco de resistencia que se tiene que dar en el Congreso, en las gobernaciones, se tiene que dar en la calle ante el avance cruel de este hombre (por Milei) sobre los derechos de todos los de todos los argentinos\u201d, cerr\u00f3.<\/p>\n<\/div>\n<p><script defer=\"\">!function(f,b,e,v,n,t,s) {if(f.fbq)return;n=f.fbq=function(){n.callMethod? n.callMethod.apply(n,arguments):n.queue.push(arguments)}; if(!f._fbq)f._fbq=n;n.push=n;n.loaded=!0;n.version='2.0'; n.queue=[];t=b.createElement(e);t.async=!0; t.src=v;s=b.getElementsByTagName(e)[0]; s.parentNode.insertBefore(t,s)}(window, document,'script', ' fbq('init', '336383993555320'); fbq('track', 'PageView'); fbq('track', 'ViewContent');<\/script><script src=\"https:\/\/connect.facebook.net\/en_US\/sdk.js\" crossorigin=\"anonymous\" defer=\"\"><\/script><\/p>\n","protected":false},"excerpt":{"rendered":"<p>Ricaardo Quintela y Cristina Kirchner aparecen como los posibles candidatos para presidir el partido A poco m\u00e1s de un mes de las elecciones en el Partido Justicialista (PJ), y en medio de un operativo clamor para que sea Cristina Kirchner la pr\u00f3xima autoridad del espacio, el gobernador de La Rioja, Ricardo Quintela, ratific\u00f3 sus intenciones [&hellip;]<\/p>\n","protected":false},"author":2,"featured_media":25920,"comment_status":"","ping_status":"","sticky":false,"template":"","format":"standard","meta":{"footnotes":""},"categories":[7],"tags":[],"_links":{"self":[{"href":"https:\/\/maxradio923.com.ar\/index.php\/wp-json\/wp\/v2\/posts\/25919"}],"collection":[{"href":"https:\/\/maxradio923.com.ar\/index.php\/wp-json\/wp\/v2\/posts"}],"about":[{"href":"https:\/\/maxradio923.com.ar\/index.php\/wp-json\/wp\/v2\/types\/post"}],"author":[{"embeddable":true,"href":"https:\/\/maxradio923.com.ar\/index.php\/wp-json\/wp\/v2\/users\/2"}],"replies":[{"embeddable":true,"href":"https:\/\/maxradio923.com.ar\/index.php\/wp-json\/wp\/v2\/comments?post=25919"}],"version-history":[{"count":0,"href":"https:\/\/maxradio923.com.ar\/index.php\/wp-json\/wp\/v2\/posts\/25919\/revisions"}],"wp:featuredmedia":[{"embeddable":true,"href":"https:\/\/maxradio923.com.ar\/index.php\/wp-json\/wp\/v2\/media\/25920"}],"wp:attachment":[{"href":"https:\/\/maxradio923.com.ar\/index.php\/wp-json\/wp\/v2\/media?parent=25919"}],"wp:term":[{"taxonomy":"category","embeddable":true,"href":"https:\/\/maxradio923.com.ar\/index.php\/wp-json\/wp\/v2\/categories?post=25919"},{"taxonomy":"post_tag","embeddable":true,"href":"https:\/\/maxradio923.com.ar\/index.php\/wp-json\/wp\/v2\/tags?post=25919"}],"curies":[{"name":"wp","href":"https:\/\/api.w.org\/{rel}","templated":true}]}}