{"id":25917,"date":"2024-10-08T21:10:02","date_gmt":"2024-10-09T00:10:02","guid":{"rendered":"https:\/\/maxradio923.com.ar\/index.php\/2024\/10\/08\/en-la-vispera-del-aniversario-del-ataque-de-hamas-netanyahu-prometio-vencer-a-los-enemigos-de-israel\/"},"modified":"2024-10-08T21:10:02","modified_gmt":"2024-10-09T00:10:02","slug":"en-la-vispera-del-aniversario-del-ataque-de-hamas-netanyahu-prometio-vencer-a-los-enemigos-de-israel","status":"publish","type":"post","link":"https:\/\/maxradio923.com.ar\/index.php\/2024\/10\/08\/en-la-vispera-del-aniversario-del-ataque-de-hamas-netanyahu-prometio-vencer-a-los-enemigos-de-israel\/","title":{"rendered":"En la v\u00edspera del aniversario del ataque de Hamas, Netanyahu prometi\u00f3 vencer a \u201clos enemigos de Israel\u201d"},"content":{"rendered":"<p><\/p>\n<div>\n<div class=\" visual__image\"><picture><source srcset=\"https:\/\/www.infobae.com\/resizer\/v2\/P2MJJBNE3BEFBHK5BRSFZLNOBM.jpg?auth=86ccfd8a2f63ddcf7279a62024dbca2d1ba309832fc1c6a8122b910c04d91d00&amp;smart=true&amp;width=992&amp;height=661&amp;quality=85\" media=\"(min-width: 1000px)\"\/><source srcset=\"https:\/\/www.infobae.com\/resizer\/v2\/P2MJJBNE3BEFBHK5BRSFZLNOBM.jpg?auth=86ccfd8a2f63ddcf7279a62024dbca2d1ba309832fc1c6a8122b910c04d91d00&amp;smart=true&amp;width=768&amp;height=512&amp;quality=85\" media=\"(min-width: 768px)\"\/><source srcset=\"https:\/\/www.infobae.com\/resizer\/v2\/P2MJJBNE3BEFBHK5BRSFZLNOBM.jpg?auth=86ccfd8a2f63ddcf7279a62024dbca2d1ba309832fc1c6a8122b910c04d91d00&amp;smart=true&amp;width=577&amp;height=385&amp;quality=85\" media=\"(min-width: 580px)\"\/><source srcset=\"https:\/\/www.infobae.com\/resizer\/v2\/P2MJJBNE3BEFBHK5BRSFZLNOBM.jpg?auth=86ccfd8a2f63ddcf7279a62024dbca2d1ba309832fc1c6a8122b910c04d91d00&amp;smart=true&amp;width=420&amp;height=280&amp;quality=85\" media=\"(min-width: 350px)\"\/><source srcset=\"https:\/\/www.infobae.com\/resizer\/v2\/P2MJJBNE3BEFBHK5BRSFZLNOBM.jpg?auth=86ccfd8a2f63ddcf7279a62024dbca2d1ba309832fc1c6a8122b910c04d91d00&amp;smart=true&amp;width=350&amp;height=233&amp;quality=85\" media=\"(min-width: 80px)\"\/><img alt=\"El primer ministro israel\u00ed Benjamin Netanyahu en la Base A\u00e9rea de Ramat David (Foto: EuropaPress\/Archivo)\" class=\"global-image\" decoding=\"async\" fetchpriority=\"high\" height=\"1278\" loading=\"eager\" src=\"https:\/\/www.infobae.com\/resizer\/v2\/P2MJJBNE3BEFBHK5BRSFZLNOBM.jpg?auth=86ccfd8a2f63ddcf7279a62024dbca2d1ba309832fc1c6a8122b910c04d91d00&amp;smart=true&amp;width=350&amp;height=233&amp;quality=85\" width=\"1920\"\/><\/picture><figcaption class=\"article-figcaption-img\">El primer ministro israel\u00ed Benjamin Netanyahu en la Base A\u00e9rea de Ramat David (Foto: EuropaPress\/Archivo)<\/figcaption><\/div>\n<p class=\"paragraph\">El primer ministro israel\u00ed Benjamin Netanyahu prometi\u00f3 este domingo <b>vencer a \u201clos enemigos de Israel\u201d<\/b> y su ej\u00e9rcito bombarde\u00f3 objetivos del grupo terrorista liban\u00e9s Hezbollah cerca de Beirut, en la <b>v\u00edspera del primer aniversario del ataque de Hamas en suelo israel\u00ed, que desat\u00f3 la guerra en Gaza.<\/b><\/p>\n<p class=\"paragraph\"><b>\u201cJuntos lucharemos y juntos venceremos\u201d<\/b>, declar\u00f3 Netanyahu durante una visita a sus tropas en el norte de Israel, en la frontera con El L\u00edbano.<\/p>\n<p class=\"paragraph\"><b>\u201cHace un a\u00f1o sufrimos un golpe terrible\u201d<\/b>, a\u00f1adi\u00f3, en referencia al ataque del grupo terrorista palestino del 7 de octubre, que dej\u00f3 1.205 muertos y desat\u00f3 una dura ofensiva del Estado hebreo en la Franja de Gaza.<\/p>\n<p class=\"paragraph\">Netanyahu, que <b>pronunciar\u00e1 este lunes un discurso a la naci\u00f3n<\/b> para conmemorar el letal ataque, tambi\u00e9n dijo que el ej\u00e9rcito hab\u00eda logrado transformar \u201cla realidad de un extremo al otro\u201d. <b>\u201cEl mundo entero est\u00e1 impresionado por los golpes que estamos asestando a nuestros enemigos\u201d<\/b>, asegur\u00f3.<\/p>\n<p class=\"paragraph\">Tras haber debilitado a Hamas en Gaza, Israel anunci\u00f3 a mediados de septiembre que desplazaba \u201cel centro de gravedad\u201d de sus operaciones hacia el norte, en la frontera libanesa, donde Hezbollah abri\u00f3 el 8 de octubre de 2023 un frente en apoyo a la milicia palestina.<\/p>\n<p class=\"paragraph\">El jefe del ej\u00e9rcito israel\u00ed, Herzi Halevi, afirm\u00f3 este domingo que sus fuerzas no s\u00f3lo hab\u00edan derrotado el brazo militar de Hamas, sino que hab\u00edan \u201casestado un duro golpe\u201d al grupo chi\u00edta liban\u00e9s respaldado por Ir\u00e1n.<\/p>\n<p class=\"paragraph\"><b>\u201cNo nos detendremos\u201d<\/b>, asegur\u00f3, advirtiendo que<b> la guerra ser\u00e1 \u201clarga\u201d<\/b>.<\/p>\n<div class=\" visual__image\"><picture><source srcset=\"https:\/\/www.infobae.com\/resizer\/v2\/YZQBXSGGPJHUPMLAOUED6RMAOE.jpg?auth=04c8e97071a8c2e2c7772fb102e4e3af1f253d140905827c10bc0fd29646ded0&amp;smart=true&amp;width=992&amp;height=661&amp;quality=85\" media=\"(min-width: 1000px)\"\/><source srcset=\"https:\/\/www.infobae.com\/resizer\/v2\/YZQBXSGGPJHUPMLAOUED6RMAOE.jpg?auth=04c8e97071a8c2e2c7772fb102e4e3af1f253d140905827c10bc0fd29646ded0&amp;smart=true&amp;width=768&amp;height=512&amp;quality=85\" media=\"(min-width: 768px)\"\/><source srcset=\"https:\/\/www.infobae.com\/resizer\/v2\/YZQBXSGGPJHUPMLAOUED6RMAOE.jpg?auth=04c8e97071a8c2e2c7772fb102e4e3af1f253d140905827c10bc0fd29646ded0&amp;smart=true&amp;width=577&amp;height=385&amp;quality=85\" media=\"(min-width: 580px)\"\/><source srcset=\"https:\/\/www.infobae.com\/resizer\/v2\/YZQBXSGGPJHUPMLAOUED6RMAOE.jpg?auth=04c8e97071a8c2e2c7772fb102e4e3af1f253d140905827c10bc0fd29646ded0&amp;smart=true&amp;width=420&amp;height=280&amp;quality=85\" media=\"(min-width: 350px)\"\/><source srcset=\"https:\/\/www.infobae.com\/resizer\/v2\/YZQBXSGGPJHUPMLAOUED6RMAOE.jpg?auth=04c8e97071a8c2e2c7772fb102e4e3af1f253d140905827c10bc0fd29646ded0&amp;smart=true&amp;width=350&amp;height=233&amp;quality=85\" media=\"(min-width: 80px)\"\/><img alt=\"El jefe del ej\u00e9rcito israel\u00ed Herzi Halevi (Foto: Europa Press)&#10;\" class=\"global-image\" decoding=\"async\" fetchpriority=\"low\" height=\"1279\" loading=\"lazy\" src=\"https:\/\/www.infobae.com\/resizer\/v2\/YZQBXSGGPJHUPMLAOUED6RMAOE.jpg?auth=04c8e97071a8c2e2c7772fb102e4e3af1f253d140905827c10bc0fd29646ded0&amp;smart=true&amp;width=350&amp;height=233&amp;quality=85\" width=\"1920\"\/><\/picture><figcaption class=\"article-figcaption-img\">El jefe del ej\u00e9rcito israel\u00ed Herzi Halevi (Foto: Europa Press)<br \/>\n<\/figcaption><\/div>\n<p class=\"paragraph\">Por su parte, <b>Hamas<\/b>, que gobierna Gaza desde 2007 y es catalogado como organizaci\u00f3n terrorista por Estados Unidos, la Uni\u00f3n Europea e Israel, <b>elogi\u00f3 el \u201cglorioso\u201d ataque del 7 de octubre.<\/b><\/p>\n<p class=\"paragraph\">\u201cHizo a\u00f1icos las ilusiones que el enemigo se hab\u00eda creado, convenciendo al mundo y a la regi\u00f3n de su supuesta superioridad y capacidades\u201d, dijo en un video Jalil al Haya, miembro del grupo terrorista basado en Qatar.<\/p>\n<p class=\"paragraph\">Adem\u00e1s de iniciar una campa\u00f1a de bombardeos en El L\u00edbano, Israel se enfrent\u00f3 el martes a un ataque de Ir\u00e1n, en respuesta, seg\u00fan Teher\u00e1n, a las <b>muertes del jefe del Hezbollah, Hassan Nasrallah, y del jefe de Hamas, Ismail Haniyeh. <\/b>El primero muri\u00f3 en un bombardeo israel\u00ed el 27 de septiembre en Beirut, la capital libanesa. El segundo fue abatido en un bombardeo atribuido a Israel el 31 de julio en Teher\u00e1n, la capital iran\u00ed.<\/p>\n<p class=\"paragraph\">La agresi\u00f3n iran\u00ed aviv\u00f3 el temor a una conflagraci\u00f3n en Medio Oriente. <b>El ministro israel\u00ed de Defensa, Yoav Gallant, amenaz\u00f3 este domingo a Ir\u00e1n, su enemigo jurado, con ofensivas similares a las de Gaza y L\u00edbano.<\/b><\/p>\n<p class=\"paragraph\">Teher\u00e1n dijo sin embargo que ya ten\u00eda \u201cpreparada\u201d su respuesta en caso de ataque israel\u00ed, inform\u00f3 el domingo un medio local citando una fuente militar.<\/p>\n<p class=\"paragraph\">Los llamados a una tregua en Medio Oriente se han intensificado en las \u00faltimas semanas. El secretario general de la ONU, Antonio Guterres, pidi\u00f3 el s\u00e1bado el fin inmediato de la \u201cimpactante violencia y el derramamiento de sangre\u201d en Gaza y L\u00edbano.<\/p>\n<p class=\"paragraph\">El papa Francisco, a su vez, pidi\u00f3 \u201cun alto el fuego inmediato en todos los frentes, incluido el liban\u00e9s\u201d.<\/p>\n<p class=\"paragraph\">La agencia de prensa oficial libanesa<i> ANI<\/i> report\u00f3 <b>m\u00e1s de \u201c30 bombardeos\u201d durante la noche en varios sectores de la periferia sur de Beirut, basti\u00f3n de Hezbollah, <\/b>y un corresponsal de <i>AFP<\/i> inform\u00f3 de otros bombardeos en el este del pa\u00eds.<\/p>\n<p class=\"paragraph\">Mehdi Zaiter, un verdulero del suburbio sur de Beirut de 60 a\u00f1os, vivi\u00f3 una noche de pesadilla. \u201cFue la noche m\u00e1s violenta que hemos vivido. Hab\u00eda tantos bombardeos que parec\u00eda un terremoto\u201d, dijo a la agencia <i>AFP<\/i>.<\/p>\n<div class=\" visual__image\"><picture><source srcset=\"https:\/\/www.infobae.com\/resizer\/v2\/KV7JE37QRBCHFH62IQ4XYSRIEY?auth=4582c18abac7ad89e0795125c8cb362343983445704380abb1b49ffa373b4cf4&amp;smart=true&amp;width=992&amp;height=558&amp;quality=85\" media=\"(min-width: 1000px)\"\/><source srcset=\"https:\/\/www.infobae.com\/resizer\/v2\/KV7JE37QRBCHFH62IQ4XYSRIEY?auth=4582c18abac7ad89e0795125c8cb362343983445704380abb1b49ffa373b4cf4&amp;smart=true&amp;width=768&amp;height=432&amp;quality=85\" media=\"(min-width: 768px)\"\/><source srcset=\"https:\/\/www.infobae.com\/resizer\/v2\/KV7JE37QRBCHFH62IQ4XYSRIEY?auth=4582c18abac7ad89e0795125c8cb362343983445704380abb1b49ffa373b4cf4&amp;smart=true&amp;width=577&amp;height=325&amp;quality=85\" media=\"(min-width: 580px)\"\/><source srcset=\"https:\/\/www.infobae.com\/resizer\/v2\/KV7JE37QRBCHFH62IQ4XYSRIEY?auth=4582c18abac7ad89e0795125c8cb362343983445704380abb1b49ffa373b4cf4&amp;smart=true&amp;width=420&amp;height=236&amp;quality=85\" media=\"(min-width: 350px)\"\/><source srcset=\"https:\/\/www.infobae.com\/resizer\/v2\/KV7JE37QRBCHFH62IQ4XYSRIEY?auth=4582c18abac7ad89e0795125c8cb362343983445704380abb1b49ffa373b4cf4&amp;smart=true&amp;width=350&amp;height=197&amp;quality=85\" media=\"(min-width: 80px)\"\/><img alt=\"Una bandera de Hezbollah ondea frente a un edificio da\u00f1ado por ataques israel\u00edes en los suburbios del sur de Beirut el 4 de octubre de 2024 (REUTERS\/Ahmad Al-Kerdi)\" class=\"global-image\" decoding=\"async\" fetchpriority=\"low\" height=\"2250\" loading=\"lazy\" src=\"https:\/\/www.infobae.com\/resizer\/v2\/KV7JE37QRBCHFH62IQ4XYSRIEY?auth=4582c18abac7ad89e0795125c8cb362343983445704380abb1b49ffa373b4cf4&amp;smart=true&amp;width=350&amp;height=197&amp;quality=85\" width=\"4000\"\/><\/picture><figcaption class=\"article-figcaption-img\">Una bandera de Hezbollah ondea frente a un edificio da\u00f1ado por ataques israel\u00edes en los suburbios del sur de Beirut el 4 de octubre de 2024 (REUTERS\/Ahmad Al-Kerdi)<\/figcaption><\/div>\n<p class=\"paragraph\">Con las operaciones en El L\u00edbano, Israel busca <b>detener los disparos de cohetes de Hezbollah <\/b>en la frontera para que decenas de miles de desplazados en el norte debido a las hostilidades puedan volver a sus casas.<\/p>\n<p class=\"paragraph\">En Gaza, el ej\u00e9rcito israel\u00ed anunci\u00f3 haber rodeado la zona de Jabaliya, en el norte del asediado territorio, donde estima que Hamas est\u00e1 recomponiendo sus fuerzas.<\/p>\n<p class=\"paragraph\">Tambi\u00e9n anunci\u00f3 el despliegue de tropas adicionales cerca del enclave, en previsi\u00f3n del aniversario del ataque de Hamas en Israel.<\/p>\n<p class=\"paragraph\">El ataque del 7 de octubre dej\u00f3 m\u00e1s de 1.200 muertos, en su mayor\u00eda civiles, seg\u00fan un recuento basado en cifras oficiales israel\u00edes.<\/p>\n<p class=\"paragraph\"><b>Los islamistas palestinos tambi\u00e9n capturaron ese d\u00eda a 251 personas, <\/b>de las cuales 97 siguen cautivas en Gaza y 33 de ellas habr\u00edan muerto, seg\u00fan el ej\u00e9rcito.<\/p>\n<p class=\"paragraph\">La ofensiva israel\u00ed en la Franja ha causado por el momento 41.870 muertos, seg\u00fan las \u00faltimas cifras del Ministerio de Salud del territorio palestino, cuyos datos son considerados fiables por la ONU.<\/p>\n<p class=\"paragraph\">En El L\u00edbano, m\u00e1s de 2.000 personas han muerto por las hostilidades desde octubre de 2023, de las cuales m\u00e1s de un millar desde el 23 de septiembre, seg\u00fan las autoridades. Alrededor de 1,2 millones de personas han sido desplazadas.<\/p>\n<p class=\"paragraph\"><i>Por Chloe Rouveyrolles-Bazire con Laure Al Khoury en Beirut (AFP)<\/i><\/p>\n<\/div>\n<p><script defer=\"\">!function(f,b,e,v,n,t,s) {if(f.fbq)return;n=f.fbq=function(){n.callMethod? n.callMethod.apply(n,arguments):n.queue.push(arguments)}; if(!f._fbq)f._fbq=n;n.push=n;n.loaded=!0;n.version='2.0'; n.queue=[];t=b.createElement(e);t.async=!0; t.src=v;s=b.getElementsByTagName(e)[0]; s.parentNode.insertBefore(t,s)}(window, document,'script', ' fbq('init', '336383993555320'); fbq('track', 'PageView'); fbq('track', 'ViewContent');<\/script><script src=\"https:\/\/connect.facebook.net\/en_US\/sdk.js\" crossorigin=\"anonymous\" defer=\"\"><\/script><\/p>\n","protected":false},"excerpt":{"rendered":"<p>El primer ministro israel\u00ed Benjamin Netanyahu en la Base A\u00e9rea de Ramat David (Foto: EuropaPress\/Archivo) El primer ministro israel\u00ed Benjamin Netanyahu prometi\u00f3 este domingo vencer a \u201clos enemigos de Israel\u201d y su ej\u00e9rcito bombarde\u00f3 objetivos del grupo terrorista liban\u00e9s Hezbollah cerca de Beirut, en la v\u00edspera del primer aniversario del ataque de Hamas en suelo [&hellip;]<\/p>\n","protected":false},"author":2,"featured_media":25918,"comment_status":"","ping_status":"","sticky":false,"template":"","format":"standard","meta":{"footnotes":""},"categories":[3],"tags":[],"_links":{"self":[{"href":"https:\/\/maxradio923.com.ar\/index.php\/wp-json\/wp\/v2\/posts\/25917"}],"collection":[{"href":"https:\/\/maxradio923.com.ar\/index.php\/wp-json\/wp\/v2\/posts"}],"about":[{"href":"https:\/\/maxradio923.com.ar\/index.php\/wp-json\/wp\/v2\/types\/post"}],"author":[{"embeddable":true,"href":"https:\/\/maxradio923.com.ar\/index.php\/wp-json\/wp\/v2\/users\/2"}],"replies":[{"embeddable":true,"href":"https:\/\/maxradio923.com.ar\/index.php\/wp-json\/wp\/v2\/comments?post=25917"}],"version-history":[{"count":0,"href":"https:\/\/maxradio923.com.ar\/index.php\/wp-json\/wp\/v2\/posts\/25917\/revisions"}],"wp:featuredmedia":[{"embeddable":true,"href":"https:\/\/maxradio923.com.ar\/index.php\/wp-json\/wp\/v2\/media\/25918"}],"wp:attachment":[{"href":"https:\/\/maxradio923.com.ar\/index.php\/wp-json\/wp\/v2\/media?parent=25917"}],"wp:term":[{"taxonomy":"category","embeddable":true,"href":"https:\/\/maxradio923.com.ar\/index.php\/wp-json\/wp\/v2\/categories?post=25917"},{"taxonomy":"post_tag","embeddable":true,"href":"https:\/\/maxradio923.com.ar\/index.php\/wp-json\/wp\/v2\/tags?post=25917"}],"curies":[{"name":"wp","href":"https:\/\/api.w.org\/{rel}","templated":true}]}}