{"id":25907,"date":"2024-10-08T11:15:02","date_gmt":"2024-10-08T14:15:02","guid":{"rendered":"https:\/\/maxradio923.com.ar\/index.php\/2024\/10\/08\/elecciones-en-la-ucr-bonaerense-el-candidato-de-manes-lousteau-y-yacobitti-se-adjudico-el-triunfo\/"},"modified":"2024-10-08T11:15:02","modified_gmt":"2024-10-08T14:15:02","slug":"elecciones-en-la-ucr-bonaerense-el-candidato-de-manes-lousteau-y-yacobitti-se-adjudico-el-triunfo","status":"publish","type":"post","link":"https:\/\/maxradio923.com.ar\/index.php\/2024\/10\/08\/elecciones-en-la-ucr-bonaerense-el-candidato-de-manes-lousteau-y-yacobitti-se-adjudico-el-triunfo\/","title":{"rendered":"Elecciones en la UCR bonaerense: el candidato de Manes, Lousteau y Yacobitti se adjudic\u00f3 el triunfo"},"content":{"rendered":"<p><\/p>\n<div>\n<div class=\" visual__image\"><picture><source srcset=\"https:\/\/www.infobae.com\/resizer\/v2\/YMANMUIEWNGYVHWUG4CCB75DJA.jpg?auth=5f908036ec1354f2d93eae399aa86d7c518cb39aab78da36b5e1d12fd35bc5df&amp;smart=true&amp;width=992&amp;height=558&amp;quality=85\" media=\"(min-width: 1000px)\"\/><source srcset=\"https:\/\/www.infobae.com\/resizer\/v2\/YMANMUIEWNGYVHWUG4CCB75DJA.jpg?auth=5f908036ec1354f2d93eae399aa86d7c518cb39aab78da36b5e1d12fd35bc5df&amp;smart=true&amp;width=768&amp;height=432&amp;quality=85\" media=\"(min-width: 768px)\"\/><source srcset=\"https:\/\/www.infobae.com\/resizer\/v2\/YMANMUIEWNGYVHWUG4CCB75DJA.jpg?auth=5f908036ec1354f2d93eae399aa86d7c518cb39aab78da36b5e1d12fd35bc5df&amp;smart=true&amp;width=577&amp;height=325&amp;quality=85\" media=\"(min-width: 580px)\"\/><source srcset=\"https:\/\/www.infobae.com\/resizer\/v2\/YMANMUIEWNGYVHWUG4CCB75DJA.jpg?auth=5f908036ec1354f2d93eae399aa86d7c518cb39aab78da36b5e1d12fd35bc5df&amp;smart=true&amp;width=420&amp;height=236&amp;quality=85\" media=\"(min-width: 350px)\"\/><source srcset=\"https:\/\/www.infobae.com\/resizer\/v2\/YMANMUIEWNGYVHWUG4CCB75DJA.jpg?auth=5f908036ec1354f2d93eae399aa86d7c518cb39aab78da36b5e1d12fd35bc5df&amp;smart=true&amp;width=350&amp;height=197&amp;quality=85\" media=\"(min-width: 80px)\"\/><img alt=\"Pablo Domenichini se adjudic\u00f3 el triunfo \" class=\"global-image\" decoding=\"async\" fetchpriority=\"high\" height=\"1080\" loading=\"eager\" src=\"https:\/\/www.infobae.com\/resizer\/v2\/YMANMUIEWNGYVHWUG4CCB75DJA.jpg?auth=5f908036ec1354f2d93eae399aa86d7c518cb39aab78da36b5e1d12fd35bc5df&amp;smart=true&amp;width=350&amp;height=197&amp;quality=85\" width=\"1920\"\/><\/picture><figcaption class=\"article-figcaption-img\">Pablo Domenichini se adjudic\u00f3 el triunfo <\/figcaption><\/div>\n<p class=\"paragraph\">En una jornada que mostr\u00f3 una vez m\u00e1s la tensi\u00f3n interna del radicalismo,<b> Pablo Domenichini<\/b>, el candidato apoyado por <b>Mart\u00edn Lousteau<\/b>, <b>Facundo Manes<\/b> y <b>Emiliano Yacobitti<\/b>, se adjudic\u00f3 el triunfo en las elecciones a presidente del Comit\u00e9 de la UCR en la provincia de Buenos Aires.<\/p>\n<p class=\"paragraph\">Sin embargo, en una votaci\u00f3n que fue muy re\u00f1ida hasta \u00faltimo momento, y de la que participaron m\u00e1s de 80 mil afiliados, su opositor, <b>Miguel Fern\u00e1ndez<\/b>, ex intendente de Trenque Lauquen y respaldado por el oficialismo de<b> Maximilaino Abad<\/b>, asegur\u00f3 en las redes sociales que fue \u00e9l quien gan\u00f3.<\/p>\n<p class=\"paragraph\">En este escenario, ambos dirigentes se disputan la victoria y, a la espera de que la Justa Partidaria anuncie oficialmente los resultados, se prev\u00e9 que las cifras ser\u00e1n cuestionadas por el perdedor y la discusi\u00f3n podr\u00eda judicializarse.<\/p>\n<p class=\"paragraph\">\u201c<b>Con los resultados provisorios avanzados y todas las actas no tengo m\u00e1s que agradecer la decisi\u00f3n de los radicales de la provincia de Buenos Aires que nos dieron el triunfo que tanto esperamos.<\/b> Esperamos que quienes perdieron nos ayuden a construir una UCR alternativa a este Gobierno\u201d, expres\u00f3 Domenichini en un mensaje que public\u00f3 en su cuenta de X poco despu\u00e9s de las 21:30 de este domingo.<\/p>\n<p class=\"paragraph\">Acompa\u00f1ado<b> <\/b>por <b>Nazarena Mes\u00edas<\/b>, quien asumir\u00eda como vicepresidenta del Comit\u00e9 Provincial, la lista de <b>Futuro Radical<\/b> tambi\u00e9n incluy\u00f3 a importantes dirigentes locales, como el intendente de Tandil,<b> Miguel Lunghi<\/b>, los diputados nacionales <b>Danya Tavela<\/b> y<b> Pablo Juliano<\/b>, y el hist\u00f3rico referente radical <b>Federico Storani<\/b>.<\/p>\n<div class=\" visual__image\"><picture><source srcset=\"https:\/\/www.infobae.com\/resizer\/v2\/HCVA4ZPN4ZGXJH7ZTSGCKCWPOI.PNG?auth=4cfb6681464731c0108bd2cdc8b5e45e984b0f3e890cb542f05622c46e60c265&amp;smart=true&amp;width=992&amp;quality=85\" media=\"(min-width: 1000px)\"\/><source srcset=\"https:\/\/www.infobae.com\/resizer\/v2\/HCVA4ZPN4ZGXJH7ZTSGCKCWPOI.PNG?auth=4cfb6681464731c0108bd2cdc8b5e45e984b0f3e890cb542f05622c46e60c265&amp;smart=true&amp;width=768&amp;quality=85\" media=\"(min-width: 768px)\"\/><source srcset=\"https:\/\/www.infobae.com\/resizer\/v2\/HCVA4ZPN4ZGXJH7ZTSGCKCWPOI.PNG?auth=4cfb6681464731c0108bd2cdc8b5e45e984b0f3e890cb542f05622c46e60c265&amp;smart=true&amp;width=577&amp;quality=85\" media=\"(min-width: 580px)\"\/><source srcset=\"https:\/\/www.infobae.com\/resizer\/v2\/HCVA4ZPN4ZGXJH7ZTSGCKCWPOI.PNG?auth=4cfb6681464731c0108bd2cdc8b5e45e984b0f3e890cb542f05622c46e60c265&amp;smart=true&amp;width=420&amp;quality=85\" media=\"(min-width: 350px)\"\/><source srcset=\"https:\/\/www.infobae.com\/resizer\/v2\/HCVA4ZPN4ZGXJH7ZTSGCKCWPOI.PNG?auth=4cfb6681464731c0108bd2cdc8b5e45e984b0f3e890cb542f05622c46e60c265&amp;smart=true&amp;width=350&amp;quality=85\" media=\"(min-width: 80px)\"\/><img alt=\"El mensaje del candidato de Lousteau\" class=\"global-image\" decoding=\"async\" fetchpriority=\"low\" height=\"241\" loading=\"lazy\" src=\"https:\/\/www.infobae.com\/resizer\/v2\/HCVA4ZPN4ZGXJH7ZTSGCKCWPOI.PNG?auth=4cfb6681464731c0108bd2cdc8b5e45e984b0f3e890cb542f05622c46e60c265&amp;smart=true&amp;width=350&amp;quality=85\" width=\"892\"\/><\/picture><figcaption class=\"article-figcaption-img\">El mensaje del candidato de Lousteau<\/figcaption><\/div>\n<p class=\"paragraph\">Al adjudicarse la victoria, el dirigente apoyado por Lousteau, Manes y Yacobitti destac\u00f3 que su triunfo representa \u201cuna oportunidad para renovar el partido, reconectar con los valores que hicieron grande al radicalismo, y proyectarlo hacia el futuro con propuestas concretas para los desaf\u00edos actuales\u201d.<\/p>\n<p class=\"paragraph\">\u201cEste es el comienzo de una nueva etapa. Nuestro objetivo es claro: fortalecer el radicalismo, construir consensos amplios y ser una alternativa real no solo para el partido, sino para toda la provincia. Queremos devolverle la esperanza a los bonaerenses, trabajando por un pa\u00eds con m\u00e1s oportunidades, justicia y educaci\u00f3n de calidad\u201d, expres\u00f3 el presunto ganador, que tuvo un buen desempe\u00f1o principalmente en la segunda, tercera y octava secci\u00f3n electoral.<\/p>\n<p class=\"paragraph\">Sin embargo, unos minutos m\u00e1s tarde quien sali\u00f3 a celebrar fue su rival, Miguel Fern\u00e1ndez, quien contaba con la venia de Maximiliano Abad, actual presidente del partido a nivel provincial.<\/p>\n<p class=\"paragraph\">\u201c\u00a1Ganamos! Hoy, en un d\u00eda hist\u00f3rico, los radicales de la provincia de Buenos Aires ratificamos nuestra historia , nuestra identidad y nuestra proyecci\u00f3n. Logramos ganar en 6 de las 8 secciones electorales y un triunfo contundente en la Provincia\u201d, fue el contundente mensaje del funcionario.<\/p>\n<p class=\"paragraph\">A trav\u00e9s de la misma red social que su competidor, Fern\u00e1ndez agreg\u00f3: \u201cEl objetivo que nos une es claro: convertirnos en una alternativa de gobierno nacional y provincial s\u00f3lida y confiable en los pr\u00f3ximos a\u00f1os. Agradecemos profundamente la participaci\u00f3n y el apoyo de cada uno de ustedes. Muchas gracias a todos los afiliados. \u00a1Adelante Radicales!\u201d.<\/p>\n<div class=\" visual__image\"><picture><source srcset=\"https:\/\/www.infobae.com\/resizer\/v2\/3XLVO3TBWVHVVEW5OQMEHLYOFU.PNG?auth=3af5fd1b2db3df2137fb7cf31b59462a1b5ae50232869b45dc0d1a8ea963909d&amp;smart=true&amp;width=992&amp;quality=85\" media=\"(min-width: 1000px)\"\/><source srcset=\"https:\/\/www.infobae.com\/resizer\/v2\/3XLVO3TBWVHVVEW5OQMEHLYOFU.PNG?auth=3af5fd1b2db3df2137fb7cf31b59462a1b5ae50232869b45dc0d1a8ea963909d&amp;smart=true&amp;width=768&amp;quality=85\" media=\"(min-width: 768px)\"\/><source srcset=\"https:\/\/www.infobae.com\/resizer\/v2\/3XLVO3TBWVHVVEW5OQMEHLYOFU.PNG?auth=3af5fd1b2db3df2137fb7cf31b59462a1b5ae50232869b45dc0d1a8ea963909d&amp;smart=true&amp;width=577&amp;quality=85\" media=\"(min-width: 580px)\"\/><source srcset=\"https:\/\/www.infobae.com\/resizer\/v2\/3XLVO3TBWVHVVEW5OQMEHLYOFU.PNG?auth=3af5fd1b2db3df2137fb7cf31b59462a1b5ae50232869b45dc0d1a8ea963909d&amp;smart=true&amp;width=420&amp;quality=85\" media=\"(min-width: 350px)\"\/><source srcset=\"https:\/\/www.infobae.com\/resizer\/v2\/3XLVO3TBWVHVVEW5OQMEHLYOFU.PNG?auth=3af5fd1b2db3df2137fb7cf31b59462a1b5ae50232869b45dc0d1a8ea963909d&amp;smart=true&amp;width=350&amp;quality=85\" media=\"(min-width: 80px)\"\/><img alt=\"El tuit del dirigente del oficialismo \" class=\"global-image\" decoding=\"async\" fetchpriority=\"low\" height=\"270\" loading=\"lazy\" src=\"https:\/\/www.infobae.com\/resizer\/v2\/3XLVO3TBWVHVVEW5OQMEHLYOFU.PNG?auth=3af5fd1b2db3df2137fb7cf31b59462a1b5ae50232869b45dc0d1a8ea963909d&amp;smart=true&amp;width=350&amp;quality=85\" width=\"894\"\/><\/picture><figcaption class=\"article-figcaption-img\">El tuit del dirigente del oficialismo <\/figcaption><\/div>\n<p class=\"paragraph\">El propio Abad no tard\u00f3 en salir tambi\u00e9n a festejar el presunto triunfo de su candidato y eventual sucesor: \u201cFelicitaciones a Miguel Fern\u00e1ndez, nuevo Presidente de la UCR Bonaerense. Un triunfo de la identidad y la proyecci\u00f3n del radicalismo bonaerense\u201d, escribi\u00f3.<\/p>\n<p class=\"paragraph\">\u201cDesde el oficialismo encabezaron una campa\u00f1a muy violenta\u201d, reprochaban en el entorno de Dominichini, en la antesala de las elecciones. Se debe a que hubo fuertes acusaciones hacia Lousteau y, en particular,\u00a0<b>Diego Garciarena\u00a0<\/b>&#8211; presidente del bloque de la UCR en la Legislatura- lo acus\u00f3 al rector de ser \u201cun delegado del radicalismo porte\u00f1o\u201d. \u201cEso habla de que la elecci\u00f3n va a ser competitiva\u201d, analizan.<\/p>\n<p class=\"paragraph\">Los armadores de Fern\u00e1ndez no se arrepienten y ratifican sus acusaciones hacia Dominichini y Lousteau:\u00a0<b>\u201cQuieren controlar el poder de la UCR desde la Capital Federal\u00a0<\/b>y no se lo vamos a permitir\u201d. De hecho, este viernes por la tarde Garciarena y\u00a0<b>Ariel Bordaisco\u00a0<\/b>-que responden a Abad- encabezaron una recorrida por la quinta secci\u00f3n electoral donde aseguraron: \u201cNo es un tema personal, sino pol\u00edtico. Lousteau, a trav\u00e9s de la candidatura de Domenichini, representa una pol\u00edtica mirada desde la \u00f3ptica porte\u00f1a y quiere poner a todo el radicalismo en funci\u00f3n de esa l\u00f3gica\u201d.<\/p>\n<\/div>\n<p><script defer=\"\">!function(f,b,e,v,n,t,s) {if(f.fbq)return;n=f.fbq=function(){n.callMethod? n.callMethod.apply(n,arguments):n.queue.push(arguments)}; if(!f._fbq)f._fbq=n;n.push=n;n.loaded=!0;n.version='2.0'; n.queue=[];t=b.createElement(e);t.async=!0; t.src=v;s=b.getElementsByTagName(e)[0]; s.parentNode.insertBefore(t,s)}(window, document,'script', ' fbq('init', '336383993555320'); fbq('track', 'PageView'); fbq('track', 'ViewContent');<\/script><script src=\"https:\/\/connect.facebook.net\/en_US\/sdk.js\" crossorigin=\"anonymous\" defer=\"\"><\/script><\/p>\n","protected":false},"excerpt":{"rendered":"<p>Pablo Domenichini se adjudic\u00f3 el triunfo En una jornada que mostr\u00f3 una vez m\u00e1s la tensi\u00f3n interna del radicalismo, Pablo Domenichini, el candidato apoyado por Mart\u00edn Lousteau, Facundo Manes y Emiliano Yacobitti, se adjudic\u00f3 el triunfo en las elecciones a presidente del Comit\u00e9 de la UCR en la provincia de Buenos Aires. Sin embargo, en [&hellip;]<\/p>\n","protected":false},"author":2,"featured_media":25908,"comment_status":"","ping_status":"","sticky":false,"template":"","format":"standard","meta":{"footnotes":""},"categories":[7],"tags":[],"_links":{"self":[{"href":"https:\/\/maxradio923.com.ar\/index.php\/wp-json\/wp\/v2\/posts\/25907"}],"collection":[{"href":"https:\/\/maxradio923.com.ar\/index.php\/wp-json\/wp\/v2\/posts"}],"about":[{"href":"https:\/\/maxradio923.com.ar\/index.php\/wp-json\/wp\/v2\/types\/post"}],"author":[{"embeddable":true,"href":"https:\/\/maxradio923.com.ar\/index.php\/wp-json\/wp\/v2\/users\/2"}],"replies":[{"embeddable":true,"href":"https:\/\/maxradio923.com.ar\/index.php\/wp-json\/wp\/v2\/comments?post=25907"}],"version-history":[{"count":0,"href":"https:\/\/maxradio923.com.ar\/index.php\/wp-json\/wp\/v2\/posts\/25907\/revisions"}],"wp:featuredmedia":[{"embeddable":true,"href":"https:\/\/maxradio923.com.ar\/index.php\/wp-json\/wp\/v2\/media\/25908"}],"wp:attachment":[{"href":"https:\/\/maxradio923.com.ar\/index.php\/wp-json\/wp\/v2\/media?parent=25907"}],"wp:term":[{"taxonomy":"category","embeddable":true,"href":"https:\/\/maxradio923.com.ar\/index.php\/wp-json\/wp\/v2\/categories?post=25907"},{"taxonomy":"post_tag","embeddable":true,"href":"https:\/\/maxradio923.com.ar\/index.php\/wp-json\/wp\/v2\/tags?post=25907"}],"curies":[{"name":"wp","href":"https:\/\/api.w.org\/{rel}","templated":true}]}}