{"id":25897,"date":"2024-10-08T01:15:02","date_gmt":"2024-10-08T04:15:02","guid":{"rendered":"https:\/\/maxradio923.com.ar\/index.php\/2024\/10\/08\/conflicto-con-las-universidades-el-gobierno-espera-una-definicion-del-pro-pero-ya-anticipo-que-ira-a-la-justicia-si-cae-el-veto\/"},"modified":"2024-10-08T01:15:02","modified_gmt":"2024-10-08T04:15:02","slug":"conflicto-con-las-universidades-el-gobierno-espera-una-definicion-del-pro-pero-ya-anticipo-que-ira-a-la-justicia-si-cae-el-veto","status":"publish","type":"post","link":"https:\/\/maxradio923.com.ar\/index.php\/2024\/10\/08\/conflicto-con-las-universidades-el-gobierno-espera-una-definicion-del-pro-pero-ya-anticipo-que-ira-a-la-justicia-si-cae-el-veto\/","title":{"rendered":"Conflicto con las universidades: el Gobierno espera una definici\u00f3n del PRO, pero ya anticip\u00f3 que ir\u00e1 a la Justicia si cae el veto"},"content":{"rendered":"<p><\/p>\n<div>\n<div class=\" visual__image\"><picture><source srcset=\"https:\/\/www.infobae.com\/resizer\/v2\/HXDCVMCIOVDMNNEF3OJBPYFAMI.jpg?auth=2978048847b8e554176644aa8ee5cfd7c9f69e4467ebc929c41c6641fb461151&amp;smart=true&amp;width=992&amp;height=558&amp;quality=85\" media=\"(min-width: 1000px)\"\/><source srcset=\"https:\/\/www.infobae.com\/resizer\/v2\/HXDCVMCIOVDMNNEF3OJBPYFAMI.jpg?auth=2978048847b8e554176644aa8ee5cfd7c9f69e4467ebc929c41c6641fb461151&amp;smart=true&amp;width=768&amp;height=432&amp;quality=85\" media=\"(min-width: 768px)\"\/><source srcset=\"https:\/\/www.infobae.com\/resizer\/v2\/HXDCVMCIOVDMNNEF3OJBPYFAMI.jpg?auth=2978048847b8e554176644aa8ee5cfd7c9f69e4467ebc929c41c6641fb461151&amp;smart=true&amp;width=577&amp;height=325&amp;quality=85\" media=\"(min-width: 580px)\"\/><source srcset=\"https:\/\/www.infobae.com\/resizer\/v2\/HXDCVMCIOVDMNNEF3OJBPYFAMI.jpg?auth=2978048847b8e554176644aa8ee5cfd7c9f69e4467ebc929c41c6641fb461151&amp;smart=true&amp;width=420&amp;height=236&amp;quality=85\" media=\"(min-width: 350px)\"\/><source srcset=\"https:\/\/www.infobae.com\/resizer\/v2\/HXDCVMCIOVDMNNEF3OJBPYFAMI.jpg?auth=2978048847b8e554176644aa8ee5cfd7c9f69e4467ebc929c41c6641fb461151&amp;smart=true&amp;width=350&amp;height=197&amp;quality=85\" media=\"(min-width: 80px)\"\/><img alt=\"Cristian Ritondo participar\u00e1 de un zoom con la mesa ejecutiva del PRO\" class=\"global-image\" decoding=\"async\" fetchpriority=\"high\" height=\"1080\" loading=\"eager\" src=\"https:\/\/www.infobae.com\/resizer\/v2\/HXDCVMCIOVDMNNEF3OJBPYFAMI.jpg?auth=2978048847b8e554176644aa8ee5cfd7c9f69e4467ebc929c41c6641fb461151&amp;smart=true&amp;width=350&amp;height=197&amp;quality=85\" width=\"1920\"\/><\/picture><figcaption class=\"article-figcaption-img\">Cristian Ritondo participar\u00e1 de un zoom con la mesa ejecutiva del PRO<\/figcaption><\/div>\n<p class=\"paragraph\">Por primera vez desde que se inaugur\u00f3 esta mesa de di\u00e1logo, <b>el PRO no ir\u00e1 hoy a la habitual reuni\u00f3n de bloques aliados en la Casa Rosada<\/b>, que se suspendi\u00f3 a la espera de que el partido tome una posici\u00f3n unificada respecto del veto presidencial al proyecto de financiamiento de las universidades. Es una novedad que se combina con otra que ocurri\u00f3 anoche: el ministro de Econom\u00eda, Luis Caputo, anticip\u00f3 que ir\u00e1n a la Justicia si pierden la votaci\u00f3n parlamentaria.<\/p>\n<p class=\"paragraph\">\u201cEst\u00e1n presentando un gasto sin contrapartida, vamos a apelar. Probablemente en la Justicia, siempre en el marco de la ley. Lo que proponemos es debatir dentro del marco que corresponda que es el Presupuesto 2025\u2033, dijo el titular del Palacio de Hacienda, mientras en la Casa Rosada cuentan los apoyos y, tambi\u00e9n, las ausencias de los legisladores para la sesi\u00f3n convocada para el mi\u00e9rcoles pr\u00f3ximo.<\/p>\n<p class=\"paragraph\">Con los n\u00fameros ajustados en el Congreso, y por el momento sin la garant\u00eda de poder defender la decisi\u00f3n de <b>Javier Milei<\/b> en ambas C\u00e1maras, las autoridades nacionales est\u00e1n expectantes de la postura que tomar\u00e1 el espacio liderado por<b> Mauricio Macri<\/b>, mientras en paralelo contin\u00faan con las negociaciones con los gremios para tratar de destrabar el conflicto.<\/p>\n<div class=\" visual__image\"><picture><source srcset=\"https:\/\/www.infobae.com\/resizer\/v2\/4GGCQEKEX5DXPOKWJTNAXIJVF4.jpg?auth=9f13dc9dd22438b4491e1c1fe5db1cf1251f00b268cc4b52c6994a0e97a0a980&amp;smart=true&amp;width=992&amp;height=558&amp;quality=85\" media=\"(min-width: 1000px)\"\/><source srcset=\"https:\/\/www.infobae.com\/resizer\/v2\/4GGCQEKEX5DXPOKWJTNAXIJVF4.jpg?auth=9f13dc9dd22438b4491e1c1fe5db1cf1251f00b268cc4b52c6994a0e97a0a980&amp;smart=true&amp;width=768&amp;height=432&amp;quality=85\" media=\"(min-width: 768px)\"\/><source srcset=\"https:\/\/www.infobae.com\/resizer\/v2\/4GGCQEKEX5DXPOKWJTNAXIJVF4.jpg?auth=9f13dc9dd22438b4491e1c1fe5db1cf1251f00b268cc4b52c6994a0e97a0a980&amp;smart=true&amp;width=577&amp;height=325&amp;quality=85\" media=\"(min-width: 580px)\"\/><source srcset=\"https:\/\/www.infobae.com\/resizer\/v2\/4GGCQEKEX5DXPOKWJTNAXIJVF4.jpg?auth=9f13dc9dd22438b4491e1c1fe5db1cf1251f00b268cc4b52c6994a0e97a0a980&amp;smart=true&amp;width=420&amp;height=236&amp;quality=85\" media=\"(min-width: 350px)\"\/><source srcset=\"https:\/\/www.infobae.com\/resizer\/v2\/4GGCQEKEX5DXPOKWJTNAXIJVF4.jpg?auth=9f13dc9dd22438b4491e1c1fe5db1cf1251f00b268cc4b52c6994a0e97a0a980&amp;smart=true&amp;width=350&amp;height=197&amp;quality=85\" media=\"(min-width: 80px)\"\/><img alt=\"Diputados del PRO junto al jefe de Gabinete, Guillermo Francos\" class=\"global-image\" decoding=\"async\" fetchpriority=\"low\" height=\"1080\" loading=\"lazy\" src=\"https:\/\/www.infobae.com\/resizer\/v2\/4GGCQEKEX5DXPOKWJTNAXIJVF4.jpg?auth=9f13dc9dd22438b4491e1c1fe5db1cf1251f00b268cc4b52c6994a0e97a0a980&amp;smart=true&amp;width=350&amp;height=197&amp;quality=85\" width=\"1920\"\/><\/picture><figcaption class=\"article-figcaption-img\">Diputados del PRO junto al jefe de Gabinete, Guillermo Francos<\/figcaption><\/div>\n<p class=\"paragraph\">En este sentido, si bien se posterg\u00f3 el encuentro semanal con los legisladores cercanos, tanto el Gobierno como los diputados amarillos tendr\u00e1n este lunes una intensa agenda de actividades que podr\u00eda definir el futuro de la medida que fren\u00f3 el aumento para los docentes de las casas de altos estudios.<\/p>\n<p class=\"paragraph\">Por un lado, el Ministerio de Capital Humano, que conduce<b> Sandra Pettovello<\/b>, convocar\u00e1 a la<b> Comisi\u00f3n T\u00e9cnica<\/b> con el objetivo de analizar junto a los sindicatos involucrados una nueva propuesta de incremento salarial, tras el rechazo del \u00faltimo 6,8% que ofreci\u00f3 el Poder Ejecutivo poco antes de la Marcha Federal.<\/p>\n<p class=\"paragraph\">De acuerdo con lo que precisaron a <b>Infobae<\/b> fuentes de esa cartera, este organismo es una herramienta que est\u00e1 dentro del proceso de paritarias y est\u00e1 integrado por un titular y un suplente de cada gremio, y encabezado por el director de Presupuesto de la Subsecretar\u00eda de Pol\u00edticas Universitarias.<\/p>\n<p class=\"paragraph\">Al respecto, en el entorno de la funcionaria remarcaron que <b>se trata de \u201cuna reuni\u00f3n t\u00e9cnica\u201d y que esa comisi\u00f3n \u201cno tiene mandato para tomar decisiones\u201d<\/b>, aunque de ese acercamiento podr\u00eda surgir una posterior oferta.<\/p>\n<div class=\" visual__image\"><picture><source srcset=\"https:\/\/www.infobae.com\/resizer\/v2\/K5ZI4SO45FCQ3KG56KUML4QAME.jfif?auth=7c34662950cddefee3a7247568af62af2bd200b2b7e77eefb47f69ef2c4911ca&amp;smart=true&amp;width=992&amp;height=744&amp;quality=85\" media=\"(min-width: 1000px)\"\/><source srcset=\"https:\/\/www.infobae.com\/resizer\/v2\/K5ZI4SO45FCQ3KG56KUML4QAME.jfif?auth=7c34662950cddefee3a7247568af62af2bd200b2b7e77eefb47f69ef2c4911ca&amp;smart=true&amp;width=768&amp;height=576&amp;quality=85\" media=\"(min-width: 768px)\"\/><source srcset=\"https:\/\/www.infobae.com\/resizer\/v2\/K5ZI4SO45FCQ3KG56KUML4QAME.jfif?auth=7c34662950cddefee3a7247568af62af2bd200b2b7e77eefb47f69ef2c4911ca&amp;smart=true&amp;width=577&amp;height=433&amp;quality=85\" media=\"(min-width: 580px)\"\/><source srcset=\"https:\/\/www.infobae.com\/resizer\/v2\/K5ZI4SO45FCQ3KG56KUML4QAME.jfif?auth=7c34662950cddefee3a7247568af62af2bd200b2b7e77eefb47f69ef2c4911ca&amp;smart=true&amp;width=420&amp;height=315&amp;quality=85\" media=\"(min-width: 350px)\"\/><source srcset=\"https:\/\/www.infobae.com\/resizer\/v2\/K5ZI4SO45FCQ3KG56KUML4QAME.jfif?auth=7c34662950cddefee3a7247568af62af2bd200b2b7e77eefb47f69ef2c4911ca&amp;smart=true&amp;width=350&amp;height=263&amp;quality=85\" media=\"(min-width: 80px)\"\/><img alt=\"Javier Milei junto a la ministra de Capital Humano, Sandra Pettovello, y el subsecretario de Pol\u00edticas Universitarias, Alejandro \u00c1lvarez\" class=\"global-image\" decoding=\"async\" fetchpriority=\"low\" height=\"2806\" loading=\"lazy\" src=\"https:\/\/www.infobae.com\/resizer\/v2\/K5ZI4SO45FCQ3KG56KUML4QAME.jfif?auth=7c34662950cddefee3a7247568af62af2bd200b2b7e77eefb47f69ef2c4911ca&amp;smart=true&amp;width=350&amp;height=263&amp;quality=85\" width=\"3739\"\/><\/picture><figcaption class=\"article-figcaption-img\">Javier Milei junto a la ministra de Capital Humano, Sandra Pettovello, y el subsecretario de Pol\u00edticas Universitarias, Alejandro \u00c1lvarez<\/figcaption><\/div>\n<p class=\"paragraph\">Lo que se pretende, puntualmente, es determinar \u201caspectos de la situaci\u00f3n y evoluci\u00f3n salarial entre ambas partes\u201d y clarificar \u201cla interpretaci\u00f3n de las demandas sindicales y la visi\u00f3n del gobierno sobre esos n\u00fameros\u201d para evitar as\u00ed \u201chablar en el aire\u201d, seg\u00fan precisaron las fuentes.<\/p>\n<p class=\"paragraph\">La definici\u00f3n en ese ministerio se complementa con la advertencia que hizo Caputo en la entrevista con Luis Majul, donde ratific\u00f3 que la intenci\u00f3n del Gobierno, lejos de ceder, es redoblar la apuesta para frenar un aumento presupuestario que, entienden, podr\u00eda precipitar m\u00e1s intentos por abultar los gastos del Estado.<\/p>\n<p class=\"paragraph\">A su vez, el PRO llevar\u00e1 adelante este lunes un nuevo zoom de su mesa ejecutiva, compuesta por sus m\u00e1ximos referentes, en la que se comenzar\u00e1 a tratar la cuesti\u00f3n del veto, de cara a la reuni\u00f3n del bloque que tendr\u00e1n los diputados el martes.<\/p>\n<p class=\"paragraph\">Adem\u00e1s del propio Macri, en esa mesa estar\u00e1n los gobernadores <b>Ignacio<\/b> \u201c<b>Nacho\u201d Torres <\/b>(Chubut) y <b>Jorge Macri<\/b> (CABA); los intendentes <b>Soledad Mart\u00ednez<\/b> (Vicente L\u00f3pez) y <b>Guillermo Montenegro<\/b> (General Pueyrred\u00f3n); el secretario general del partido, <b>Facundo P\u00e9rez<\/b> <b>Carletti<\/b>, y <b>Cristian Ritondo<\/b>, jefe de la bancada en la C\u00e1mara baja, entre otros.<\/p>\n<p class=\"paragraph\">Esa conversaci\u00f3n virtual ser\u00e1 un primer paso para definir la postura que deber\u00e1 tomar el espacio ante la inminencia del tratamiento del veto en el Congreso, previsto para el mi\u00e9rcoles, por lo que un d\u00eda antes de esa sesi\u00f3n habr\u00eda ya un pronunciamiento p\u00fablico.<\/p>\n<p class=\"paragraph\">El domingo, el ex presidente dio una pista de lo que podr\u00eda ser su opini\u00f3n sobre este asunto, al publicar en su cuenta de X una extensa carta en la que cuestion\u00f3 la supuesta \u201ccrisis de transparencia\u201d en la UBA, que \u201cdesde 2015 no ha presentado ni una sola factura\u201d.<\/p>\n<div class=\" visual__image\"><picture><source srcset=\"https:\/\/www.infobae.com\/resizer\/v2\/F7UH4ZUQKVBLPD4PJR2XNTXGXI.JPG?auth=47b3f3c5a8ab3f3737be7234fcc4e36f461eb34b244f4126d1d938acd3060b73&amp;smart=true&amp;width=992&amp;height=558&amp;quality=85\" media=\"(min-width: 1000px)\"\/><source srcset=\"https:\/\/www.infobae.com\/resizer\/v2\/F7UH4ZUQKVBLPD4PJR2XNTXGXI.JPG?auth=47b3f3c5a8ab3f3737be7234fcc4e36f461eb34b244f4126d1d938acd3060b73&amp;smart=true&amp;width=768&amp;height=432&amp;quality=85\" media=\"(min-width: 768px)\"\/><source srcset=\"https:\/\/www.infobae.com\/resizer\/v2\/F7UH4ZUQKVBLPD4PJR2XNTXGXI.JPG?auth=47b3f3c5a8ab3f3737be7234fcc4e36f461eb34b244f4126d1d938acd3060b73&amp;smart=true&amp;width=577&amp;height=325&amp;quality=85\" media=\"(min-width: 580px)\"\/><source srcset=\"https:\/\/www.infobae.com\/resizer\/v2\/F7UH4ZUQKVBLPD4PJR2XNTXGXI.JPG?auth=47b3f3c5a8ab3f3737be7234fcc4e36f461eb34b244f4126d1d938acd3060b73&amp;smart=true&amp;width=420&amp;height=236&amp;quality=85\" media=\"(min-width: 350px)\"\/><source srcset=\"https:\/\/www.infobae.com\/resizer\/v2\/F7UH4ZUQKVBLPD4PJR2XNTXGXI.JPG?auth=47b3f3c5a8ab3f3737be7234fcc4e36f461eb34b244f4126d1d938acd3060b73&amp;smart=true&amp;width=350&amp;height=197&amp;quality=85\" media=\"(min-width: 80px)\"\/><img alt=\"El PRO definir\u00e1 su postura sobre el veto en los pr\u00f3ximos d\u00edas (Gustavo Gavotti)\" class=\"global-image\" decoding=\"async\" fetchpriority=\"low\" height=\"1080\" loading=\"lazy\" src=\"https:\/\/www.infobae.com\/resizer\/v2\/F7UH4ZUQKVBLPD4PJR2XNTXGXI.JPG?auth=47b3f3c5a8ab3f3737be7234fcc4e36f461eb34b244f4126d1d938acd3060b73&amp;smart=true&amp;width=350&amp;height=197&amp;quality=85\" width=\"1920\"\/><\/picture><figcaption class=\"article-figcaption-img\">El PRO definir\u00e1 su postura sobre el veto en los pr\u00f3ximos d\u00edas (Gustavo Gavotti)<\/figcaption><\/div>\n<p class=\"paragraph\">\u201cLo cierto es que ac\u00e1 no se est\u00e1 discutiendo la autonom\u00eda universitaria. Tampoco se est\u00e1 cuestionando el acceso a la universidad ni su funcionamiento. Lo que realmente est\u00e1 en disputa es \u2018la suya\u2019: la parte del presupuesto que se desv\u00eda hacia la pol\u00edtica\u201d, remarc\u00f3 el l\u00edder del PRO, en l\u00ednea con lo que expresa el oficialismo.<\/p>\n<p class=\"paragraph\">De hecho, a trav\u00e9s de esa misma red social, la ministra Pettovello reconoci\u00f3 que <b>se encuentra \u201ctrabajando en m\u00e1s de una opci\u00f3n\u201d para modificar el sistema de auditor\u00edas<\/b> de los fondos destinados a todas las casas de altos estudios.<\/p>\n<p class=\"paragraph\">Sobre este punto, una de las iniciativas en carpeta es anular una resoluci\u00f3n que le impide a la Sindicatura General de la Naci\u00f3n (SIGEN) hacerse cargo de esa tarea, que actualmente est\u00e1 en manos de la Auditor\u00eda General de la Naci\u00f3n (AGN), presidida por<b> Juan Manuel Olmos<\/b>, quien fue vicejefe de Gabinete durante la administraci\u00f3n de <b>Alberto Fern\u00e1ndez<\/b>.<\/p>\n<p class=\"paragraph\">\u201cPara el populismo, todas las instituciones son herramientas para acumular poder. Por eso, cuando estuvieron en el gobierno, intentaron apoderarse de la justicia, silenciar a los medios y corromper a las universidades mediante la manipulaci\u00f3n de los presupuestos. Las consecuencias de esa manipulaci\u00f3n siguen hasta hoy. <b>El manejo del dinero sigue siendo opaco en muchas universidades<\/b>\u201d, coment\u00f3 Macri.<\/p>\n<p class=\"paragraph\">A pesar de estas declaraciones, por el momento el PRO no tiene una voz unificada y, mientras que algunos cuestionan el veto de Milei, otros referentes, como<b> Diego Santilli<\/b>, anticip\u00f3 que va a \u201cser coherente\u201d con sus ideas y va \u201ca apoyar\u201d la decisi\u00f3n del jefe de Estado.<\/p>\n<div class=\" visual__image\"><picture><source srcset=\"https:\/\/www.infobae.com\/resizer\/v2\/UN4DKJ52D5C4JDKUGDE7KFZKSM.jpg?auth=75c1c2d5dbc8bbf5b132395a23ec9edbacc99e5c7d21993de3fba5b7808880ed&amp;smart=true&amp;width=992&amp;height=661&amp;quality=85\" media=\"(min-width: 1000px)\"\/><source srcset=\"https:\/\/www.infobae.com\/resizer\/v2\/UN4DKJ52D5C4JDKUGDE7KFZKSM.jpg?auth=75c1c2d5dbc8bbf5b132395a23ec9edbacc99e5c7d21993de3fba5b7808880ed&amp;smart=true&amp;width=768&amp;height=512&amp;quality=85\" media=\"(min-width: 768px)\"\/><source srcset=\"https:\/\/www.infobae.com\/resizer\/v2\/UN4DKJ52D5C4JDKUGDE7KFZKSM.jpg?auth=75c1c2d5dbc8bbf5b132395a23ec9edbacc99e5c7d21993de3fba5b7808880ed&amp;smart=true&amp;width=577&amp;height=385&amp;quality=85\" media=\"(min-width: 580px)\"\/><source srcset=\"https:\/\/www.infobae.com\/resizer\/v2\/UN4DKJ52D5C4JDKUGDE7KFZKSM.jpg?auth=75c1c2d5dbc8bbf5b132395a23ec9edbacc99e5c7d21993de3fba5b7808880ed&amp;smart=true&amp;width=420&amp;height=280&amp;quality=85\" media=\"(min-width: 350px)\"\/><source srcset=\"https:\/\/www.infobae.com\/resizer\/v2\/UN4DKJ52D5C4JDKUGDE7KFZKSM.jpg?auth=75c1c2d5dbc8bbf5b132395a23ec9edbacc99e5c7d21993de3fba5b7808880ed&amp;smart=true&amp;width=350&amp;height=233&amp;quality=85\" media=\"(min-width: 80px)\"\/><img alt=\"Diego Santilli anticip\u00f3 su apoyo a la decisi\u00f3n del Presidente \" class=\"global-image\" decoding=\"async\" fetchpriority=\"low\" height=\"1339\" loading=\"lazy\" src=\"https:\/\/www.infobae.com\/resizer\/v2\/UN4DKJ52D5C4JDKUGDE7KFZKSM.jpg?auth=75c1c2d5dbc8bbf5b132395a23ec9edbacc99e5c7d21993de3fba5b7808880ed&amp;smart=true&amp;width=350&amp;height=233&amp;quality=85\" width=\"1920\"\/><\/picture><figcaption class=\"article-figcaption-img\">Diego Santilli anticip\u00f3 su apoyo a la decisi\u00f3n del Presidente <\/figcaption><\/div>\n<p class=\"paragraph\">\u201c<b>Tengo la misma posici\u00f3n que tuve hace dos meses. <\/b>No puedo borrar con el codo lo que escrib\u00ed con la mano. Hace dos meses votamos algo, \u00bfqu\u00e9 cambi\u00f3?\u201d, plante\u00f3 en una entrevista en <i>Radio Rivadavia<\/i>.<\/p>\n<p class=\"paragraph\">Resta saber qu\u00e9 har\u00e1n los legisladores que responden a gobernadores de este espacio, como a Nacho Torres, pero tambi\u00e9n a<b> Rogelio Frigerio <\/b>(Entre R\u00edos) y <b>Marcelo Orrego <\/b>(San Juan), por lo que aparece como determinante el zoom de este lunes.<\/p>\n<p class=\"paragraph\">Mientras tanto, el titular de la C\u00e1mara baja, <b>Mart\u00edn Menem<\/b>, renueva las conversaciones con los cinco radicales cercanos a La Libertad Avanza, <b>Mariano Campero<\/b>, <b>Pablo Cervi<\/b>, <b>Mart\u00edn Arjol<\/b>, <b>Jos\u00e9 Tournier<\/b> y<b> Luis Picat<\/b>, quienes apoyaron ya el veto al aumento de las jubilaciones.<\/p>\n<p class=\"paragraph\">El Gobierno busca en esta oportunidad que las ausencias en el recinto le permita necesitar de un menor n\u00famero de apoyos -requiere de dos tercios de los presentes- para evitar que la oposici\u00f3n insista con el proyecto y que el debate por el financiamiento de las universidades se d\u00e9 en el marco de la discusi\u00f3n de la Ley de Presupuesto.<\/p>\n<\/div>\n<p><script defer=\"\">!function(f,b,e,v,n,t,s) {if(f.fbq)return;n=f.fbq=function(){n.callMethod? n.callMethod.apply(n,arguments):n.queue.push(arguments)}; if(!f._fbq)f._fbq=n;n.push=n;n.loaded=!0;n.version='2.0'; n.queue=[];t=b.createElement(e);t.async=!0; t.src=v;s=b.getElementsByTagName(e)[0]; s.parentNode.insertBefore(t,s)}(window, document,'script', ' fbq('init', '336383993555320'); fbq('track', 'PageView'); fbq('track', 'ViewContent');<\/script><script src=\"https:\/\/connect.facebook.net\/en_US\/sdk.js\" crossorigin=\"anonymous\" defer=\"\"><\/script><\/p>\n","protected":false},"excerpt":{"rendered":"<p>Cristian Ritondo participar\u00e1 de un zoom con la mesa ejecutiva del PRO Por primera vez desde que se inaugur\u00f3 esta mesa de di\u00e1logo, el PRO no ir\u00e1 hoy a la habitual reuni\u00f3n de bloques aliados en la Casa Rosada, que se suspendi\u00f3 a la espera de que el partido tome una posici\u00f3n unificada respecto del [&hellip;]<\/p>\n","protected":false},"author":2,"featured_media":25898,"comment_status":"","ping_status":"","sticky":false,"template":"","format":"standard","meta":{"footnotes":""},"categories":[7],"tags":[],"_links":{"self":[{"href":"https:\/\/maxradio923.com.ar\/index.php\/wp-json\/wp\/v2\/posts\/25897"}],"collection":[{"href":"https:\/\/maxradio923.com.ar\/index.php\/wp-json\/wp\/v2\/posts"}],"about":[{"href":"https:\/\/maxradio923.com.ar\/index.php\/wp-json\/wp\/v2\/types\/post"}],"author":[{"embeddable":true,"href":"https:\/\/maxradio923.com.ar\/index.php\/wp-json\/wp\/v2\/users\/2"}],"replies":[{"embeddable":true,"href":"https:\/\/maxradio923.com.ar\/index.php\/wp-json\/wp\/v2\/comments?post=25897"}],"version-history":[{"count":0,"href":"https:\/\/maxradio923.com.ar\/index.php\/wp-json\/wp\/v2\/posts\/25897\/revisions"}],"wp:featuredmedia":[{"embeddable":true,"href":"https:\/\/maxradio923.com.ar\/index.php\/wp-json\/wp\/v2\/media\/25898"}],"wp:attachment":[{"href":"https:\/\/maxradio923.com.ar\/index.php\/wp-json\/wp\/v2\/media?parent=25897"}],"wp:term":[{"taxonomy":"category","embeddable":true,"href":"https:\/\/maxradio923.com.ar\/index.php\/wp-json\/wp\/v2\/categories?post=25897"},{"taxonomy":"post_tag","embeddable":true,"href":"https:\/\/maxradio923.com.ar\/index.php\/wp-json\/wp\/v2\/tags?post=25897"}],"curies":[{"name":"wp","href":"https:\/\/api.w.org\/{rel}","templated":true}]}}