{"id":25893,"date":"2024-10-07T20:15:02","date_gmt":"2024-10-07T23:15:02","guid":{"rendered":"https:\/\/maxradio923.com.ar\/index.php\/2024\/10\/07\/macri-reune-a-su-mesa-politica-para-definir-la-posicion-del-pro-sobre-el-veto-a-los-fondos-universitarios\/"},"modified":"2024-10-07T20:15:02","modified_gmt":"2024-10-07T23:15:02","slug":"macri-reune-a-su-mesa-politica-para-definir-la-posicion-del-pro-sobre-el-veto-a-los-fondos-universitarios","status":"publish","type":"post","link":"https:\/\/maxradio923.com.ar\/index.php\/2024\/10\/07\/macri-reune-a-su-mesa-politica-para-definir-la-posicion-del-pro-sobre-el-veto-a-los-fondos-universitarios\/","title":{"rendered":"Macri re\u00fane a su mesa pol\u00edtica para definir la posici\u00f3n del PRO sobre el veto a los fondos universitarios"},"content":{"rendered":"<p><\/p>\n<div>\n<div class=\" visual__image\"><picture><source srcset=\"https:\/\/www.infobae.com\/resizer\/v2\/F7UH4ZUQKVBLPD4PJR2XNTXGXI.JPG?auth=47b3f3c5a8ab3f3737be7234fcc4e36f461eb34b244f4126d1d938acd3060b73&amp;smart=true&amp;width=992&amp;height=558&amp;quality=85\" media=\"(min-width: 1000px)\"\/><source srcset=\"https:\/\/www.infobae.com\/resizer\/v2\/F7UH4ZUQKVBLPD4PJR2XNTXGXI.JPG?auth=47b3f3c5a8ab3f3737be7234fcc4e36f461eb34b244f4126d1d938acd3060b73&amp;smart=true&amp;width=768&amp;height=432&amp;quality=85\" media=\"(min-width: 768px)\"\/><source srcset=\"https:\/\/www.infobae.com\/resizer\/v2\/F7UH4ZUQKVBLPD4PJR2XNTXGXI.JPG?auth=47b3f3c5a8ab3f3737be7234fcc4e36f461eb34b244f4126d1d938acd3060b73&amp;smart=true&amp;width=577&amp;height=325&amp;quality=85\" media=\"(min-width: 580px)\"\/><source srcset=\"https:\/\/www.infobae.com\/resizer\/v2\/F7UH4ZUQKVBLPD4PJR2XNTXGXI.JPG?auth=47b3f3c5a8ab3f3737be7234fcc4e36f461eb34b244f4126d1d938acd3060b73&amp;smart=true&amp;width=420&amp;height=236&amp;quality=85\" media=\"(min-width: 350px)\"\/><source srcset=\"https:\/\/www.infobae.com\/resizer\/v2\/F7UH4ZUQKVBLPD4PJR2XNTXGXI.JPG?auth=47b3f3c5a8ab3f3737be7234fcc4e36f461eb34b244f4126d1d938acd3060b73&amp;smart=true&amp;width=350&amp;height=197&amp;quality=85\" media=\"(min-width: 80px)\"\/><img alt=\"Macri re\u00fane a su mesa pol\u00edtica para definir la posici\u00f3n del PRO sobre el veto a los fondos universitarios (Cr\u00e9dito: Gustavo Gavotti)\" class=\"global-image\" decoding=\"async\" fetchpriority=\"high\" height=\"1080\" loading=\"eager\" src=\"https:\/\/www.infobae.com\/resizer\/v2\/F7UH4ZUQKVBLPD4PJR2XNTXGXI.JPG?auth=47b3f3c5a8ab3f3737be7234fcc4e36f461eb34b244f4126d1d938acd3060b73&amp;smart=true&amp;width=350&amp;height=197&amp;quality=85\" width=\"1920\"\/><\/picture><figcaption class=\"article-figcaption-img\">Macri re\u00fane a su mesa pol\u00edtica para definir la posici\u00f3n del PRO sobre el veto a los fondos universitarios (Cr\u00e9dito: Gustavo Gavotti)<\/figcaption><\/div>\n<p class=\"paragraph\">Es una semana decisiva para la relaci\u00f3n pol\u00edtica entre Mauricio Macri y Javier Milei. El Gobierno necesita el apoyo el PRO en el Congreso para blindar el veto a la Ley de financiamiento para las universidades nacionales. Los libertarios re\u00fanen apenas 38 legisladores propios y requieren 50 bancas m\u00e1s, de bloques aliados, para lograr el tercio que impida una insistencia del Poder Legislativo para reinstaurar la normativa. En el macrismo conocen que tienen poder de fuego o, como se dice suele decir en la Ciencia Pol\u00edtica, de \u201cchantaje\u201d: cuentan con los miembros suficientes en el parlamento como para tener un rol determinante para el oficialismo. Por eso, el respaldo o no de los diputados amarillos a la posici\u00f3n de la Casa Rosada fijar\u00e1 el horizonte de esa sociedad pol\u00edtica.<\/p>\n<p class=\"paragraph\">Macri tiene previsto reunir hoy a la mesa ejecutiva del PRO. Lo hace habitualmente desde que preside el partido. Pero en esa ocasi\u00f3n cobra especial relevancia. El c\u00f3nclave ser\u00e1 resolutorio sobre la decisi\u00f3n del macrismo respecto al veto a los fondos para las universidades. El bloque en la C\u00e1mara de Diputados tiene miradas divergentes, que quedaron expuestas durante el fin de semana. El ex presidente busca ordenar su tropa de cara a la sesi\u00f3n del mi\u00e9rcoles en el Congreso.<\/p>\n<p class=\"paragraph\">Seg\u00fan supo Infobae, Macri cit\u00f3 para hoy a las 11 a una reuni\u00f3n por Zoom a los gobernadores del PRO Rogelio Frigerio (Entre R\u00edos), Jorge Macri (CABA) y Nacho Torres (Chubut); los intendentes Soledad Mart\u00ednez (Vicente L\u00f3pez) y Guillermo Montenegro (Mar del Plata); los legisladores nacionales Cristian Ritondo, Mar\u00eda Eugenia Vidal y Diego Santilli; as\u00ed como Facundo P\u00e9rez Carletti, secretario general del partido, y Fernando De Andreis, dirigente y principal estratega del macrismo.<\/p>\n<div class=\" visual__image\"><picture><source srcset=\"https:\/\/www.infobae.com\/resizer\/v2\/DUE3ZSS4B5DMBEV6N64QRRTGXQ.jpg?auth=3787cc79cc7b4bca0699f2b9ad16a9b7b884638d58f57c54d6260475bbd94a33&amp;smart=true&amp;width=992&amp;height=558&amp;quality=85\" media=\"(min-width: 1000px)\"\/><source srcset=\"https:\/\/www.infobae.com\/resizer\/v2\/DUE3ZSS4B5DMBEV6N64QRRTGXQ.jpg?auth=3787cc79cc7b4bca0699f2b9ad16a9b7b884638d58f57c54d6260475bbd94a33&amp;smart=true&amp;width=768&amp;height=432&amp;quality=85\" media=\"(min-width: 768px)\"\/><source srcset=\"https:\/\/www.infobae.com\/resizer\/v2\/DUE3ZSS4B5DMBEV6N64QRRTGXQ.jpg?auth=3787cc79cc7b4bca0699f2b9ad16a9b7b884638d58f57c54d6260475bbd94a33&amp;smart=true&amp;width=577&amp;height=325&amp;quality=85\" media=\"(min-width: 580px)\"\/><source srcset=\"https:\/\/www.infobae.com\/resizer\/v2\/DUE3ZSS4B5DMBEV6N64QRRTGXQ.jpg?auth=3787cc79cc7b4bca0699f2b9ad16a9b7b884638d58f57c54d6260475bbd94a33&amp;smart=true&amp;width=420&amp;height=236&amp;quality=85\" media=\"(min-width: 350px)\"\/><source srcset=\"https:\/\/www.infobae.com\/resizer\/v2\/DUE3ZSS4B5DMBEV6N64QRRTGXQ.jpg?auth=3787cc79cc7b4bca0699f2b9ad16a9b7b884638d58f57c54d6260475bbd94a33&amp;smart=true&amp;width=350&amp;height=197&amp;quality=85\" media=\"(min-width: 80px)\"\/><img alt=\"Los gobernadores del PRO Jorge Macri, Nacho Torres y Rogelio Frigerio\" class=\"global-image\" decoding=\"async\" fetchpriority=\"low\" height=\"1080\" loading=\"lazy\" src=\"https:\/\/www.infobae.com\/resizer\/v2\/DUE3ZSS4B5DMBEV6N64QRRTGXQ.jpg?auth=3787cc79cc7b4bca0699f2b9ad16a9b7b884638d58f57c54d6260475bbd94a33&amp;smart=true&amp;width=350&amp;height=197&amp;quality=85\" width=\"1920\"\/><\/picture><figcaption class=\"article-figcaption-img\">Los gobernadores del PRO Jorge Macri, Nacho Torres y Rogelio Frigerio<\/figcaption><\/div>\n<p class=\"paragraph\">La mesa del PRO intercambiar\u00e1 miradas y buscar\u00e1 unificar una posici\u00f3n sobre el tema. Se barajan dos escenarios. Por un lado, dar \u201cv\u00eda libre\u201d para que cada legislador opte por votar como considere. Y, por otro, la de buscar un consenso entre los diputados que surja de la pr\u00f3xima reuni\u00f3n de bloque. Otra idea que sobrevuela es que los legisladores amarillos que no acompa\u00f1en el veto de Milei se ausenten de la sesi\u00f3n para no exponer un rechazo. Sobre estos escenarios girar\u00e1 la discusi\u00f3n esta ma\u00f1ana en las oficinas del ex Presidente.<\/p>\n<p class=\"paragraph\">Macri sorprendi\u00f3 ayer por la ma\u00f1ana con un extenso posteo en X. \u201cLa defensa de la universidad p\u00fablica, su acceso libre, gratuito y democr\u00e1tico, <b>requiere poner fin al uso pol\u00edtico de los recursos universitarios<\/b>\u201d, lanz\u00f3 y agreg\u00f3 que \u201cla UBA enfrenta una crisis de transparencia\u201d y que \u201c<b>desde 2015 no ha presentado ni una sola factura<\/b>\u201d. Si bien la publicaci\u00f3n dej\u00f3 entre l\u00edneas una especie de gui\u00f1o hacia el Gobierno, no explicit\u00f3 su postura.<\/p>\n<p class=\"paragraph\">La publicaci\u00f3n fue intempestiva. Hubo dirigentes del PRO de primera l\u00ednea, cercanos a Macri, que no sab\u00edan que iba a emitir ese tuit y se enteraron cuando lo vieron en las redes sociales. \u201cMauricio est\u00e1 muy molesto con el entorno de Milei\u201d, consider\u00f3 un referente del macrismo. \u201cEl tuit es enigm\u00e1tico, porque deja en clara la postura nuestra sobre la educaci\u00f3n p\u00fablica pero tambi\u00e9n sacude a la UBA\u201d, analiz\u00f3 otro representante del partido amarillo que es habitu\u00e9 del ex presidente.<\/p>\n<div class=\" visual__image\"><picture><source srcset=\"https:\/\/www.infobae.com\/resizer\/v2\/F7EHJT56JNGB7NLFQWY2JRSXHY.jpg?auth=cc02c7b85763f69ff48070edc7bc0a15d7f319b51901f57a2707bcced64c1b03&amp;smart=true&amp;width=992&amp;height=558&amp;quality=85\" media=\"(min-width: 1000px)\"\/><source srcset=\"https:\/\/www.infobae.com\/resizer\/v2\/F7EHJT56JNGB7NLFQWY2JRSXHY.jpg?auth=cc02c7b85763f69ff48070edc7bc0a15d7f319b51901f57a2707bcced64c1b03&amp;smart=true&amp;width=768&amp;height=432&amp;quality=85\" media=\"(min-width: 768px)\"\/><source srcset=\"https:\/\/www.infobae.com\/resizer\/v2\/F7EHJT56JNGB7NLFQWY2JRSXHY.jpg?auth=cc02c7b85763f69ff48070edc7bc0a15d7f319b51901f57a2707bcced64c1b03&amp;smart=true&amp;width=577&amp;height=325&amp;quality=85\" media=\"(min-width: 580px)\"\/><source srcset=\"https:\/\/www.infobae.com\/resizer\/v2\/F7EHJT56JNGB7NLFQWY2JRSXHY.jpg?auth=cc02c7b85763f69ff48070edc7bc0a15d7f319b51901f57a2707bcced64c1b03&amp;smart=true&amp;width=420&amp;height=236&amp;quality=85\" media=\"(min-width: 350px)\"\/><source srcset=\"https:\/\/www.infobae.com\/resizer\/v2\/F7EHJT56JNGB7NLFQWY2JRSXHY.jpg?auth=cc02c7b85763f69ff48070edc7bc0a15d7f319b51901f57a2707bcced64c1b03&amp;smart=true&amp;width=350&amp;height=197&amp;quality=85\" media=\"(min-width: 80px)\"\/><img alt=\"Mauricio Macri y Cristian Ritondo\" class=\"global-image\" decoding=\"async\" fetchpriority=\"low\" height=\"1080\" loading=\"lazy\" src=\"https:\/\/www.infobae.com\/resizer\/v2\/F7EHJT56JNGB7NLFQWY2JRSXHY.jpg?auth=cc02c7b85763f69ff48070edc7bc0a15d7f319b51901f57a2707bcced64c1b03&amp;smart=true&amp;width=350&amp;height=197&amp;quality=85\" width=\"1920\"\/><\/picture><figcaption class=\"article-figcaption-img\">Mauricio Macri y Cristian Ritondo<\/figcaption><\/div>\n<p class=\"paragraph\">Macri hab\u00eda reunido el jueves a los senadores del PRO para analizar la situaci\u00f3n parlamentaria de la C\u00e1mara Alta, el panorama de sus provincias, y tambi\u00e9n comentar miradas sobre la marcha universitaria del mi\u00e9rcoles y la postura sobre el veto de Milei. Tras ese c\u00f3nclave, que tuvo lugar en su casa de Acassuso, dej\u00f3 trascender un gui\u00f1o hacia la educaci\u00f3n p\u00fablica, aunque sembr\u00f3 la inc\u00f3gnita sobre el respaldo al Decreto de la Casa Rosada contra los fondos universitarios.<\/p>\n<p class=\"paragraph\">En el Gobierno hubo malestar con Macri tras aquella reuni\u00f3n con los senadores del PRO. El tema fue motivo de conversaci\u00f3n en la reuni\u00f3n de Gabinete pol\u00edtico del jueves. Incluso, gener\u00f3 que ese mismo d\u00eda Santiago Caputo fuera a ver al ex presidente. Hubo versiones encontradas sobre el resultado de ese encuentro. El fundador del PRO est\u00e1 molesto con el estratega de Milei porque considera que no hace lugar a sus consejos y pedidos en relaci\u00f3n con el v\u00ednculo con los libertarios.<\/p>\n<p class=\"paragraph\">Por la tarde del jueves, un enigm\u00e1tico tuit de Fernando De Andreis encendi\u00f3 alarmas en el Gobierno. \u201cComo el escorpi\u00f3n que mata a la rana que lo est\u00e1 ayudando a cruzar el r\u00edo, no pueden resistirse, est\u00e1 en su naturaleza\u201d, public\u00f3 el dirigente macrista en alusi\u00f3n a la f\u00e1bula de Esopo. La lectura lineal indica que se trat\u00f3 de una alegor\u00eda para graficar la relaci\u00f3n de su partido con el Gobierno, donde el macrismo est\u00e1 \u201cayudando a cruzar el r\u00edo\u201d a Milei, pero el \u201centorno\u201d presidencial y un sector del oficialismo rechazan al PRO.<\/p>\n<div class=\" visual__image\"><picture><source srcset=\"https:\/\/www.infobae.com\/resizer\/v2\/NHO3SKWHSVBQRN4LQYPKGSKLKU.jpg?auth=3b0baaa9194a2934174c7fb3ffdd4415cfa25860e3a6676c10f751693a4256f2&amp;smart=true&amp;width=992&amp;height=558&amp;quality=85\" media=\"(min-width: 1000px)\"\/><source srcset=\"https:\/\/www.infobae.com\/resizer\/v2\/NHO3SKWHSVBQRN4LQYPKGSKLKU.jpg?auth=3b0baaa9194a2934174c7fb3ffdd4415cfa25860e3a6676c10f751693a4256f2&amp;smart=true&amp;width=768&amp;height=432&amp;quality=85\" media=\"(min-width: 768px)\"\/><source srcset=\"https:\/\/www.infobae.com\/resizer\/v2\/NHO3SKWHSVBQRN4LQYPKGSKLKU.jpg?auth=3b0baaa9194a2934174c7fb3ffdd4415cfa25860e3a6676c10f751693a4256f2&amp;smart=true&amp;width=577&amp;height=325&amp;quality=85\" media=\"(min-width: 580px)\"\/><source srcset=\"https:\/\/www.infobae.com\/resizer\/v2\/NHO3SKWHSVBQRN4LQYPKGSKLKU.jpg?auth=3b0baaa9194a2934174c7fb3ffdd4415cfa25860e3a6676c10f751693a4256f2&amp;smart=true&amp;width=420&amp;height=236&amp;quality=85\" media=\"(min-width: 350px)\"\/><source srcset=\"https:\/\/www.infobae.com\/resizer\/v2\/NHO3SKWHSVBQRN4LQYPKGSKLKU.jpg?auth=3b0baaa9194a2934174c7fb3ffdd4415cfa25860e3a6676c10f751693a4256f2&amp;smart=true&amp;width=350&amp;height=197&amp;quality=85\" media=\"(min-width: 80px)\"\/><img alt=\"Diego Santilli, diputado nacional (Maximiliano Luna)\" class=\"global-image\" decoding=\"async\" fetchpriority=\"low\" height=\"1080\" loading=\"lazy\" src=\"https:\/\/www.infobae.com\/resizer\/v2\/NHO3SKWHSVBQRN4LQYPKGSKLKU.jpg?auth=3b0baaa9194a2934174c7fb3ffdd4415cfa25860e3a6676c10f751693a4256f2&amp;smart=true&amp;width=350&amp;height=197&amp;quality=85\" width=\"1920\"\/><\/picture><figcaption class=\"article-figcaption-img\">Diego Santilli, diputado nacional (Maximiliano Luna)<\/figcaption><\/div>\n<p class=\"paragraph\">Hay una particularidad que surge del tuit de De Andreis. En la cita de la f\u00e1bula griega, el PRO parece asumir ser la rana. Y ese es, acaso, el dilema que enfrenta el macrismo. Tiene herramientas para ayudar, pero no para decidir. Milei lo sabe y quiere que el apoyo del partido amarillo le salga barato. Quienes frecuenta a Santiago Caputo le atribuyen la idea respecto a que los libertarios cautivaron al electorado macrista, por eso desestima a sus cuadros. \u201cPara qu\u00e9 queremos a los dirigentes del PRO si ya tenemos a sus votantes\u201d, desaf\u00eda un armador libertario del ri\u00f1on del estratega de La Libertad Avanza.<\/p>\n<p class=\"paragraph\">Sobre este clima se abre una semana determinante para el Gobierno y para Macri. El PRO no logra mantenerse cohesionado, pese al trabajo del ex presidente en ese sentido. El v\u00ednculo con Milei es sinuoso y no termina de consolidarse. Esa situaci\u00f3n incomoda a los dirigentes amarillos, que tienen miradas diversas sobre la Casa Rosada, y no encuentran el lugar adecuado en el mapa de poder. \u201cSi somos aliados, deber\u00edamos estar sentados en la mesa de toma de decisiones y no estamos\u201d, recrimin\u00f3 un diputado nacional del PRO que apoya al jefe de Estado. \u201cNo tenemos margen a diferenciarnos m\u00e1s, estamos bastante jugados\u201d, opina otro referente del partido que tiene diferencias con el oficialismo.<\/p>\n<div class=\" visual__image\"><picture><source srcset=\"https:\/\/www.infobae.com\/resizer\/v2\/SDL5GHB7ZBB6LHIXUMREPBPGQY.jpg?auth=6e08bd8c19c896aa37d9925bf1c6ed53d30877faaa0af724d9eb18baceadda0e&amp;smart=true&amp;width=992&amp;height=744&amp;quality=85\" media=\"(min-width: 1000px)\"\/><source srcset=\"https:\/\/www.infobae.com\/resizer\/v2\/SDL5GHB7ZBB6LHIXUMREPBPGQY.jpg?auth=6e08bd8c19c896aa37d9925bf1c6ed53d30877faaa0af724d9eb18baceadda0e&amp;smart=true&amp;width=768&amp;height=576&amp;quality=85\" media=\"(min-width: 768px)\"\/><source srcset=\"https:\/\/www.infobae.com\/resizer\/v2\/SDL5GHB7ZBB6LHIXUMREPBPGQY.jpg?auth=6e08bd8c19c896aa37d9925bf1c6ed53d30877faaa0af724d9eb18baceadda0e&amp;smart=true&amp;width=577&amp;height=433&amp;quality=85\" media=\"(min-width: 580px)\"\/><source srcset=\"https:\/\/www.infobae.com\/resizer\/v2\/SDL5GHB7ZBB6LHIXUMREPBPGQY.jpg?auth=6e08bd8c19c896aa37d9925bf1c6ed53d30877faaa0af724d9eb18baceadda0e&amp;smart=true&amp;width=420&amp;height=315&amp;quality=85\" media=\"(min-width: 350px)\"\/><source srcset=\"https:\/\/www.infobae.com\/resizer\/v2\/SDL5GHB7ZBB6LHIXUMREPBPGQY.jpg?auth=6e08bd8c19c896aa37d9925bf1c6ed53d30877faaa0af724d9eb18baceadda0e&amp;smart=true&amp;width=350&amp;height=263&amp;quality=85\" media=\"(min-width: 80px)\"\/><img alt=\"Javier Milei, Karina Milei y Patricia Bullrich. EFE\/ Presidencia De Argentina&#10;\" class=\"global-image\" decoding=\"async\" fetchpriority=\"low\" height=\"1294\" loading=\"lazy\" src=\"https:\/\/www.infobae.com\/resizer\/v2\/SDL5GHB7ZBB6LHIXUMREPBPGQY.jpg?auth=6e08bd8c19c896aa37d9925bf1c6ed53d30877faaa0af724d9eb18baceadda0e&amp;smart=true&amp;width=350&amp;height=263&amp;quality=85\" width=\"1600\"\/><\/picture><figcaption class=\"article-figcaption-img\">Javier Milei, Karina Milei y Patricia Bullrich. EFE\/ Presidencia De Argentina<br \/>\n<\/figcaption><\/div>\n<p class=\"paragraph\">Diego Santilli manifest\u00f3 ayer en <i>Radio Rivadavia<\/i>, en una entrevista con el periodista Ignacio Ortelli, que votar\u00e1 para sostener el veto de Milei. En cambio, \u00c1lvaro Gonz\u00e1lez, diputado nacional cercano a Horacio Rodr\u00edguez Larreta, hab\u00eda dicho antes que iba a votar a favor de la Ley de fondos universitarios. Ambas posturas reflejan la divisi\u00f3n del partido sobre el tema. A su vez, Patricia Bullrich ejercer\u00e1 resistencia con los legisladores que le responden, en una muestra de lealtad a Milei y de confrontaci\u00f3n con Macri.<\/p>\n<p class=\"paragraph\">El ex presidente juega esta semana una parte importante de su caudal pol\u00edtico. Pretende que el PRO sea aliado del Gobierno, pero exigir\u00e1 condiciones y no estar\u00e1 dispuesto a ceder poder. Est\u00e1 en su naturaleza. Incluso, aunque hoy sea la rana.<\/p>\n<\/div>\n<p><script defer=\"\">!function(f,b,e,v,n,t,s) {if(f.fbq)return;n=f.fbq=function(){n.callMethod? n.callMethod.apply(n,arguments):n.queue.push(arguments)}; if(!f._fbq)f._fbq=n;n.push=n;n.loaded=!0;n.version='2.0'; n.queue=[];t=b.createElement(e);t.async=!0; t.src=v;s=b.getElementsByTagName(e)[0]; s.parentNode.insertBefore(t,s)}(window, document,'script', ' fbq('init', '336383993555320'); fbq('track', 'PageView'); fbq('track', 'ViewContent');<\/script><script src=\"https:\/\/connect.facebook.net\/en_US\/sdk.js\" crossorigin=\"anonymous\" defer=\"\"><\/script><\/p>\n","protected":false},"excerpt":{"rendered":"<p>Macri re\u00fane a su mesa pol\u00edtica para definir la posici\u00f3n del PRO sobre el veto a los fondos universitarios (Cr\u00e9dito: Gustavo Gavotti) Es una semana decisiva para la relaci\u00f3n pol\u00edtica entre Mauricio Macri y Javier Milei. El Gobierno necesita el apoyo el PRO en el Congreso para blindar el veto a la Ley de financiamiento [&hellip;]<\/p>\n","protected":false},"author":2,"featured_media":25894,"comment_status":"","ping_status":"","sticky":false,"template":"","format":"standard","meta":{"footnotes":""},"categories":[7],"tags":[],"_links":{"self":[{"href":"https:\/\/maxradio923.com.ar\/index.php\/wp-json\/wp\/v2\/posts\/25893"}],"collection":[{"href":"https:\/\/maxradio923.com.ar\/index.php\/wp-json\/wp\/v2\/posts"}],"about":[{"href":"https:\/\/maxradio923.com.ar\/index.php\/wp-json\/wp\/v2\/types\/post"}],"author":[{"embeddable":true,"href":"https:\/\/maxradio923.com.ar\/index.php\/wp-json\/wp\/v2\/users\/2"}],"replies":[{"embeddable":true,"href":"https:\/\/maxradio923.com.ar\/index.php\/wp-json\/wp\/v2\/comments?post=25893"}],"version-history":[{"count":0,"href":"https:\/\/maxradio923.com.ar\/index.php\/wp-json\/wp\/v2\/posts\/25893\/revisions"}],"wp:featuredmedia":[{"embeddable":true,"href":"https:\/\/maxradio923.com.ar\/index.php\/wp-json\/wp\/v2\/media\/25894"}],"wp:attachment":[{"href":"https:\/\/maxradio923.com.ar\/index.php\/wp-json\/wp\/v2\/media?parent=25893"}],"wp:term":[{"taxonomy":"category","embeddable":true,"href":"https:\/\/maxradio923.com.ar\/index.php\/wp-json\/wp\/v2\/categories?post=25893"},{"taxonomy":"post_tag","embeddable":true,"href":"https:\/\/maxradio923.com.ar\/index.php\/wp-json\/wp\/v2\/tags?post=25893"}],"curies":[{"name":"wp","href":"https:\/\/api.w.org\/{rel}","templated":true}]}}