{"id":25885,"date":"2024-10-07T15:15:02","date_gmt":"2024-10-07T18:15:02","guid":{"rendered":"https:\/\/maxradio923.com.ar\/index.php\/2024\/10\/07\/puja-en-diputados-para-modificar-la-ley-que-penaliza-la-venta-de-ninos-y-devolverla-en-segunda-revision-al-senado\/"},"modified":"2024-10-07T15:15:02","modified_gmt":"2024-10-07T18:15:02","slug":"puja-en-diputados-para-modificar-la-ley-que-penaliza-la-venta-de-ninos-y-devolverla-en-segunda-revision-al-senado","status":"publish","type":"post","link":"https:\/\/maxradio923.com.ar\/index.php\/2024\/10\/07\/puja-en-diputados-para-modificar-la-ley-que-penaliza-la-venta-de-ninos-y-devolverla-en-segunda-revision-al-senado\/","title":{"rendered":"Puja en Diputados para modificar la ley que penaliza la venta de ni\u00f1os y devolverla en segunda revisi\u00f3n al Senado"},"content":{"rendered":"<p><\/p>\n<div>\n<div class=\" visual__image\"><picture><source srcset=\"https:\/\/www.infobae.com\/resizer\/v2\/QYAOWFVZP5CFHB6LK3WCJXDQOU.jpg?auth=0ee1d88f652fac0220665579f13758d6d5fbded2cd78e96a9255a1d6c83c36ef&amp;smart=true&amp;width=992&amp;height=558&amp;quality=85\" media=\"(min-width: 1000px)\"\/><source srcset=\"https:\/\/www.infobae.com\/resizer\/v2\/QYAOWFVZP5CFHB6LK3WCJXDQOU.jpg?auth=0ee1d88f652fac0220665579f13758d6d5fbded2cd78e96a9255a1d6c83c36ef&amp;smart=true&amp;width=768&amp;height=432&amp;quality=85\" media=\"(min-width: 768px)\"\/><source srcset=\"https:\/\/www.infobae.com\/resizer\/v2\/QYAOWFVZP5CFHB6LK3WCJXDQOU.jpg?auth=0ee1d88f652fac0220665579f13758d6d5fbded2cd78e96a9255a1d6c83c36ef&amp;smart=true&amp;width=577&amp;height=325&amp;quality=85\" media=\"(min-width: 580px)\"\/><source srcset=\"https:\/\/www.infobae.com\/resizer\/v2\/QYAOWFVZP5CFHB6LK3WCJXDQOU.jpg?auth=0ee1d88f652fac0220665579f13758d6d5fbded2cd78e96a9255a1d6c83c36ef&amp;smart=true&amp;width=420&amp;height=236&amp;quality=85\" media=\"(min-width: 350px)\"\/><source srcset=\"https:\/\/www.infobae.com\/resizer\/v2\/QYAOWFVZP5CFHB6LK3WCJXDQOU.jpg?auth=0ee1d88f652fac0220665579f13758d6d5fbded2cd78e96a9255a1d6c83c36ef&amp;smart=true&amp;width=350&amp;height=197&amp;quality=85\" media=\"(min-width: 80px)\"\/><img alt=\"La diputada del PRO y presidenta de la comisi\u00f3n de Legislaci\u00f3n Penal de la C\u00e1mara baja, Laura Rodr\u00edguez Machado (Prensa Senado)\" class=\"global-image\" decoding=\"async\" fetchpriority=\"high\" height=\"1080\" loading=\"eager\" src=\"https:\/\/www.infobae.com\/resizer\/v2\/QYAOWFVZP5CFHB6LK3WCJXDQOU.jpg?auth=0ee1d88f652fac0220665579f13758d6d5fbded2cd78e96a9255a1d6c83c36ef&amp;smart=true&amp;width=350&amp;height=197&amp;quality=85\" width=\"1920\"\/><\/picture><figcaption class=\"article-figcaption-img\">La diputada del PRO y presidenta de la comisi\u00f3n de Legislaci\u00f3n Penal de la C\u00e1mara baja, Laura Rodr\u00edguez Machado (Prensa Senado)<\/figcaption><\/div>\n<p class=\"paragraph\">El <b>proyecto que impone<\/b> \u201c<b>prisi\u00f3n de 5 a 15 a\u00f1os al que reciba y a quien entregue ileg\u00edtimamente a una persona menor de edad<\/b> mediando o no precio, promesa de retribuci\u00f3n o cualquier otro tipo de contraprestaci\u00f3n, si no resultare un delito m\u00e1s severamente penado\u201d<b> intentar\u00e1 ser dictaminado ma\u00f1ana en un plenario de comisiones de Diputados, en medio de una puja opositora para modificar la iniciativa<\/b> y devolverla en segunda revisi\u00f3n al Senado, por lo que la sanci\u00f3n de una ley quedar\u00eda demorada.<\/p>\n<p class=\"paragraph\">La normativa que <b>viene de la C\u00e1mara alta y fue acelerada por el <\/b><b>caso Loan<\/b> -el ni\u00f1o desaparecido en Corrientes- tambi\u00e9n establece que \u201cser\u00e1 reprimido con la misma pena, si no resultare un delito m\u00e1s severamente penado, quien entregue y\/o reciba a una persona menor de edad con fines adoptivos sin haber cumplido con la ley vigente cuando haya mediado o no precio, promesa de retribuci\u00f3n o cualquier otro tipo de contraprestaci\u00f3n\u201d.<\/p>\n<p class=\"paragraph\">El plenario de las comisiones de Legislaci\u00f3n Penal -comanda la macrista<b> Laura Rodr\u00edguez Machado<\/b>-; y de Familias, Ni\u00f1ez y Juventudes -preside la radical <b>Roxana Reyes<\/b>&#8211; de Diputados se reunir\u00e1 a las 17.30 de ma\u00f1ana, jornada en la que desde las 14 comenzar\u00e1 la discusi\u00f3n del Presupuesto 2025. Las mismas recibieron d\u00edas atr\u00e1s a un actor clave para destrabar el proyecto en el Senado, el titular de la C\u00e1mara Federal de Casaci\u00f3n Penal y actual vicepresidente de la comisi\u00f3n que redacta e impulsa el nuevo C\u00f3digo Penal, <b>Mariano Borinsky<\/b>.<\/p>\n<p class=\"paragraph\">A pesar de las idas y vueltas que hubo en la C\u00e1mara alta, se logr\u00f3 un acuerdo un\u00e1nime y el texto se aprob\u00f3 sin debate en el recinto. No obstante, <b>legisladores de ambas comisiones deslizaron a Infobae algunas volteretas de bancadas opositoras -como la UCR- que dilatar\u00edan la sanci\u00f3n de la norma<\/b>, junto a cambios que demandar\u00eda el kirchnerismo en la C\u00e1mara baja.<\/p>\n<div class=\" visual__image\"><picture><source srcset=\"https:\/\/www.infobae.com\/resizer\/v2\/MGHN4OZ2ABHWBJ7ZBDXYLZVSDA.jpg?auth=718196adb92a193503ff16336963ed9c52cd4cb2550dee9455f62a3198a94052&amp;smart=true&amp;width=992&amp;height=558&amp;quality=85\" media=\"(min-width: 1000px)\"\/><source srcset=\"https:\/\/www.infobae.com\/resizer\/v2\/MGHN4OZ2ABHWBJ7ZBDXYLZVSDA.jpg?auth=718196adb92a193503ff16336963ed9c52cd4cb2550dee9455f62a3198a94052&amp;smart=true&amp;width=768&amp;height=432&amp;quality=85\" media=\"(min-width: 768px)\"\/><source srcset=\"https:\/\/www.infobae.com\/resizer\/v2\/MGHN4OZ2ABHWBJ7ZBDXYLZVSDA.jpg?auth=718196adb92a193503ff16336963ed9c52cd4cb2550dee9455f62a3198a94052&amp;smart=true&amp;width=577&amp;height=325&amp;quality=85\" media=\"(min-width: 580px)\"\/><source srcset=\"https:\/\/www.infobae.com\/resizer\/v2\/MGHN4OZ2ABHWBJ7ZBDXYLZVSDA.jpg?auth=718196adb92a193503ff16336963ed9c52cd4cb2550dee9455f62a3198a94052&amp;smart=true&amp;width=420&amp;height=236&amp;quality=85\" media=\"(min-width: 350px)\"\/><source srcset=\"https:\/\/www.infobae.com\/resizer\/v2\/MGHN4OZ2ABHWBJ7ZBDXYLZVSDA.jpg?auth=718196adb92a193503ff16336963ed9c52cd4cb2550dee9455f62a3198a94052&amp;smart=true&amp;width=350&amp;height=197&amp;quality=85\" media=\"(min-width: 80px)\"\/><img alt=\"El titular de la C\u00e1mara Federal de Casaci\u00f3n Penal y actual vicepresidente de la comisi\u00f3n que redacta e impulsa el nuevo C\u00f3digo Penal, Mariano Borinsky (Santiago Saferstein)\" class=\"global-image\" decoding=\"async\" fetchpriority=\"low\" height=\"1162\" loading=\"lazy\" src=\"https:\/\/www.infobae.com\/resizer\/v2\/MGHN4OZ2ABHWBJ7ZBDXYLZVSDA.jpg?auth=718196adb92a193503ff16336963ed9c52cd4cb2550dee9455f62a3198a94052&amp;smart=true&amp;width=350&amp;height=197&amp;quality=85\" width=\"2064\"\/><\/picture><figcaption class=\"article-figcaption-img\">El titular de la C\u00e1mara Federal de Casaci\u00f3n Penal y actual vicepresidente de la comisi\u00f3n que redacta e impulsa el nuevo C\u00f3digo Penal, Mariano Borinsky (Santiago Saferstein)<\/figcaption><\/div>\n<p class=\"paragraph\">Por caso, Uni\u00f3n por la Patria pretende quitar la palabra \u201cileg\u00edtimamente\u201d del primer art\u00edculo. En tanto, la UCR quiere borrar el segundo p\u00e1rrafo del mismo, en lo que refiere a \u201cfines adoptivos\u201d. Todas cuestiones que fueron analizadas en el Senado y que tuvieron consenso de radicales y peronistas a la hora de la verdad en el recinto.<\/p>\n<p class=\"paragraph\">Seg\u00fan confiaron a este medio integrantes del plenario y, en medio de especulaciones y desconfianzas mutuas, el temor es que se incumpla con la sentencia dictada por la Corte Interamericana de Derechos Humanos (CIDH) en el conocido Caso \u201cForner\u00f3n e Hija versus Argentina\u201d. Tambi\u00e9n hay dudas relacionadas con encarar este tema desde la identidad versus trata.<\/p>\n<p class=\"paragraph\">\u201c<b>Hace m\u00e1s de 20 a\u00f1os que debemos una ley y no se puede demorar m\u00e1s. Sin embargo, como est\u00e1, no puede salir<\/b>\u201d, asever\u00f3 anoche una legisladora top de la oposici\u00f3n. Tambi\u00e9n algunas de las autoridades del plenario liberaron el camino para las modificaciones. Lo que nadie quiere es llegar a la reuni\u00f3n sin un acuerdo o, en el peor de los casos, con varios despachos. Ser\u00eda un retroceso para el debate.<\/p>\n<p class=\"paragraph\">Otro de los art\u00edculos expresa que \u201csi el autor de alguna de las conductas previstas\u201d en la norma \u201cfuere funcionario p\u00fablico o profesional y el delito se cometiere en el ejercicio de su actividad, la pena se fijar\u00e1 dentro del tercio superior de la escala penal\u201d y \u201cse le aplicar\u00e1 la accesoria de inhabilitaci\u00f3n especial perpetua, si no resultare un delito m\u00e1s severamente penado\u201d.<\/p>\n<div class=\" visual__image\"><picture><source srcset=\"https:\/\/www.infobae.com\/resizer\/v2\/HYVQD4MF4ZAYVOXF5BORNU37DU.jpg?auth=cd567349f623adc7ae69ebcaf5bccd91a1c62794540d21cebf8a78ce3918518e&amp;smart=true&amp;width=992&amp;height=558&amp;quality=85\" media=\"(min-width: 1000px)\"\/><source srcset=\"https:\/\/www.infobae.com\/resizer\/v2\/HYVQD4MF4ZAYVOXF5BORNU37DU.jpg?auth=cd567349f623adc7ae69ebcaf5bccd91a1c62794540d21cebf8a78ce3918518e&amp;smart=true&amp;width=768&amp;height=432&amp;quality=85\" media=\"(min-width: 768px)\"\/><source srcset=\"https:\/\/www.infobae.com\/resizer\/v2\/HYVQD4MF4ZAYVOXF5BORNU37DU.jpg?auth=cd567349f623adc7ae69ebcaf5bccd91a1c62794540d21cebf8a78ce3918518e&amp;smart=true&amp;width=577&amp;height=325&amp;quality=85\" media=\"(min-width: 580px)\"\/><source srcset=\"https:\/\/www.infobae.com\/resizer\/v2\/HYVQD4MF4ZAYVOXF5BORNU37DU.jpg?auth=cd567349f623adc7ae69ebcaf5bccd91a1c62794540d21cebf8a78ce3918518e&amp;smart=true&amp;width=420&amp;height=236&amp;quality=85\" media=\"(min-width: 350px)\"\/><source srcset=\"https:\/\/www.infobae.com\/resizer\/v2\/HYVQD4MF4ZAYVOXF5BORNU37DU.jpg?auth=cd567349f623adc7ae69ebcaf5bccd91a1c62794540d21cebf8a78ce3918518e&amp;smart=true&amp;width=350&amp;height=197&amp;quality=85\" media=\"(min-width: 80px)\"\/><img alt=\"La diputada radical Roxana Reyes\" class=\"global-image\" decoding=\"async\" fetchpriority=\"low\" height=\"1080\" loading=\"lazy\" src=\"https:\/\/www.infobae.com\/resizer\/v2\/HYVQD4MF4ZAYVOXF5BORNU37DU.jpg?auth=cd567349f623adc7ae69ebcaf5bccd91a1c62794540d21cebf8a78ce3918518e&amp;smart=true&amp;width=350&amp;height=197&amp;quality=85\" width=\"1920\"\/><\/picture><figcaption class=\"article-figcaption-img\">La diputada radical Roxana Reyes<\/figcaption><\/div>\n<p class=\"paragraph\">Por otra parte, \u201clas escalas penales podr\u00e1n reducirse a las de la tentativa respecto de los part\u00edcipes o autores\u201d si, \u201cdurante la sustanciaci\u00f3n del proceso del que sean parte\u201d, den \u201cinformaci\u00f3n o datos precisos, comprobables y veros\u00edmiles\u201d sobre diversos delitos mencionados en el proyecto como, por ejemplo, la comercializaci\u00f3n de estupefacientes.<\/p>\n<p class=\"paragraph\">M\u00e1s all\u00e1 de esto, la iniciativa deja en claro que \u201c<b>para la procedencia de este beneficio ser\u00e1 necesario que los datos o informaci\u00f3n aportada contribuyan a evitar o impedir el comienzo, la permanencia o consumaci\u00f3n de un delito<\/b>; esclarecer el hecho objeto de investigaci\u00f3n u otros conexos; revelar la identidad o el paradero de autores, coautores, instigadores o part\u00edcipes de estos hechos investigados o de otros conexos; proporcionar datos suficientes que permitan un significativo avance de la investigaci\u00f3n o el paradero de v\u00edctimas privadas de su libertad; averiguar el destino de los instrumentos, bienes, efectos, productos o ganancias del delito; o indicar las fuentes de financiamiento de organizaciones criminales involucradas en la comisi\u00f3n de los delitos previstos en el presente art\u00edculo\u201d.<\/p>\n<p class=\"paragraph\">Adem\u00e1s, \u201ccuando el delito atribuido al imputado estuviere reprimido con prisi\u00f3n y\/o reclusi\u00f3n perpetua, la pena s\u00f3lo podr\u00e1 reducirse hasta los quince (15) a\u00f1os de prisi\u00f3n\u201d. En tanto, \u201cla reducci\u00f3n de pena no proceder\u00e1 respecto de las penas de inhabilitaci\u00f3n o multa\u201d.<\/p>\n<\/div>\n<p><script defer=\"\">!function(f,b,e,v,n,t,s) {if(f.fbq)return;n=f.fbq=function(){n.callMethod? n.callMethod.apply(n,arguments):n.queue.push(arguments)}; if(!f._fbq)f._fbq=n;n.push=n;n.loaded=!0;n.version='2.0'; n.queue=[];t=b.createElement(e);t.async=!0; t.src=v;s=b.getElementsByTagName(e)[0]; s.parentNode.insertBefore(t,s)}(window, document,'script', ' fbq('init', '336383993555320'); fbq('track', 'PageView'); fbq('track', 'ViewContent');<\/script><script src=\"https:\/\/connect.facebook.net\/en_US\/sdk.js\" crossorigin=\"anonymous\" defer=\"\"><\/script><\/p>\n","protected":false},"excerpt":{"rendered":"<p>La diputada del PRO y presidenta de la comisi\u00f3n de Legislaci\u00f3n Penal de la C\u00e1mara baja, Laura Rodr\u00edguez Machado (Prensa Senado) El proyecto que impone \u201cprisi\u00f3n de 5 a 15 a\u00f1os al que reciba y a quien entregue ileg\u00edtimamente a una persona menor de edad mediando o no precio, promesa de retribuci\u00f3n o cualquier otro [&hellip;]<\/p>\n","protected":false},"author":2,"featured_media":25886,"comment_status":"","ping_status":"","sticky":false,"template":"","format":"standard","meta":{"footnotes":""},"categories":[7],"tags":[],"_links":{"self":[{"href":"https:\/\/maxradio923.com.ar\/index.php\/wp-json\/wp\/v2\/posts\/25885"}],"collection":[{"href":"https:\/\/maxradio923.com.ar\/index.php\/wp-json\/wp\/v2\/posts"}],"about":[{"href":"https:\/\/maxradio923.com.ar\/index.php\/wp-json\/wp\/v2\/types\/post"}],"author":[{"embeddable":true,"href":"https:\/\/maxradio923.com.ar\/index.php\/wp-json\/wp\/v2\/users\/2"}],"replies":[{"embeddable":true,"href":"https:\/\/maxradio923.com.ar\/index.php\/wp-json\/wp\/v2\/comments?post=25885"}],"version-history":[{"count":0,"href":"https:\/\/maxradio923.com.ar\/index.php\/wp-json\/wp\/v2\/posts\/25885\/revisions"}],"wp:featuredmedia":[{"embeddable":true,"href":"https:\/\/maxradio923.com.ar\/index.php\/wp-json\/wp\/v2\/media\/25886"}],"wp:attachment":[{"href":"https:\/\/maxradio923.com.ar\/index.php\/wp-json\/wp\/v2\/media?parent=25885"}],"wp:term":[{"taxonomy":"category","embeddable":true,"href":"https:\/\/maxradio923.com.ar\/index.php\/wp-json\/wp\/v2\/categories?post=25885"},{"taxonomy":"post_tag","embeddable":true,"href":"https:\/\/maxradio923.com.ar\/index.php\/wp-json\/wp\/v2\/tags?post=25885"}],"curies":[{"name":"wp","href":"https:\/\/api.w.org\/{rel}","templated":true}]}}