{"id":25879,"date":"2024-10-07T10:15:02","date_gmt":"2024-10-07T13:15:02","guid":{"rendered":"https:\/\/maxradio923.com.ar\/index.php\/2024\/10\/07\/tras-la-baja-en-los-homicidios-crearon-un-comando-unificado-de-las-fuerzas-federales-para-prevenir-el-delito-en-rosario\/"},"modified":"2024-10-07T10:15:02","modified_gmt":"2024-10-07T13:15:02","slug":"tras-la-baja-en-los-homicidios-crearon-un-comando-unificado-de-las-fuerzas-federales-para-prevenir-el-delito-en-rosario","status":"publish","type":"post","link":"https:\/\/maxradio923.com.ar\/index.php\/2024\/10\/07\/tras-la-baja-en-los-homicidios-crearon-un-comando-unificado-de-las-fuerzas-federales-para-prevenir-el-delito-en-rosario\/","title":{"rendered":"Tras la baja en los homicidios, crearon un Comando Unificado de las Fuerzas Federales para prevenir el delito en Rosario"},"content":{"rendered":"<p><\/p>\n<div>\n<div class=\" visual__image\"><picture><source srcset=\"https:\/\/www.infobae.com\/resizer\/v2\/BTRFOOXLZJHRBD777MVY3QGB5A.jpg?auth=8df5a9d58ac4cc19ccabbeff68b31818f1bbcb105e8de404c25dbb223b7dc543&amp;smart=true&amp;width=992&amp;height=661&amp;quality=85\" media=\"(min-width: 1000px)\"\/><source srcset=\"https:\/\/www.infobae.com\/resizer\/v2\/BTRFOOXLZJHRBD777MVY3QGB5A.jpg?auth=8df5a9d58ac4cc19ccabbeff68b31818f1bbcb105e8de404c25dbb223b7dc543&amp;smart=true&amp;width=768&amp;height=512&amp;quality=85\" media=\"(min-width: 768px)\"\/><source srcset=\"https:\/\/www.infobae.com\/resizer\/v2\/BTRFOOXLZJHRBD777MVY3QGB5A.jpg?auth=8df5a9d58ac4cc19ccabbeff68b31818f1bbcb105e8de404c25dbb223b7dc543&amp;smart=true&amp;width=577&amp;height=385&amp;quality=85\" media=\"(min-width: 580px)\"\/><source srcset=\"https:\/\/www.infobae.com\/resizer\/v2\/BTRFOOXLZJHRBD777MVY3QGB5A.jpg?auth=8df5a9d58ac4cc19ccabbeff68b31818f1bbcb105e8de404c25dbb223b7dc543&amp;smart=true&amp;width=420&amp;height=280&amp;quality=85\" media=\"(min-width: 350px)\"\/><source srcset=\"https:\/\/www.infobae.com\/resizer\/v2\/BTRFOOXLZJHRBD777MVY3QGB5A.jpg?auth=8df5a9d58ac4cc19ccabbeff68b31818f1bbcb105e8de404c25dbb223b7dc543&amp;smart=true&amp;width=350&amp;height=233&amp;quality=85\" media=\"(min-width: 80px)\"\/><img alt=\"La ministra de Seguridad, Patricia Bullrich, al hacer un balance del Plan Bandera\" class=\"global-image\" decoding=\"async\" fetchpriority=\"high\" height=\"854\" loading=\"eager\" src=\"https:\/\/www.infobae.com\/resizer\/v2\/BTRFOOXLZJHRBD777MVY3QGB5A.jpg?auth=8df5a9d58ac4cc19ccabbeff68b31818f1bbcb105e8de404c25dbb223b7dc543&amp;smart=true&amp;width=350&amp;height=233&amp;quality=85\" width=\"1280\"\/><\/picture><figcaption class=\"article-figcaption-img\">La ministra de Seguridad, Patricia Bullrich, al hacer un balance del Plan Bandera<\/figcaption><\/div>\n<p class=\"paragraph\">En el marco del <b>Plan Bandera<\/b>, el Gobierno nacional cre\u00f3 el<b> Comando Unificado de las Fuerzas Federales para prevenir el delito en Rosario<\/b> luego de los avances que se alcanzaron en lo relacionado con los <b>homicidios dolosos<\/b>.<\/p>\n<p class=\"paragraph\">Mediante la resoluci\u00f3n 1027\/2024, del Ministerio de Seguridad de la Naci\u00f3n, publicada esta madrugada en el Bolet\u00edn Oficial, el Ejecutivo dispuso la creaci\u00f3n del <b>Comando Unificado de las Fuerzas Federales de Seguridad<\/b> \u201ccon el objetivo espec\u00edfico de ejecutar tareas destinadas a la prevenci\u00f3n y conjuraci\u00f3n de los delitos tanto del fuero federal como del fuero ordinario, y toda actividad delictiva que amenace los derechos y garant\u00edas constitucionales en el departamento de Rosario, provincia de Santa Fe\u201d.<\/p>\n<p class=\"paragraph\">De esta manera, la cartera a cargo de <b>Patricia Bullrich<\/b> estableci\u00f3 que este comando grupo de operaciones estar\u00e1 integrado por la<b> Gendarmer\u00eda Nacional (GNA)<\/b>, la <b>Polic\u00eda Federal Argentina (PFA)<\/b>, la<b> Prefectura Naval Argentina (PNA) <\/b>y la<b> Polic\u00eda de Seguridad Aeroportuaria (PSA)<\/b>, que ya se encuentran constituidas en el territorio.<\/p>\n<p class=\"paragraph\">A su vez, delegaron en la <b>Secretar\u00eda de Seguridad <\/b>la competencia de designar mediante acto administrativo a un coordinador general del Comando Unificado de las Fuerzas Federales de Seguridad.<\/p>\n<div class=\" visual__image\"><picture><source srcset=\"https:\/\/www.infobae.com\/resizer\/v2\/6Q4ONQPDAZEQJF34LOYIDSTX34.jpg?auth=31aadd0606e796b415bd2eb276433217a0854915f8d8a81a4930d4c1481d188c&amp;smart=true&amp;width=992&amp;height=661&amp;quality=85\" media=\"(min-width: 1000px)\"\/><source srcset=\"https:\/\/www.infobae.com\/resizer\/v2\/6Q4ONQPDAZEQJF34LOYIDSTX34.jpg?auth=31aadd0606e796b415bd2eb276433217a0854915f8d8a81a4930d4c1481d188c&amp;smart=true&amp;width=768&amp;height=512&amp;quality=85\" media=\"(min-width: 768px)\"\/><source srcset=\"https:\/\/www.infobae.com\/resizer\/v2\/6Q4ONQPDAZEQJF34LOYIDSTX34.jpg?auth=31aadd0606e796b415bd2eb276433217a0854915f8d8a81a4930d4c1481d188c&amp;smart=true&amp;width=577&amp;height=385&amp;quality=85\" media=\"(min-width: 580px)\"\/><source srcset=\"https:\/\/www.infobae.com\/resizer\/v2\/6Q4ONQPDAZEQJF34LOYIDSTX34.jpg?auth=31aadd0606e796b415bd2eb276433217a0854915f8d8a81a4930d4c1481d188c&amp;smart=true&amp;width=420&amp;height=280&amp;quality=85\" media=\"(min-width: 350px)\"\/><source srcset=\"https:\/\/www.infobae.com\/resizer\/v2\/6Q4ONQPDAZEQJF34LOYIDSTX34.jpg?auth=31aadd0606e796b415bd2eb276433217a0854915f8d8a81a4930d4c1481d188c&amp;smart=true&amp;width=350&amp;height=233&amp;quality=85\" media=\"(min-width: 80px)\"\/><img alt=\"Los homicidios dolosos cayeron considerablemente en Rosario desde la llegada de las fuerzas federales (EFE\/ Franco Trovato Fuoco)&#10;\" class=\"global-image\" decoding=\"async\" fetchpriority=\"low\" height=\"4016\" loading=\"lazy\" src=\"https:\/\/www.infobae.com\/resizer\/v2\/6Q4ONQPDAZEQJF34LOYIDSTX34.jpg?auth=31aadd0606e796b415bd2eb276433217a0854915f8d8a81a4930d4c1481d188c&amp;smart=true&amp;width=350&amp;height=233&amp;quality=85\" width=\"6016\"\/><\/picture><figcaption class=\"article-figcaption-img\">Los homicidios dolosos cayeron considerablemente en Rosario desde la llegada de las fuerzas federales (EFE\/ Franco Trovato Fuoco)<br \/>\n<\/figcaption><\/div>\n<p class=\"paragraph\">La decisi\u00f3n se da luego de que se haya registrado una considerable ca\u00edda en la cifra de <b>homicidios dolosos<\/b>. De hecho, en septiembre, el <b>Ministerio de Seguridad de la Naci\u00f3n<\/b> inform\u00f3 que agosto fue \u201cun mes sin homicidios en Rosario\u201d y lo atribuy\u00f3 al \u00e9xito del Plan Bandera.<\/p>\n<p class=\"paragraph\">\u201cNuevo hito en el Plan Bandera: 1 mes sin homicidios en Rosario. <b>Desde que existen registros de estad\u00edstica criminal, desde 2013, es la primera vez que esto ocurre<\/b>. Este logro se da en el marco de un objetivo claro: combatir el narcoterrorismo y recuperar la Ley y el Orden. El per\u00edodo m\u00e1s largo registrado hasta la fecha hab\u00eda sido de 22 d\u00edas y sucedi\u00f3 entre el 21 de marzo y el 12 de abril de 2020, mientras reg\u00eda el aislamiento preventivo a causa de la pandemia\u201d, se destac\u00f3 en las redes sociales del Ministerio de Seguridad.<\/p>\n<p class=\"paragraph\">La propia ministra public\u00f3 un video celebrando que \u201c<b>Rosario es una ciudad que est\u00e1 volviendo a tener tranquilidad<\/b>\u201d.<\/p>\n<p class=\"paragraph\">Seg\u00fan informaron desde el gobierno de Rosario, entre enero y agosto de este a\u00f1o, en la ciudad \u201cse registr\u00f3 una significativa disminuci\u00f3n en el n\u00famero de homicidios dolosos, <b>con un total de 66 casos reportados<\/b>. Esta cifra represent<b>a una reducci\u00f3n del 65% en comparaci\u00f3n con el mismo per\u00edodo de 2023<\/b>, cuando se registraron 188 homicidios\u201d. Tambi\u00e9n se resalt\u00f3 que \u201cla violencia callejera vinculada a la criminalidad organizada hab\u00eda mostrado un incremento alarmante en a\u00f1os anteriores\u201d.<\/p>\n<p class=\"paragraph\">En la comparaci\u00f3n entre el per\u00edodo que va de enero a julio de este a\u00f1o con el mismo de 2023, el delito predatorio en Rosario disminuy\u00f3 un 21% y los heridos con arma de fuego un 57%. Una de las grandes diferencias radica en que durante la gobernaci\u00f3n de Omar Perotti solo hab\u00eda 20 patrulleros recorriendo las calles de la ciudad, mientras que ahora, con la gesti\u00f3n provincial de <b>Maximiliano Pullaro<\/b>, el n\u00famero trep\u00f3 a 239 m\u00f3viles, lo que representa un incremento del 582%.<\/p>\n<p class=\"paragraph\">De hecho, en el considerando de la norma publicada esta madrugada, el Gobierno destaca \u201clos resultados favorables obtenidos a partir de las labores realizadas por los distintos comandos previamente establecidos y la experiencia operativa acumulada\u201d, por lo que se\u00f1alan que es \u201cpropicio y adecuado conformar un nuevo Comando que, sin duplicar las funciones ya existentes en las unidades activas, se aboque con especificidad al despliegue territorial de tareas destinadas a la prevenci\u00f3n y control del orden p\u00fablico para el ejido del departamento de Rosario\u201d.<\/p>\n<p class=\"paragraph\">Por esto mismo, agrega que \u201cla formaci\u00f3n de unidades de mando unificado para coordinar estrat\u00e9gicamente los medios existentes en el marco de planes de seguridad interinstitucionales ha posibilitado optimizar y potenciar el aprovechamiento de los efectivos y capacidades con las que cuenta cada Fuerza Federal de Seguridad para llevar a cabo sus funciones\u201d.<\/p>\n<\/div>\n<p><script defer=\"\">!function(f,b,e,v,n,t,s) {if(f.fbq)return;n=f.fbq=function(){n.callMethod? n.callMethod.apply(n,arguments):n.queue.push(arguments)}; if(!f._fbq)f._fbq=n;n.push=n;n.loaded=!0;n.version='2.0'; n.queue=[];t=b.createElement(e);t.async=!0; t.src=v;s=b.getElementsByTagName(e)[0]; s.parentNode.insertBefore(t,s)}(window, document,'script', ' fbq('init', '336383993555320'); fbq('track', 'PageView'); fbq('track', 'ViewContent');<\/script><script src=\"https:\/\/connect.facebook.net\/en_US\/sdk.js\" crossorigin=\"anonymous\" defer=\"\"><\/script><\/p>\n","protected":false},"excerpt":{"rendered":"<p>La ministra de Seguridad, Patricia Bullrich, al hacer un balance del Plan Bandera En el marco del Plan Bandera, el Gobierno nacional cre\u00f3 el Comando Unificado de las Fuerzas Federales para prevenir el delito en Rosario luego de los avances que se alcanzaron en lo relacionado con los homicidios dolosos. Mediante la resoluci\u00f3n 1027\/2024, del [&hellip;]<\/p>\n","protected":false},"author":2,"featured_media":25880,"comment_status":"","ping_status":"","sticky":false,"template":"","format":"standard","meta":{"footnotes":""},"categories":[7],"tags":[],"_links":{"self":[{"href":"https:\/\/maxradio923.com.ar\/index.php\/wp-json\/wp\/v2\/posts\/25879"}],"collection":[{"href":"https:\/\/maxradio923.com.ar\/index.php\/wp-json\/wp\/v2\/posts"}],"about":[{"href":"https:\/\/maxradio923.com.ar\/index.php\/wp-json\/wp\/v2\/types\/post"}],"author":[{"embeddable":true,"href":"https:\/\/maxradio923.com.ar\/index.php\/wp-json\/wp\/v2\/users\/2"}],"replies":[{"embeddable":true,"href":"https:\/\/maxradio923.com.ar\/index.php\/wp-json\/wp\/v2\/comments?post=25879"}],"version-history":[{"count":0,"href":"https:\/\/maxradio923.com.ar\/index.php\/wp-json\/wp\/v2\/posts\/25879\/revisions"}],"wp:featuredmedia":[{"embeddable":true,"href":"https:\/\/maxradio923.com.ar\/index.php\/wp-json\/wp\/v2\/media\/25880"}],"wp:attachment":[{"href":"https:\/\/maxradio923.com.ar\/index.php\/wp-json\/wp\/v2\/media?parent=25879"}],"wp:term":[{"taxonomy":"category","embeddable":true,"href":"https:\/\/maxradio923.com.ar\/index.php\/wp-json\/wp\/v2\/categories?post=25879"},{"taxonomy":"post_tag","embeddable":true,"href":"https:\/\/maxradio923.com.ar\/index.php\/wp-json\/wp\/v2\/tags?post=25879"}],"curies":[{"name":"wp","href":"https:\/\/api.w.org\/{rel}","templated":true}]}}