{"id":25871,"date":"2024-10-07T05:15:03","date_gmt":"2024-10-07T08:15:03","guid":{"rendered":"https:\/\/maxradio923.com.ar\/index.php\/2024\/10\/07\/villarruel-inicio-su-primer-viaje-oficial-al-exterior-evento-junto-al-rey-felipe-vi-y-audiencia-privada-con-el-papa-francisco\/"},"modified":"2024-10-07T05:15:03","modified_gmt":"2024-10-07T08:15:03","slug":"villarruel-inicio-su-primer-viaje-oficial-al-exterior-evento-junto-al-rey-felipe-vi-y-audiencia-privada-con-el-papa-francisco","status":"publish","type":"post","link":"https:\/\/maxradio923.com.ar\/index.php\/2024\/10\/07\/villarruel-inicio-su-primer-viaje-oficial-al-exterior-evento-junto-al-rey-felipe-vi-y-audiencia-privada-con-el-papa-francisco\/","title":{"rendered":"Villarruel inici\u00f3 su primer viaje oficial al exterior: evento junto al rey Felipe VI y audiencia privada con el papa Francisco"},"content":{"rendered":"<p><\/p>\n<div>\n<div class=\" visual__image\"><picture><source srcset=\"https:\/\/www.infobae.com\/resizer\/v2\/MV3RLOPMYJA53LN4GGMB7U7QZE.jpg?auth=b1f0dd05a88d39e8cec0149644ac50ade108c180f33ad761c80981f3ad8f1837&amp;smart=true&amp;width=992&amp;height=558&amp;quality=85\" media=\"(min-width: 1000px)\"\/><source srcset=\"https:\/\/www.infobae.com\/resizer\/v2\/MV3RLOPMYJA53LN4GGMB7U7QZE.jpg?auth=b1f0dd05a88d39e8cec0149644ac50ade108c180f33ad761c80981f3ad8f1837&amp;smart=true&amp;width=768&amp;height=432&amp;quality=85\" media=\"(min-width: 768px)\"\/><source srcset=\"https:\/\/www.infobae.com\/resizer\/v2\/MV3RLOPMYJA53LN4GGMB7U7QZE.jpg?auth=b1f0dd05a88d39e8cec0149644ac50ade108c180f33ad761c80981f3ad8f1837&amp;smart=true&amp;width=577&amp;height=325&amp;quality=85\" media=\"(min-width: 580px)\"\/><source srcset=\"https:\/\/www.infobae.com\/resizer\/v2\/MV3RLOPMYJA53LN4GGMB7U7QZE.jpg?auth=b1f0dd05a88d39e8cec0149644ac50ade108c180f33ad761c80981f3ad8f1837&amp;smart=true&amp;width=420&amp;height=236&amp;quality=85\" media=\"(min-width: 350px)\"\/><source srcset=\"https:\/\/www.infobae.com\/resizer\/v2\/MV3RLOPMYJA53LN4GGMB7U7QZE.jpg?auth=b1f0dd05a88d39e8cec0149644ac50ade108c180f33ad761c80981f3ad8f1837&amp;smart=true&amp;width=350&amp;height=197&amp;quality=85\" media=\"(min-width: 80px)\"\/><img alt=\"La vicepresidenta tendr\u00e1 desde hoy una intensa agenda en Espa\u00f1a y el Vaticano \" class=\"global-image\" decoding=\"async\" fetchpriority=\"high\" height=\"1080\" loading=\"eager\" src=\"https:\/\/www.infobae.com\/resizer\/v2\/MV3RLOPMYJA53LN4GGMB7U7QZE.jpg?auth=b1f0dd05a88d39e8cec0149644ac50ade108c180f33ad761c80981f3ad8f1837&amp;smart=true&amp;width=350&amp;height=197&amp;quality=85\" width=\"1920\"\/><\/picture><figcaption class=\"article-figcaption-img\">La vicepresidenta tendr\u00e1 desde hoy una intensa agenda en Espa\u00f1a y el Vaticano <\/figcaption><\/div>\n<p class=\"paragraph\">Victoria Villarruel inici\u00f3 su primer viaje oficial al exterior desde que asumi\u00f3 la Vicepresidencia de la Naci\u00f3n. La dirigente desplegar\u00e1 desde hoy una intensa agenda de actividades en Espa\u00f1a, donde se reunir\u00e1 con l\u00edderes pol\u00edticos y empresarios, y compartir\u00e1 una conferencia sobre terrorismo junto al rey Felipe VI y funcionarios del gobierno de<b> Pedro S\u00e1nchez<\/b>. Ser\u00e1 la antesala de la visita al Vaticano, donde tiene previsto mantener una audiencia privada el pr\u00f3ximo lunes con el papa Francisco.<\/p>\n<p class=\"paragraph\">La gira internacional ocurre en momentos en que la relaci\u00f3n pol\u00edtica entre <b>Villarruel <\/b>y <b>Javier Milei <\/b>no atraviesa por su mejor momento, se acumulan los gestos de diferenciaci\u00f3n y se viene agravando la tensi\u00f3n entre los integrantes del binomio que gan\u00f3 las elecciones el a\u00f1o pasado con m\u00e1s del 55% de los votos. Las cr\u00edticas de la vicepresidente al acuerdo firmado por la Casa Rosada con el Reino Unido por Malvinas y su ausencia del lanzamiento de La Libertad Avanza como partido nacional fueron los \u00faltimos hechos de una larga serie de desencuentros con el primer mandatario.<\/p>\n<p class=\"paragraph\">En ese contexto de recelo y desconfianza, la vicepresidente inici\u00f3 los diez d\u00edas de la gira, en los cuales se reunir\u00e1 con pol\u00edticos del Partido Popular y estar\u00e1 en una conferencia sobre terrorismo que organizaron la ONU y el gobierno socialista de S\u00e1nchez, que en mayo retir\u00f3 a la embajadora Mar\u00eda Jes\u00fas Alonso Jim\u00e9nez, tras un duro cruce con el mandatario libertario. Tambi\u00e9n, Villarruel se reunir\u00e1 en Madrid con empresarios y luego marchar\u00e1 a Roma para verse con el sumo pont\u00edfice, que la \u00faltima vez que habl\u00f3 sobre Argentina tuvo una \u00e1cida cr\u00edtica sobre la actuaci\u00f3n del gobierno de Milei frente a la protesta social y el uso de gas pimienta.<\/p>\n<div class=\" visual__image\"><picture><source srcset=\"https:\/\/www.infobae.com\/resizer\/v2\/FNRUGRU6IZD5NIKE4WE7L7UHGA.jpg?auth=8ca3ab4c3bdae895aa6284bdcedabf26a4e17b4986b58af26aa6be1e6dc2a33d&amp;smart=true&amp;width=992&amp;height=558&amp;quality=85\" media=\"(min-width: 1000px)\"\/><source srcset=\"https:\/\/www.infobae.com\/resizer\/v2\/FNRUGRU6IZD5NIKE4WE7L7UHGA.jpg?auth=8ca3ab4c3bdae895aa6284bdcedabf26a4e17b4986b58af26aa6be1e6dc2a33d&amp;smart=true&amp;width=768&amp;height=432&amp;quality=85\" media=\"(min-width: 768px)\"\/><source srcset=\"https:\/\/www.infobae.com\/resizer\/v2\/FNRUGRU6IZD5NIKE4WE7L7UHGA.jpg?auth=8ca3ab4c3bdae895aa6284bdcedabf26a4e17b4986b58af26aa6be1e6dc2a33d&amp;smart=true&amp;width=577&amp;height=325&amp;quality=85\" media=\"(min-width: 580px)\"\/><source srcset=\"https:\/\/www.infobae.com\/resizer\/v2\/FNRUGRU6IZD5NIKE4WE7L7UHGA.jpg?auth=8ca3ab4c3bdae895aa6284bdcedabf26a4e17b4986b58af26aa6be1e6dc2a33d&amp;smart=true&amp;width=420&amp;height=236&amp;quality=85\" media=\"(min-width: 350px)\"\/><source srcset=\"https:\/\/www.infobae.com\/resizer\/v2\/FNRUGRU6IZD5NIKE4WE7L7UHGA.jpg?auth=8ca3ab4c3bdae895aa6284bdcedabf26a4e17b4986b58af26aa6be1e6dc2a33d&amp;smart=true&amp;width=350&amp;height=197&amp;quality=85\" media=\"(min-width: 80px)\"\/><img alt=\"El papa Francisco, Victoria Villarruel y el rey Felipe VI\" class=\"global-image\" decoding=\"async\" fetchpriority=\"low\" height=\"1080\" loading=\"lazy\" src=\"https:\/\/www.infobae.com\/resizer\/v2\/FNRUGRU6IZD5NIKE4WE7L7UHGA.jpg?auth=8ca3ab4c3bdae895aa6284bdcedabf26a4e17b4986b58af26aa6be1e6dc2a33d&amp;smart=true&amp;width=350&amp;height=197&amp;quality=85\" width=\"1920\"\/><\/picture><figcaption class=\"article-figcaption-img\">El papa Francisco, Victoria Villarruel y el rey Felipe VI<\/figcaption><\/div>\n<p class=\"paragraph\">Seg\u00fan explicaron a <b>Infobae <\/b>fuentes oficiales, la vicepresidente viaj\u00f3 junto a dos colaboradoras en vuelo de l\u00ednea y ten\u00eda previsto hacer lo mismo para trasladarse posteriormente a Italia, para la audiencia privada con Jorge Bergoglio. A la agenda propia dom\u00e9stica que viene ejecutando Villarruel -que genera malhumor en la Casa Rosada- le sum\u00f3 ahora un cap\u00edtulo internacional que puede alimentar las suspicacias que anidan en el entorno m\u00e1s cercano al presidente.<\/p>\n<p class=\"paragraph\">Lo cierto es que a las 11 (hora local) del lunes madrile\u00f1o se fij\u00f3 la primera actividad del viaje: una audiencia con el presidente del Senado de Espa\u00f1a, Pedro Roll\u00e1n Ojeda, experimentado pol\u00edtico del Partido Popular (PP), que presidi\u00f3 la Comunidad de Madrid y fue el senador m\u00e1s votado el 23 de Julio del a\u00f1o pasado, cuando la derecha parec\u00eda llamada a volver al gobierno espa\u00f1ol, pero termin\u00f3 derrotada por el PSOE. Se trata de un hombre clave que responde a Alberto N\u00fa\u00f1ez Feij\u00f3o, quien a su vez rivaliza en la interna partidaria con Isabel D\u00edaz Ayuso, una dirigente que tiene una inmejorable relaci\u00f3n con Milei.<\/p>\n<p class=\"paragraph\">Luego, a las 17.30 (hora local), Villarruel tiene previsto un encuentro con el secretario general Iberoamericano, el ex ministro de Defensa y ex canciller chileno Andr\u00e9s Allamand, en Salamanca, a poco m\u00e1s de dos horas en auto de la capital espa\u00f1ola.<\/p>\n<p class=\"paragraph\">Ma\u00f1ana, en la actividad principal de su presencia en Espa\u00f1a, la vicepresidente argentina estar\u00e1 en Vitoria-Gasteiz, la capital del Pa\u00eds Vasco, para participar de la Conferencia Internacional de Naciones Unidas sobre V\u00edctimas del Terrorismo, donde est\u00e1 previsto que sea una de las oradoras. De acuerdo con la informaci\u00f3n que difundi\u00f3 la Casa Real, <b>Felipe VI presidir\u00e1 el encuentro organizado <\/b>por Naciones Unidas y el Ministerio de Asuntos Exteriores, con la colaboraci\u00f3n del Ayuntamiento de la ciudad, en el Palacio de Congresos Europa, que contar\u00e1 con la asistencia de cerca de 300 personas.<\/p>\n<div class=\" visual__image\"><picture><source srcset=\"https:\/\/www.infobae.com\/resizer\/v2\/GMO7EB3PWRE4POOZ6Q4W7Q6BVY.jpg?auth=3af31ed7f4b564ff3428894071ff7c2a4740ee1bb21162ad9e0646af786cc491&amp;smart=true&amp;width=992&amp;height=661&amp;quality=85\" media=\"(min-width: 1000px)\"\/><source srcset=\"https:\/\/www.infobae.com\/resizer\/v2\/GMO7EB3PWRE4POOZ6Q4W7Q6BVY.jpg?auth=3af31ed7f4b564ff3428894071ff7c2a4740ee1bb21162ad9e0646af786cc491&amp;smart=true&amp;width=768&amp;height=512&amp;quality=85\" media=\"(min-width: 768px)\"\/><source srcset=\"https:\/\/www.infobae.com\/resizer\/v2\/GMO7EB3PWRE4POOZ6Q4W7Q6BVY.jpg?auth=3af31ed7f4b564ff3428894071ff7c2a4740ee1bb21162ad9e0646af786cc491&amp;smart=true&amp;width=577&amp;height=385&amp;quality=85\" media=\"(min-width: 580px)\"\/><source srcset=\"https:\/\/www.infobae.com\/resizer\/v2\/GMO7EB3PWRE4POOZ6Q4W7Q6BVY.jpg?auth=3af31ed7f4b564ff3428894071ff7c2a4740ee1bb21162ad9e0646af786cc491&amp;smart=true&amp;width=420&amp;height=280&amp;quality=85\" media=\"(min-width: 350px)\"\/><source srcset=\"https:\/\/www.infobae.com\/resizer\/v2\/GMO7EB3PWRE4POOZ6Q4W7Q6BVY.jpg?auth=3af31ed7f4b564ff3428894071ff7c2a4740ee1bb21162ad9e0646af786cc491&amp;smart=true&amp;width=350&amp;height=233&amp;quality=85\" media=\"(min-width: 80px)\"\/><img alt=\"El rey Felipe VI estuvo en la ceremonia de asunci\u00f3n de Milei y Villarruel, en diciembre pasado   \" class=\"global-image\" decoding=\"async\" fetchpriority=\"low\" height=\"2254\" loading=\"lazy\" src=\"https:\/\/www.infobae.com\/resizer\/v2\/GMO7EB3PWRE4POOZ6Q4W7Q6BVY.jpg?auth=3af31ed7f4b564ff3428894071ff7c2a4740ee1bb21162ad9e0646af786cc491&amp;smart=true&amp;width=350&amp;height=233&amp;quality=85\" width=\"3381\"\/><\/picture><figcaption class=\"article-figcaption-img\">El rey Felipe VI estuvo en la ceremonia de asunci\u00f3n de Milei y Villarruel, en diciembre pasado   <\/figcaption><\/div>\n<p class=\"paragraph\">\u201cEste encuentro dar\u00e1 continuidad al I Congreso Global de V\u00edctimas del Terrorismo celebrado en septiembre de 2022, en la sede de la ONU en Nueva York. En la capital alavesa se reunir\u00e1n cerca de 300 personas en representaci\u00f3n de delegaciones ministeriales de Estados miembro, organizaciones internacionales, instituciones y sociedad civil\u201d, se inform\u00f3. El objetivo ser\u00e1 \u201cmostrar solidaridad con todas las v\u00edctimas del terrorismo de todo el mundo, independientemente de las religiones, nacionalidad o etnia; adem\u00e1s se repasar\u00e1n los avances en la agenda internacional desde la celebraci\u00f3n del congreso de Nueva York cuando Espa\u00f1a recogi\u00f3 el testigo de organizar este segundo congreso internacional y Vitoria-Gasteiz fue elegida como sede\u201d.<\/p>\n<p class=\"paragraph\">Seg\u00fan la informaci\u00f3n a la que accedi\u00f3 <b>Infobae<\/b>, Villarruel estar\u00e1 en la conferencia acompa\u00f1ada por el embajador en Madrid, Roberto Bosch; mientras que entre los invitados estar\u00e1n el ministro de Asuntos Exteriores, Jos\u00e9 Manuel Albares; y el ministro del Interior, Fernando Grande-Marlaska. En el panel donde expondr\u00e1 la vicepresidente argentina a partir de las 16 (hora local) tambi\u00e9n estar\u00e1n el ministro de Exteriores de Panam\u00e1, Javier Mart\u00ednez-Acha V\u00e1squez; la viceministra de Exteriores de Cuba, Josefina Vidal Ferreiro; Sevim Say\u0131m Madak, del Ministerio de Familia y Servicios Sociales de Turqu\u00eda; y P\u00e9ter Szt\u00e1ray, secretario de Pol\u00edticas de Seguridad de Hungr\u00eda. <b>\u00bfHabr\u00e1 foto con el rey Felipe VI? \u201cEs un viaje oficial, no ser\u00eda extra\u00f1o\u201d<\/b>, respondieron los informantes ante una consulta de este medio.<\/p>\n<p class=\"paragraph\">Se descuenta que Villarruel retomar\u00e1 en la capital del Pa\u00eds Vasco la posici\u00f3n que expres\u00f3 el 27 de agosto pasado, cuando en un acto en el Senado sorprendi\u00f3 con un anuncio -\u201creabriremos todas las causas de v\u00edctimas del terrorismo\u201d- y la frase \u201c<b>los Montoneros tienen que estar presos respondiendo por ensangrentar nuestra Naci\u00f3n<\/b>\u201d. Hist\u00f3rica promotora de la teor\u00eda de la \u201cverdad completa\u201d, la vicepresidente reclama que los delitos de la guerrilla sean investigados y enjuiciados con el mismo rigor y las mismas figuras penales que les aplicaron a los militares que cometieron violaciones a los derechos humanos y que purgan condenas, incluso en la actualidad, en c\u00e1rceles comunes. <b>El gobierno de Milei tom\u00f3 distancia de esa postura.<\/b><\/p>\n<div class=\" visual__image\"><picture><source srcset=\"https:\/\/www.infobae.com\/resizer\/v2\/53XRY3LQAZC2BPPYAYXE5UMVU4.jpg?auth=868e7d6f31304652b321092a2bc7b3ad484d785bb7cd4a0ed0e0b4e240107d0e&amp;smart=true&amp;width=992&amp;height=558&amp;quality=85\" media=\"(min-width: 1000px)\"\/><source srcset=\"https:\/\/www.infobae.com\/resizer\/v2\/53XRY3LQAZC2BPPYAYXE5UMVU4.jpg?auth=868e7d6f31304652b321092a2bc7b3ad484d785bb7cd4a0ed0e0b4e240107d0e&amp;smart=true&amp;width=768&amp;height=432&amp;quality=85\" media=\"(min-width: 768px)\"\/><source srcset=\"https:\/\/www.infobae.com\/resizer\/v2\/53XRY3LQAZC2BPPYAYXE5UMVU4.jpg?auth=868e7d6f31304652b321092a2bc7b3ad484d785bb7cd4a0ed0e0b4e240107d0e&amp;smart=true&amp;width=577&amp;height=325&amp;quality=85\" media=\"(min-width: 580px)\"\/><source srcset=\"https:\/\/www.infobae.com\/resizer\/v2\/53XRY3LQAZC2BPPYAYXE5UMVU4.jpg?auth=868e7d6f31304652b321092a2bc7b3ad484d785bb7cd4a0ed0e0b4e240107d0e&amp;smart=true&amp;width=420&amp;height=236&amp;quality=85\" media=\"(min-width: 350px)\"\/><source srcset=\"https:\/\/www.infobae.com\/resizer\/v2\/53XRY3LQAZC2BPPYAYXE5UMVU4.jpg?auth=868e7d6f31304652b321092a2bc7b3ad484d785bb7cd4a0ed0e0b4e240107d0e&amp;smart=true&amp;width=350&amp;height=197&amp;quality=85\" media=\"(min-width: 80px)\"\/><img alt=\"Victoria Villarruel, el d\u00eda que habl\u00f3 sobre el terrorismo de los grupos guerrilleros de los 70 \" class=\"global-image\" decoding=\"async\" fetchpriority=\"low\" height=\"1080\" loading=\"lazy\" src=\"https:\/\/www.infobae.com\/resizer\/v2\/53XRY3LQAZC2BPPYAYXE5UMVU4.jpg?auth=868e7d6f31304652b321092a2bc7b3ad484d785bb7cd4a0ed0e0b4e240107d0e&amp;smart=true&amp;width=350&amp;height=197&amp;quality=85\" width=\"1920\"\/><\/picture><figcaption class=\"article-figcaption-img\">Victoria Villarruel, el d\u00eda que habl\u00f3 sobre el terrorismo de los grupos guerrilleros de los 70 <\/figcaption><\/div>\n<p class=\"paragraph\">Pero en la Conferencia Internacional de Naciones Unidas sobre V\u00edctimas del Terrorismo Argentina no estar\u00e1 representada solamente por Villarruel. De acuerdo al programa al que accedi\u00f3 <b>Infobae <\/b>tambi\u00e9n expondr\u00e1 en el panel \u201cVoces de resiliencia: v\u00edctimas del terrorismo como defensoras de la paz y educadores\u201d, Ana Evans, viuda de Hern\u00e1n Mendoza, uno de los cinco argentinos que murieron en el ataque terrorista cometido por el uzbeko Sayfullo Saipov, quien atropell\u00f3 a ciclistas en Nueva York, el 31 de octubre de 2017.<\/p>\n<p class=\"paragraph\">En ese panel tambi\u00e9n estar\u00e1n la filipina Merlie \u201cMilet\u201d B. Mendoza; Juan Francisco Benito Valenciano, presidente de la Fundaci\u00f3n V\u00edctimas del Terrorismo de Espa\u00f1a; Clifford Chanin, director, 9\/11 Memorial Museum de Estados Unidos; y Roula Helou, de la asociaci\u00f3n libanesa de v\u00edctimas del terrorismo.<\/p>\n<p class=\"paragraph\">Culminado el evento, que cerrar\u00e1 con un discurso de Felipe VI posterior a los que brindar\u00e1n los ministros del gobierno de Pedro S\u00e1nchez y el lendakari del gobierno vasco, Imanol Pradales, Villarruel tiene previsto regresar a Madrid, para realizar el mi\u00e9rcoles una recorrida por la exposici\u00f3n \u201cCartas de Col\u00f3n. Am\u00e9rica en la Casa de Alba\u201d en el Palacio de Liria, para terminar con una recepci\u00f3n ofrecida por el embajador Bosch en la residencia argentina. La \u00faltima actividad en Espa\u00f1a es la prevista el viernes, a las 14, que ser\u00e1 un almuerzo con empresarios argentinos y espa\u00f1oles en la embajada.<\/p>\n<div class=\" visual__image\"><picture><source srcset=\"https:\/\/www.infobae.com\/resizer\/v2\/6GGSLVHZR5GTZKCQ5X47SS3FZE.jpg?auth=8077d276bdd8b127fad14bfe61a2b11cc8345a79991ea7a87dfa0f25e03117e9&amp;smart=true&amp;width=992&amp;height=661&amp;quality=85\" media=\"(min-width: 1000px)\"\/><source srcset=\"https:\/\/www.infobae.com\/resizer\/v2\/6GGSLVHZR5GTZKCQ5X47SS3FZE.jpg?auth=8077d276bdd8b127fad14bfe61a2b11cc8345a79991ea7a87dfa0f25e03117e9&amp;smart=true&amp;width=768&amp;height=512&amp;quality=85\" media=\"(min-width: 768px)\"\/><source srcset=\"https:\/\/www.infobae.com\/resizer\/v2\/6GGSLVHZR5GTZKCQ5X47SS3FZE.jpg?auth=8077d276bdd8b127fad14bfe61a2b11cc8345a79991ea7a87dfa0f25e03117e9&amp;smart=true&amp;width=577&amp;height=385&amp;quality=85\" media=\"(min-width: 580px)\"\/><source srcset=\"https:\/\/www.infobae.com\/resizer\/v2\/6GGSLVHZR5GTZKCQ5X47SS3FZE.jpg?auth=8077d276bdd8b127fad14bfe61a2b11cc8345a79991ea7a87dfa0f25e03117e9&amp;smart=true&amp;width=420&amp;height=280&amp;quality=85\" media=\"(min-width: 350px)\"\/><source srcset=\"https:\/\/www.infobae.com\/resizer\/v2\/6GGSLVHZR5GTZKCQ5X47SS3FZE.jpg?auth=8077d276bdd8b127fad14bfe61a2b11cc8345a79991ea7a87dfa0f25e03117e9&amp;smart=true&amp;width=350&amp;height=233&amp;quality=85\" media=\"(min-width: 80px)\"\/><img alt=\"El Papa Francisco dirige una audiencia en el Aula Pablo VI de la Ciudad del Vaticano   \" class=\"global-image\" decoding=\"async\" fetchpriority=\"low\" height=\"2048\" loading=\"lazy\" src=\"https:\/\/www.infobae.com\/resizer\/v2\/6GGSLVHZR5GTZKCQ5X47SS3FZE.jpg?auth=8077d276bdd8b127fad14bfe61a2b11cc8345a79991ea7a87dfa0f25e03117e9&amp;smart=true&amp;width=350&amp;height=233&amp;quality=85\" width=\"3072\"\/><\/picture><figcaption class=\"article-figcaption-img\">El Papa Francisco dirige una audiencia en el Aula Pablo VI de la Ciudad del Vaticano   <\/figcaption><\/div>\n<p class=\"paragraph\">El Senado de la Naci\u00f3n inform\u00f3 que el pr\u00f3ximo lunes 14, Villarruel tendr\u00e1 a las 8 de la ma\u00f1ana una \u201caudiencia oficial privada con el papa Francisco en la Sala Pablo VI del Vaticano\u201d. Seg\u00fan pudo saber <b>Infobae<\/b>, el encuentro se llevar\u00e1 a cabo en el marco de las actividades habituales que tiene el sumo pont\u00edfice en ese espacio creado por el arquitecto Pier Luigi Nervi hace m\u00e1s de 50 a\u00f1os. La cita est\u00e1 previsto que tenga una duraci\u00f3n de 30 minutos, aunque no se descarta que pueda extenderse.<\/p>\n<p class=\"paragraph\">El papa Francisco en las \u00faltimas semanas intensific\u00f3 las reuniones p\u00fablicas con dirigentes argentinos. Estuvo con sindicalistas de la CGT, referentes sociales, como Juan Grabois, y con la ministra de Capital Humano, Sandra Pettovello. De los primeros encuentros hubo fotos, pero con la funcionaria nacional no trascendi\u00f3 ninguna imagen.<\/p>\n<p class=\"paragraph\">A horas de ese contacto, el papa Francisco emiti\u00f3 una declaraci\u00f3n que gener\u00f3 un fuerte impacto pol\u00edtico: \u201cEl silencio frente a la injusticia abre paso a la divisi\u00f3n social. Y la divisi\u00f3n social abre paso a la violencia verbal. Y la violencia verbal, a la violencia f\u00edsica. Y la violencia f\u00edsica, a la guerra de todos contra todos&#8230; ah\u00ed est\u00e1 la cola del diablo. Me hicieron ver una represi\u00f3n (un video) filmado de una represi\u00f3n hace una semana. Obreros, gente que ped\u00eda por sus derechos en la calle y la Polic\u00eda la rechazaba con una cosa que es lo m\u00e1s caro que hay: gas pimienta de primera calidad. Que no ten\u00edan derecho a reclamar lo suyo porque eran revoltosos, comunistas. <b>El gobierno se puso firme: en vez de pagar justicia social, pag\u00f3 el gas pimienta. Le conven\u00eda. T\u00e9nganlo en cuenta<\/b>\u201d. Lo dijo al lado de Grabois.<\/p>\n<p class=\"paragraph\">\u201cNo viaj\u00f3 con fot\u00f3grafo, ni con una comitiva grande. <b>Si hay foto con el Papa ser\u00e1 la que de difunda el Vaticano<\/b>\u201d, aclararon cerca de la vicepresidenta. Como ocurri\u00f3 frente a las \u00faltimas disidencias, en la Casa Rosada s\u00f3lo transmitieron indiferencia.<\/p>\n<\/div>\n<p><script defer=\"\">!function(f,b,e,v,n,t,s) {if(f.fbq)return;n=f.fbq=function(){n.callMethod? n.callMethod.apply(n,arguments):n.queue.push(arguments)}; if(!f._fbq)f._fbq=n;n.push=n;n.loaded=!0;n.version='2.0'; n.queue=[];t=b.createElement(e);t.async=!0; t.src=v;s=b.getElementsByTagName(e)[0]; s.parentNode.insertBefore(t,s)}(window, document,'script', ' fbq('init', '336383993555320'); fbq('track', 'PageView'); fbq('track', 'ViewContent');<\/script><script src=\"https:\/\/connect.facebook.net\/en_US\/sdk.js\" crossorigin=\"anonymous\" defer=\"\"><\/script><\/p>\n","protected":false},"excerpt":{"rendered":"<p>La vicepresidenta tendr\u00e1 desde hoy una intensa agenda en Espa\u00f1a y el Vaticano Victoria Villarruel inici\u00f3 su primer viaje oficial al exterior desde que asumi\u00f3 la Vicepresidencia de la Naci\u00f3n. La dirigente desplegar\u00e1 desde hoy una intensa agenda de actividades en Espa\u00f1a, donde se reunir\u00e1 con l\u00edderes pol\u00edticos y empresarios, y compartir\u00e1 una conferencia sobre [&hellip;]<\/p>\n","protected":false},"author":2,"featured_media":25872,"comment_status":"","ping_status":"","sticky":false,"template":"","format":"standard","meta":{"footnotes":""},"categories":[7],"tags":[],"_links":{"self":[{"href":"https:\/\/maxradio923.com.ar\/index.php\/wp-json\/wp\/v2\/posts\/25871"}],"collection":[{"href":"https:\/\/maxradio923.com.ar\/index.php\/wp-json\/wp\/v2\/posts"}],"about":[{"href":"https:\/\/maxradio923.com.ar\/index.php\/wp-json\/wp\/v2\/types\/post"}],"author":[{"embeddable":true,"href":"https:\/\/maxradio923.com.ar\/index.php\/wp-json\/wp\/v2\/users\/2"}],"replies":[{"embeddable":true,"href":"https:\/\/maxradio923.com.ar\/index.php\/wp-json\/wp\/v2\/comments?post=25871"}],"version-history":[{"count":0,"href":"https:\/\/maxradio923.com.ar\/index.php\/wp-json\/wp\/v2\/posts\/25871\/revisions"}],"wp:featuredmedia":[{"embeddable":true,"href":"https:\/\/maxradio923.com.ar\/index.php\/wp-json\/wp\/v2\/media\/25872"}],"wp:attachment":[{"href":"https:\/\/maxradio923.com.ar\/index.php\/wp-json\/wp\/v2\/media?parent=25871"}],"wp:term":[{"taxonomy":"category","embeddable":true,"href":"https:\/\/maxradio923.com.ar\/index.php\/wp-json\/wp\/v2\/categories?post=25871"},{"taxonomy":"post_tag","embeddable":true,"href":"https:\/\/maxradio923.com.ar\/index.php\/wp-json\/wp\/v2\/tags?post=25871"}],"curies":[{"name":"wp","href":"https:\/\/api.w.org\/{rel}","templated":true}]}}