{"id":25865,"date":"2024-10-06T19:15:03","date_gmt":"2024-10-06T22:15:03","guid":{"rendered":"https:\/\/maxradio923.com.ar\/index.php\/2024\/10\/06\/victoria-villarruel-se-reunira-con-el-papa-francisco-en-el-vaticano\/"},"modified":"2024-10-06T19:15:03","modified_gmt":"2024-10-06T22:15:03","slug":"victoria-villarruel-se-reunira-con-el-papa-francisco-en-el-vaticano","status":"publish","type":"post","link":"https:\/\/maxradio923.com.ar\/index.php\/2024\/10\/06\/victoria-villarruel-se-reunira-con-el-papa-francisco-en-el-vaticano\/","title":{"rendered":"Victoria Villarruel se reunir\u00e1 con el papa Francisco en el Vaticano"},"content":{"rendered":"<p><\/p>\n<div>\n<div class=\" visual__image\"><picture><source srcset=\"https:\/\/www.infobae.com\/resizer\/v2\/BVKRFIPPCZDS3HLUPBP56BR3AE.jpg?auth=58e93b5efca7cf874100fe88170151d63226ac9dd725d1a5b0cfac95b29ecda0&amp;smart=true&amp;width=992&amp;height=558&amp;quality=85\" media=\"(min-width: 1000px)\"\/><source srcset=\"https:\/\/www.infobae.com\/resizer\/v2\/BVKRFIPPCZDS3HLUPBP56BR3AE.jpg?auth=58e93b5efca7cf874100fe88170151d63226ac9dd725d1a5b0cfac95b29ecda0&amp;smart=true&amp;width=768&amp;height=432&amp;quality=85\" media=\"(min-width: 768px)\"\/><source srcset=\"https:\/\/www.infobae.com\/resizer\/v2\/BVKRFIPPCZDS3HLUPBP56BR3AE.jpg?auth=58e93b5efca7cf874100fe88170151d63226ac9dd725d1a5b0cfac95b29ecda0&amp;smart=true&amp;width=577&amp;height=325&amp;quality=85\" media=\"(min-width: 580px)\"\/><source srcset=\"https:\/\/www.infobae.com\/resizer\/v2\/BVKRFIPPCZDS3HLUPBP56BR3AE.jpg?auth=58e93b5efca7cf874100fe88170151d63226ac9dd725d1a5b0cfac95b29ecda0&amp;smart=true&amp;width=420&amp;height=236&amp;quality=85\" media=\"(min-width: 350px)\"\/><source srcset=\"https:\/\/www.infobae.com\/resizer\/v2\/BVKRFIPPCZDS3HLUPBP56BR3AE.jpg?auth=58e93b5efca7cf874100fe88170151d63226ac9dd725d1a5b0cfac95b29ecda0&amp;smart=true&amp;width=350&amp;height=197&amp;quality=85\" media=\"(min-width: 80px)\"\/><img alt=\"Victoria Villarruel y el Papa Francisco\" class=\"global-image\" decoding=\"async\" fetchpriority=\"high\" height=\"1080\" loading=\"eager\" src=\"https:\/\/www.infobae.com\/resizer\/v2\/BVKRFIPPCZDS3HLUPBP56BR3AE.jpg?auth=58e93b5efca7cf874100fe88170151d63226ac9dd725d1a5b0cfac95b29ecda0&amp;smart=true&amp;width=350&amp;height=197&amp;quality=85\" width=\"1920\"\/><\/picture><figcaption class=\"article-figcaption-img\">Victoria Villarruel y el Papa Francisco<\/figcaption><\/div>\n<p class=\"paragraph\">La vicepresidente de la Naci\u00f3n, <b>Victoria Villarruel<\/b>, realizar\u00e1 la pr\u00f3xima semana un viaje oficial a Europa que finalizar\u00e1 con una audiencia privada con el <b>papa Francisco<\/b> en el <b>Vaticano<\/b> el pr\u00f3ximo 14 de octubre. Antes de su encuentro con el pont\u00edfice, adem\u00e1s, participar\u00e1 de una serie de actividades en <b>Espa\u00f1a<\/b>, entre ellas una intervenci\u00f3n en una conferencia de la <b>ONU<\/b> sobre <b>V\u00edctimas del Terrorismo<\/b>.<\/p>\n<p class=\"paragraph\">El itinerario de la vicepresidenta comenzar\u00e1 este domingo, cuando partir\u00e1 desde el Aeropuerto de Ezeiza hacia Madrid en un vuelo de l\u00ednea. A la ma\u00f1ana siguiente, se reunir\u00e1 con <b>Pedro Roll\u00e1n Ojeda<\/b>, presidente del Senado espa\u00f1ol, y m\u00e1s tarde, en Salamanca, tendr\u00e1 una audiencia con <b>Andr\u00e9s Allamand<\/b>, Secretario General Iberoamericano.<\/p>\n<p class=\"paragraph\">El martes 8 de octubre, Villarruel disertar\u00e1 en la <b>Conferencia Internacional de las Naciones Unidas sobre V\u00edctimas del Terrorismo<\/b>, que se celebrar\u00e1 en el Palacio de Congresos Europa en Vitoria-Gasteiz. El objetivo de este evento es dar continuidad al Primer Congreso Global de V\u00edctimas del Terrorismo realizado en 2022 en Nueva York, y avanzar en pol\u00edticas de reparaci\u00f3n y apoyo para las v\u00edctimas, se\u00f1alaron desde el Senado a trav\u00e9s de un comunicado.<\/p>\n<p class=\"paragraph\">El mi\u00e9rcoles 9, la agenda de la presidenta de la C\u00e1mara Alta incluye una visita al Palacio de Liria en la capital espa\u00f1ola, donde recorrer\u00e1 la exposici\u00f3n \u201cCartas de Col\u00f3n &#8211; Am\u00e9rica en la Casa de Alba\u201d, que muestra parte del patrimonio americano de la colecci\u00f3n familiar, incluyendo 24 aut\u00f3grafos de <b>Crist\u00f3bal Col\u00f3n<\/b>. Posteriormente, asistir\u00e1 a una recepci\u00f3n en la<b> <\/b>Residencia Argentina ofrecida por el embajador argentino en Espa\u00f1a, <b>Roberto Bosch<\/b>.<\/p>\n<p class=\"paragraph\">Dos d\u00edas despu\u00e9s, el viernes 11, participar\u00e1 en un almuerzo con un grupo de empresarios en la <b>Embajada argentina<\/b> en Madrid, antes de su viaje al Vaticano para su audiencia con el Papa Francisco, que se llevar\u00e1 a cabo en la <b>Sala Pablo VI<\/b> de la Santa Sede.<\/p>\n<div class=\" visual__image\"><picture><source srcset=\"https:\/\/www.infobae.com\/resizer\/v2\/MV3RLOPMYJA53LN4GGMB7U7QZE.jpg?auth=b1f0dd05a88d39e8cec0149644ac50ade108c180f33ad761c80981f3ad8f1837&amp;smart=true&amp;width=992&amp;height=558&amp;quality=85\" media=\"(min-width: 1000px)\"\/><source srcset=\"https:\/\/www.infobae.com\/resizer\/v2\/MV3RLOPMYJA53LN4GGMB7U7QZE.jpg?auth=b1f0dd05a88d39e8cec0149644ac50ade108c180f33ad761c80981f3ad8f1837&amp;smart=true&amp;width=768&amp;height=432&amp;quality=85\" media=\"(min-width: 768px)\"\/><source srcset=\"https:\/\/www.infobae.com\/resizer\/v2\/MV3RLOPMYJA53LN4GGMB7U7QZE.jpg?auth=b1f0dd05a88d39e8cec0149644ac50ade108c180f33ad761c80981f3ad8f1837&amp;smart=true&amp;width=577&amp;height=325&amp;quality=85\" media=\"(min-width: 580px)\"\/><source srcset=\"https:\/\/www.infobae.com\/resizer\/v2\/MV3RLOPMYJA53LN4GGMB7U7QZE.jpg?auth=b1f0dd05a88d39e8cec0149644ac50ade108c180f33ad761c80981f3ad8f1837&amp;smart=true&amp;width=420&amp;height=236&amp;quality=85\" media=\"(min-width: 350px)\"\/><source srcset=\"https:\/\/www.infobae.com\/resizer\/v2\/MV3RLOPMYJA53LN4GGMB7U7QZE.jpg?auth=b1f0dd05a88d39e8cec0149644ac50ade108c180f33ad761c80981f3ad8f1837&amp;smart=true&amp;width=350&amp;height=197&amp;quality=85\" media=\"(min-width: 80px)\"\/><img alt=\"Ser\u00e1 el primer viaje oficial internacional de Villarruel\" class=\"global-image\" decoding=\"async\" fetchpriority=\"low\" height=\"1080\" loading=\"lazy\" src=\"https:\/\/www.infobae.com\/resizer\/v2\/MV3RLOPMYJA53LN4GGMB7U7QZE.jpg?auth=b1f0dd05a88d39e8cec0149644ac50ade108c180f33ad761c80981f3ad8f1837&amp;smart=true&amp;width=350&amp;height=197&amp;quality=85\" width=\"1920\"\/><\/picture><figcaption class=\"article-figcaption-img\">Ser\u00e1 el primer viaje oficial internacional de Villarruel<\/figcaption><\/div>\n<p class=\"paragraph\">Recientemente, <b>Jorge Bergoglio<\/b> recibi\u00f3 a otra funcionaria del gobierno nacional: la ministra de Capital Humano, <b>Sandra Pettovello<\/b>. Se trat\u00f3 de<i> <\/i><i>un encuentro de car\u00e1cter informal<\/i> y se abordaron temas sociales. Seg\u00fan explicaron a<b> Infobae<\/b>, fue la ministra quien habl\u00f3 la mayor parte de la reuni\u00f3n ya que le brind\u00f3 un panorama de c\u00f3mo estaban las \u00e1reas que tiene a cargo su cartera.<\/p>\n<p class=\"paragraph\">Apenas conoci\u00f3 la intenci\u00f3n del Vicario de Cristo de tener una audiencia privada con Pettovello, la ministra se lo inform\u00f3 al presidente <b>Javier Milei<\/b> quien no dud\u00f3 en darle su visto bueno para el encuentro. Debido a ese viaje a Roma, la funcionaria no estuvo junto al resto del gabinete nacional en el Congreso en<i> <\/i><i>la presentaci\u00f3n que realiz\u00f3 el m\u00e1ximo mandatario sobre el presupuesto.<\/i><\/p>\n<p class=\"paragraph\">No fue la primera vez que la Pettovello visit\u00f3 el Vaticano desde que est\u00e1 al mando de la cartera de Capital Humano: el 12 de febrero hab\u00eda acompa\u00f1ado en su encuentro papal al Jefe de Estado, quien tambi\u00e9n estuvo acompa\u00f1ado por la secretaria general de la Presidencia, <b>Karina Milei<\/b>; la canciller <b>Diana Mondino<\/b>; el entonces ministro del Interior, -actual Jefe de Gabinete- <b>Guillermo Francos<\/b>; el ex secretario de Culto, <b>Francisco S\u00e1nchez<\/b>, y el embajador designado ante el Estado de Israel, Rabino <b>Axel Wahnish<\/b>.<\/p>\n<p class=\"paragraph\">Esa reuni\u00f3n fue un d\u00eda despu\u00e9s de otra que Bergoglio mantuvo con representantes de la CGT, entre los que se encontraban los cotitulares cegetistas <b>H\u00e9ctor Daer<\/b> (Sanidad) y <b>Pablo Moyano<\/b> (Camioneros). En la media hora de encuentro los l\u00edderes sindicales, seg\u00fan reconstruy\u00f3 <b>Infobae<\/b>, hicieron hincapi\u00e9 en \u201cel desarrollo, la producci\u00f3n y el trabajo\u201d como ejes que la administraci\u00f3n libertaria deber\u00eda tomar en cuenta para gobernar.<\/p>\n<\/div>\n<p><script defer=\"\">!function(f,b,e,v,n,t,s) {if(f.fbq)return;n=f.fbq=function(){n.callMethod? n.callMethod.apply(n,arguments):n.queue.push(arguments)}; if(!f._fbq)f._fbq=n;n.push=n;n.loaded=!0;n.version='2.0'; n.queue=[];t=b.createElement(e);t.async=!0; t.src=v;s=b.getElementsByTagName(e)[0]; s.parentNode.insertBefore(t,s)}(window, document,'script', ' fbq('init', '336383993555320'); fbq('track', 'PageView'); fbq('track', 'ViewContent');<\/script><script src=\"https:\/\/connect.facebook.net\/en_US\/sdk.js\" crossorigin=\"anonymous\" defer=\"\"><\/script><\/p>\n","protected":false},"excerpt":{"rendered":"<p>Victoria Villarruel y el Papa Francisco La vicepresidente de la Naci\u00f3n, Victoria Villarruel, realizar\u00e1 la pr\u00f3xima semana un viaje oficial a Europa que finalizar\u00e1 con una audiencia privada con el papa Francisco en el Vaticano el pr\u00f3ximo 14 de octubre. Antes de su encuentro con el pont\u00edfice, adem\u00e1s, participar\u00e1 de una serie de actividades en [&hellip;]<\/p>\n","protected":false},"author":2,"featured_media":25866,"comment_status":"","ping_status":"","sticky":false,"template":"","format":"standard","meta":{"footnotes":""},"categories":[7],"tags":[],"_links":{"self":[{"href":"https:\/\/maxradio923.com.ar\/index.php\/wp-json\/wp\/v2\/posts\/25865"}],"collection":[{"href":"https:\/\/maxradio923.com.ar\/index.php\/wp-json\/wp\/v2\/posts"}],"about":[{"href":"https:\/\/maxradio923.com.ar\/index.php\/wp-json\/wp\/v2\/types\/post"}],"author":[{"embeddable":true,"href":"https:\/\/maxradio923.com.ar\/index.php\/wp-json\/wp\/v2\/users\/2"}],"replies":[{"embeddable":true,"href":"https:\/\/maxradio923.com.ar\/index.php\/wp-json\/wp\/v2\/comments?post=25865"}],"version-history":[{"count":0,"href":"https:\/\/maxradio923.com.ar\/index.php\/wp-json\/wp\/v2\/posts\/25865\/revisions"}],"wp:featuredmedia":[{"embeddable":true,"href":"https:\/\/maxradio923.com.ar\/index.php\/wp-json\/wp\/v2\/media\/25866"}],"wp:attachment":[{"href":"https:\/\/maxradio923.com.ar\/index.php\/wp-json\/wp\/v2\/media?parent=25865"}],"wp:term":[{"taxonomy":"category","embeddable":true,"href":"https:\/\/maxradio923.com.ar\/index.php\/wp-json\/wp\/v2\/categories?post=25865"},{"taxonomy":"post_tag","embeddable":true,"href":"https:\/\/maxradio923.com.ar\/index.php\/wp-json\/wp\/v2\/tags?post=25865"}],"curies":[{"name":"wp","href":"https:\/\/api.w.org\/{rel}","templated":true}]}}