{"id":25861,"date":"2024-10-06T14:15:02","date_gmt":"2024-10-06T17:15:02","guid":{"rendered":"https:\/\/maxradio923.com.ar\/index.php\/2024\/10\/06\/rosario-la-polemica-razon-por-la-que-le-bajaron-la-condena-a-dylan-cantero-hijo-del-fundador-historico-de-los-monos\/"},"modified":"2024-10-06T14:15:02","modified_gmt":"2024-10-06T17:15:02","slug":"rosario-la-polemica-razon-por-la-que-le-bajaron-la-condena-a-dylan-cantero-hijo-del-fundador-historico-de-los-monos","status":"publish","type":"post","link":"https:\/\/maxradio923.com.ar\/index.php\/2024\/10\/06\/rosario-la-polemica-razon-por-la-que-le-bajaron-la-condena-a-dylan-cantero-hijo-del-fundador-historico-de-los-monos\/","title":{"rendered":"Rosario: la pol\u00e9mica raz\u00f3n por la que le bajaron la condena a Dylan Cantero, hijo del fundador hist\u00f3rico de Los Monos"},"content":{"rendered":"<p><\/p>\n<div>\n<div class=\" visual__image\"><picture><source srcset=\"https:\/\/www.infobae.com\/resizer\/v2\/6ND3QZRRIVA6VLHYJ7T6BGG5Y4.jpeg?auth=af6aa359ca5369c378b20b7de63dc58c3f341d18a7aee6410f0f3454b5c213ac&amp;smart=true&amp;width=992&amp;height=558&amp;quality=85\" media=\"(min-width: 1000px)\"\/><source srcset=\"https:\/\/www.infobae.com\/resizer\/v2\/6ND3QZRRIVA6VLHYJ7T6BGG5Y4.jpeg?auth=af6aa359ca5369c378b20b7de63dc58c3f341d18a7aee6410f0f3454b5c213ac&amp;smart=true&amp;width=768&amp;height=432&amp;quality=85\" media=\"(min-width: 768px)\"\/><source srcset=\"https:\/\/www.infobae.com\/resizer\/v2\/6ND3QZRRIVA6VLHYJ7T6BGG5Y4.jpeg?auth=af6aa359ca5369c378b20b7de63dc58c3f341d18a7aee6410f0f3454b5c213ac&amp;smart=true&amp;width=577&amp;height=325&amp;quality=85\" media=\"(min-width: 580px)\"\/><source srcset=\"https:\/\/www.infobae.com\/resizer\/v2\/6ND3QZRRIVA6VLHYJ7T6BGG5Y4.jpeg?auth=af6aa359ca5369c378b20b7de63dc58c3f341d18a7aee6410f0f3454b5c213ac&amp;smart=true&amp;width=420&amp;height=236&amp;quality=85\" media=\"(min-width: 350px)\"\/><source srcset=\"https:\/\/www.infobae.com\/resizer\/v2\/6ND3QZRRIVA6VLHYJ7T6BGG5Y4.jpeg?auth=af6aa359ca5369c378b20b7de63dc58c3f341d18a7aee6410f0f3454b5c213ac&amp;smart=true&amp;width=350&amp;height=197&amp;quality=85\" media=\"(min-width: 80px)\"\/><img alt=\"El \u00faltimo hijo del fundador de Los Monos fue detenido por primera vez a sus 19 a\u00f1os (Rosario3)\" class=\"global-image\" decoding=\"async\" fetchpriority=\"high\" height=\"450\" loading=\"eager\" src=\"https:\/\/www.infobae.com\/resizer\/v2\/6ND3QZRRIVA6VLHYJ7T6BGG5Y4.jpeg?auth=af6aa359ca5369c378b20b7de63dc58c3f341d18a7aee6410f0f3454b5c213ac&amp;smart=true&amp;width=350&amp;height=197&amp;quality=85\" width=\"800\"\/><\/picture><figcaption class=\"article-figcaption-img\">El \u00faltimo hijo del fundador de Los Monos fue detenido por primera vez a sus 19 a\u00f1os (Rosario3)<\/figcaption><\/div>\n<p class=\"paragraph\"><b>Dylan Lautaro Cantero<\/b> (20), hijo de <b>M\u00e1ximo Ariel \u201cViejo\u201d Cantero<\/b>, fundador hist\u00f3rico de Los Monos, tuvo una buena noticia este viernes. En una audiencia, el camarista <b>Tom\u00e1s Orso <\/b>le redujo la condena que hab\u00eda recibido por una unificaci\u00f3n de causas de cuando era menor de edad y de cuando cometi\u00f3 delitos en la adultez. As\u00ed, pas\u00f3 de tener 5 a\u00f1os y 6 meses de c\u00e1rcel <b>a 3 a\u00f1os de prisi\u00f3n efectiva<\/b>, que est\u00e1 a punto de terminar de cumplir, de acuerdo a la estimaci\u00f3n que se realiza sobre el c\u00f3mputo del tiempo que ya purg\u00f3 en detenci\u00f3n preventiva. <\/p>\n<p class=\"paragraph\">El integrante del clan Cantero est\u00e1 detenido desde finales de septiembre de 2022, cuando el Ministerio P\u00fablico de la Acusaci\u00f3n lo imput\u00f3 como miembro de la asociaci\u00f3n il\u00edcita que lidera su sobrino Uriel Luciano \u201cLucho\u201d Cantero, hijo del asesinado l\u00edder de Los Monos Claudio \u201cP\u00e1jaro\u201d Cantero. Por ese expediente, en diciembre del a\u00f1o pasado Dylan acept\u00f3 un juicio abreviado por el que le dieron 3 a\u00f1os de prisi\u00f3n efectiva. Dicha resoluci\u00f3n hab\u00eda sido homologada por el juez Rom\u00e1n Lanz\u00f3n.<\/p>\n<p class=\"paragraph\">Como acumulaba dos causas del fuero de menores, una por tenencia ileg\u00edtima de arma de fuego y otra por encubrimiento \u2013por motos robadas que hallaron en su domicilio de barrio La Granada\u2013, el 4 de julio pasado la jueza de Menores de la Primera Nominaci\u00f3n Mar\u00eda del Carmen Musa decidi\u00f3 establecer una pena \u00fanica de 5 a\u00f1os y 6 meses de prisi\u00f3n, que fue apelada por la defensa del hermano de Ariel M\u00e1ximo \u201cGuille\u201d Cantero.<\/p>\n<p class=\"paragraph\">Haciendo eje en que no se comprend\u00eda el c\u00e1lculo matem\u00e1tico que hab\u00eda aplicado la jueza de Menores, <b>el abogado Jos\u00e9 Alcacer afirm\u00f3 que la sentencia fue por una \u201cestigmatizaci\u00f3n\u201d a Dylan por el apellido familiar<\/b>. <\/p>\n<div class=\" visual__image\"><picture><source srcset=\"https:\/\/www.infobae.com\/resizer\/v2\/LJIHH7ZAP5GU5J33CGMBCZL734.jpg?auth=9e5a7a520f4133fcca88ae94875b85f2b90292e1be8eab16d2b80b491554111b&amp;smart=true&amp;width=992&amp;height=558&amp;quality=85\" media=\"(min-width: 1000px)\"\/><source srcset=\"https:\/\/www.infobae.com\/resizer\/v2\/LJIHH7ZAP5GU5J33CGMBCZL734.jpg?auth=9e5a7a520f4133fcca88ae94875b85f2b90292e1be8eab16d2b80b491554111b&amp;smart=true&amp;width=768&amp;height=432&amp;quality=85\" media=\"(min-width: 768px)\"\/><source srcset=\"https:\/\/www.infobae.com\/resizer\/v2\/LJIHH7ZAP5GU5J33CGMBCZL734.jpg?auth=9e5a7a520f4133fcca88ae94875b85f2b90292e1be8eab16d2b80b491554111b&amp;smart=true&amp;width=577&amp;height=325&amp;quality=85\" media=\"(min-width: 580px)\"\/><source srcset=\"https:\/\/www.infobae.com\/resizer\/v2\/LJIHH7ZAP5GU5J33CGMBCZL734.jpg?auth=9e5a7a520f4133fcca88ae94875b85f2b90292e1be8eab16d2b80b491554111b&amp;smart=true&amp;width=420&amp;height=236&amp;quality=85\" media=\"(min-width: 350px)\"\/><source srcset=\"https:\/\/www.infobae.com\/resizer\/v2\/LJIHH7ZAP5GU5J33CGMBCZL734.jpg?auth=9e5a7a520f4133fcca88ae94875b85f2b90292e1be8eab16d2b80b491554111b&amp;smart=true&amp;width=350&amp;height=197&amp;quality=85\" media=\"(min-width: 80px)\"\/><img alt=\" El jefe de la organizaci\u00f3n criminal &quot;Los Monos&quot;, Ariel &quot;Guille&quot; Cantero, fue condenado hoy a 15 a\u00f1os de prisi\u00f3n, y su lugarteniente Jorge Emanuel Chamorro a 17 a\u00f1os, tras un juicio oral por narcotr\u00e1fico realizado en Rosario, en el cual hubo otras 32 personas condenadas, entre ellas las parejas de \u00e9stos, quienes recibieron 12 a\u00f1os de c\u00e1rcel.&#10;Foto Sebastian Granata\" class=\"global-image\" decoding=\"async\" fetchpriority=\"low\" height=\"1080\" loading=\"lazy\" src=\"https:\/\/www.infobae.com\/resizer\/v2\/LJIHH7ZAP5GU5J33CGMBCZL734.jpg?auth=9e5a7a520f4133fcca88ae94875b85f2b90292e1be8eab16d2b80b491554111b&amp;smart=true&amp;width=350&amp;height=197&amp;quality=85\" width=\"1920\"\/><\/picture><figcaption class=\"article-figcaption-img\"> El jefe de la organizaci\u00f3n criminal &#8220;Los Monos&#8221;, Ariel &#8220;Guille&#8221; Cantero, fue condenado hoy a 15 a\u00f1os de prisi\u00f3n, y su lugarteniente Jorge Emanuel Chamorro a 17 a\u00f1os, tras un juicio oral por narcotr\u00e1fico realizado en Rosario, en el cual hubo otras 32 personas condenadas, entre ellas las parejas de \u00e9stos, quienes recibieron 12 a\u00f1os de c\u00e1rcel.<br \/>\nFoto Sebastian Granata<\/figcaption><\/div>\n<p class=\"paragraph\">La asesora de Menores que intervino en la audiencia Mar\u00eda Laura Manso adhiri\u00f3 a lo planteado por el defensor particular y apunt\u00f3 que el informe sobre el que se bas\u00f3 la magistrada <b>\u201cresult\u00f3 estigmatizante y discriminatorio en virtud de su familia de pertenencia\u201d<\/b>. <\/p>\n<p class=\"paragraph\">La fiscal Estrella Gal\u00e1n, por su parte, coincidi\u00f3 en que la pena aplicada al hijo del \u201cViejo\u201d Cantero no era la adecuada. \u201cSi bien cometi\u00f3 hechos de no punible que fueron mencionados err\u00f3neamente, no tendr\u00edan que agravar su situaci\u00f3n. \u00c9l comienza con un delito que es imputado, que es la tenencia de arma. El segundo es encubrimiento. Y el tercero, ya como mayor, por asociaci\u00f3n il\u00edcita. Bueno, en el transcurso de todos estos a\u00f1os, desde los 16 hasta ahora que tiene 20, \u00bfQu\u00e9 es lo que hizo el Estado? \u00bfEn qu\u00e9 ayud\u00f3 a esa readaptaci\u00f3n del menor?\u201d, se\u00f1al\u00f3. <\/p>\n<p class=\"paragraph\">Gal\u00e1n record\u00f3 que Dylan Cantero, por las causas de menores, ya purg\u00f3 9 meses de prisi\u00f3n preventiva, parte de ese tiempo en modalidad domiciliaria. <\/p>\n<p class=\"paragraph\">Si se toma en cuenta que adem\u00e1s de ese per\u00edodo de tiempo est\u00e1 detenido desde septiembre de 2022 por el expediente de asociaci\u00f3n il\u00edcita, por los delitos que cometi\u00f3 de adulto, se infiere que en diciembre podr\u00eda vencer su pena unificada, seg\u00fan indicaron a Infobae investigadores judiciales.<\/p>\n<p class=\"paragraph\">Como la fiscal adhiri\u00f3 al planteo del defensor de Cantero de que la pena hab\u00eda sido \u201cexcesiva\u201d, el camarista Tom\u00e1s Orso redujo la condena unificada. <\/p>\n<p class=\"paragraph\">Dylan ya hab\u00eda pedido en junio pasado ante un juez de Ejecuci\u00f3n Penal la posibilidad de tener salidas transitorias, que fueron denegadas porque faltaba gestionar una instancia administrativa ante el Servicio Penitenciario de la c\u00e1rcel de Pi\u00f1ero y porque adem\u00e1s no ten\u00eda un concepto de conducta ejemplar en el a\u00f1o previo a la petici\u00f3n, ya que en una requisa llevada adelante en su celda los guardiac\u00e1rceles hab\u00edan encontrado un celular.<\/p>\n<\/div>\n<p><script defer=\"\">!function(f,b,e,v,n,t,s) {if(f.fbq)return;n=f.fbq=function(){n.callMethod? n.callMethod.apply(n,arguments):n.queue.push(arguments)}; if(!f._fbq)f._fbq=n;n.push=n;n.loaded=!0;n.version='2.0'; n.queue=[];t=b.createElement(e);t.async=!0; t.src=v;s=b.getElementsByTagName(e)[0]; s.parentNode.insertBefore(t,s)}(window, document,'script', ' fbq('init', '336383993555320'); fbq('track', 'PageView'); fbq('track', 'ViewContent');<\/script><script src=\"https:\/\/connect.facebook.net\/en_US\/sdk.js\" crossorigin=\"anonymous\" defer=\"\"><\/script><\/p>\n","protected":false},"excerpt":{"rendered":"<p>El \u00faltimo hijo del fundador de Los Monos fue detenido por primera vez a sus 19 a\u00f1os (Rosario3) Dylan Lautaro Cantero (20), hijo de M\u00e1ximo Ariel \u201cViejo\u201d Cantero, fundador hist\u00f3rico de Los Monos, tuvo una buena noticia este viernes. En una audiencia, el camarista Tom\u00e1s Orso le redujo la condena que hab\u00eda recibido por una [&hellip;]<\/p>\n","protected":false},"author":2,"featured_media":25862,"comment_status":"","ping_status":"","sticky":false,"template":"","format":"standard","meta":{"footnotes":""},"categories":[7],"tags":[],"_links":{"self":[{"href":"https:\/\/maxradio923.com.ar\/index.php\/wp-json\/wp\/v2\/posts\/25861"}],"collection":[{"href":"https:\/\/maxradio923.com.ar\/index.php\/wp-json\/wp\/v2\/posts"}],"about":[{"href":"https:\/\/maxradio923.com.ar\/index.php\/wp-json\/wp\/v2\/types\/post"}],"author":[{"embeddable":true,"href":"https:\/\/maxradio923.com.ar\/index.php\/wp-json\/wp\/v2\/users\/2"}],"replies":[{"embeddable":true,"href":"https:\/\/maxradio923.com.ar\/index.php\/wp-json\/wp\/v2\/comments?post=25861"}],"version-history":[{"count":0,"href":"https:\/\/maxradio923.com.ar\/index.php\/wp-json\/wp\/v2\/posts\/25861\/revisions"}],"wp:featuredmedia":[{"embeddable":true,"href":"https:\/\/maxradio923.com.ar\/index.php\/wp-json\/wp\/v2\/media\/25862"}],"wp:attachment":[{"href":"https:\/\/maxradio923.com.ar\/index.php\/wp-json\/wp\/v2\/media?parent=25861"}],"wp:term":[{"taxonomy":"category","embeddable":true,"href":"https:\/\/maxradio923.com.ar\/index.php\/wp-json\/wp\/v2\/categories?post=25861"},{"taxonomy":"post_tag","embeddable":true,"href":"https:\/\/maxradio923.com.ar\/index.php\/wp-json\/wp\/v2\/tags?post=25861"}],"curies":[{"name":"wp","href":"https:\/\/api.w.org\/{rel}","templated":true}]}}