{"id":2534,"date":"2023-09-09T00:35:40","date_gmt":"2023-09-09T03:35:40","guid":{"rendered":"https:\/\/maxradio923.com\/index.php\/2023\/09\/09\/la-feria-internacional-de-artesanias-corono-a-los-ganadores-del-premio-adquisicion-2023\/"},"modified":"2023-09-09T00:35:40","modified_gmt":"2023-09-09T03:35:40","slug":"la-feria-internacional-de-artesanias-corono-a-los-ganadores-del-premio-adquisicion-2023","status":"publish","type":"post","link":"https:\/\/maxradio923.com.ar\/index.php\/2023\/09\/09\/la-feria-internacional-de-artesanias-corono-a-los-ganadores-del-premio-adquisicion-2023\/","title":{"rendered":"La Feria Internacional de Artesan\u00edas coron\u00f3 a los ganadores del Premio Adquisici\u00f3n 2023"},"content":{"rendered":"<p><img decoding=\"async\" src=\"https:\/\/diariod3.com\/inicio\/wp-content\/uploads\/2023\/09\/53173746700_fff36e6a92_b.jpg\"\/><br \/>\nCon una gran participaci\u00f3n federal, se dieron a conocer los ganadores de una nueva edici\u00f3n. El Ministerio de Turismo y Cultura entreg\u00f3 premios y menci\u00f3n honor\u00edfica a artesanos de San Juan, C\u00f3rdoba y Mendoza.<\/p>\n<p><a href=\"https:\/\/sisanjuan.b-cdn.net\/media\/k2\/items\/cache\/4b25fd002750d56334938e85a85c08e0_XL.jpg\" rel=\"noreferrer noopener\" target=\"_blank\"><img decoding=\"async\" src=\"https:\/\/sisanjuan.b-cdn.net\/media\/k2\/items\/cache\/4b25fd002750d56334938e85a85c08e0_L.jpg\" alt=\"La Feria Internacional de Artesan\u00edas coron\u00f3 a los ganadores del Premio Adquisici\u00f3n 2023\"\/> <\/a>Foto: Adri\u00e1n Carrizo<\/p>\n<p>En el marco de la Feria Internacional de Artesan\u00edas 2023, esta semana el ministerio de Turismo y Cultura dio a conocer los <strong>ganadores del Premio Adquisici\u00f3n 2023<\/strong> en el Costanera Complejo Ferial de Chimbas. Tambi\u00e9n se entregaron menciones honor\u00edficas a artesanos de San Juan, C\u00f3rdoba, Mendoza y Chubut.<\/p>\n<p>Este a\u00f1o, <strong>el primer premio fue otorgado a dos vasijas cer\u00e1micas \u00ablloronas\u00bb, creaci\u00f3n de la artesana Marina Gabriela Ariza<\/strong>, de la Ciudad de San Juan. Las mismas fueron realizadas con arcillas recolectadas de diversos suelos locales, modeladas a mano en un juego de formas, texturas y colores que parten de una b\u00fasqueda de procesos y t\u00e9cnicas desarrollados por las culturas originarias del norte de San Juan y de un di\u00e1logo sensible con el material.<\/p>\n<p>Adem\u00e1s, las autoridades del Ministerio de Turismo y Cultura otorgaron otros cuatro Premios Adquisici\u00f3n m\u00e1s. En <strong>segunda posici\u00f3n qued\u00f3 \u00c1ngel Rodolfo Leiva<\/strong> de Albard\u00f3n. Se trat\u00f3 de un Cuchillo de Acero, realizado con material de el\u00e1stico de amortiguaci\u00f3n reciclado, forjado y templado para dar forma a la cuchilla a la que se le coloc\u00f3 un cabo de madera de Guayubira con apliques de aluminio.<\/p>\n<p>En cuanto al <strong>tercer premio, fue para un rebenque talero de cuero crudo, realizado por el artesano Rafael Victor Mercado<\/strong> de San Mart\u00edn, Mendoza. El material de este fue curtido con m\u00e9todos naturales y trabajado con t\u00e9cnicas de soguer\u00eda.<\/p>\n<p>El <strong>cuarto lugar fue para un dije de plata y piedras reconstituidas, realizado por los artesanos Maia Muchardi y Marcelo Ferreira<\/strong>, de Villa Gral. Belgrano de C\u00f3rdoba, con t\u00e9cnicas de orfebrer\u00eda tradicional.<\/p>\n<p>Por \u00faltimo, <strong>el quinto puesto se otorg\u00f3 a un camino de mesa, realizado por la artesana Clara Quiroga<\/strong>, de Albard\u00f3n. Fue un trabajo en lana natural hilada a mano, tejido en telar criollo con t\u00e9cnicas tradicionales de cinco lizos y de tramas discontinuas que conforman motivos geom\u00e9tricos en forma de flor federal.<\/p>\n<p>La secretaria de Cultura, Virginia Agote, destac\u00f3 la importancia para el ministerio de Turismo y Cultura, a trav\u00e9s del Mercado Artesanal Tradicional Luisa Escudero, poder participar en la Feria Internacional de Artesan\u00edas. \u201cEs el marco ideal para que se crucen nuestros artesanos con otros artesanos que vienen de todo el pa\u00eds. A\u00f1o a a\u00f1o continuamos con esta premiaci\u00f3n, que es adquisici\u00f3n a la colecci\u00f3n permanente del mercado, adem\u00e1s de unas menciones de reconocimiento. Y agreg\u00f3 que \u201ccon esto pretendemos hacer una colecci\u00f3n variada, no solamente de nuestros artesanos y sus t\u00e9cnicas, sino tambi\u00e9n de artesanos de otras partes del pa\u00eds, incrementando la colecci\u00f3n permanente con nuevas t\u00e9cnicas y estilos\u201d.<\/p>\n<p>Por otro lado, el director de Acci\u00f3n Cultural, Daniel Izasa, coment\u00f3 en qu\u00e9 aspectos se bas\u00f3 el jurado para tomar la decisi\u00f3n. \u201cLo que evaluamos fue siempre siguiendo los par\u00e1metros que establece UNESCO para la artesan\u00eda tradicional: que haya transformaci\u00f3n esencial de la materia, la creatividad, los materiales utilizados y el dise\u00f1o. Sobre todo, siempre apuntamos a lo que es artesan\u00eda tradicional\u201d. Tambi\u00e9n revel\u00f3 cu\u00e1les fueron los principales motivos por los cuales se inclinaron en el primer puesto. \u201cPrimero, porque no hab\u00edamos visto muchas cer\u00e1micas, lo que era cer\u00e1mica y respetando lo que eran las t\u00e9cnicas tradicionales no hab\u00edamos visto. Y sobre todo la creatividad y el dise\u00f1o que ten\u00edan esas vasijas, por eso elegimos que eran las primeras\u201d.<\/p>\n<p>Finalmente, la directora del Mercado Artesanal Tradicional Luisa Escudero, Miriam Atencio tambi\u00e9n dio m\u00e1s detalles sobre c\u00f3mo trabaj\u00f3 el jurado y en qu\u00e9 basaron sus decisiones. \u201cTuvimos en cuenta que el oficio sea tradicional, las t\u00e9cnicas que usaron, la calidad de la materia prima y de los distintos procesos, y tambi\u00e9n la creatividad e innovaci\u00f3n en cada una de las piezas\u201d.<\/p>\n<p>Estuvieron presentes en la premiaci\u00f3n la secretaria de Cultura, Virginia Agote; el director de Acci\u00f3n Cultural, Daniel Izasa y la directora del Mercado Artesanal Tradicional Luisa Escudero, Miriam Atencio.<\/p>\n<p><strong>Las menciones honor\u00edficas que se otorgaron a algunas piezas con alto valor cultural de artesanos<\/strong><\/p>\n<ul>\n<li>Yerbatera y azucarera de cuero crudo con detalles geom\u00e9tricos tejidos a lezna. Rafael V\u00edctor Mercado y Claudia Jaquelina Castro.<\/li>\n<li>Mortero tallado en tronco de madera. Julio Atencio.<\/li>\n<li>Poncho de lana natural hilada a mano y tejido en telar criollo. Clara Quiroga.<\/li>\n<li>Vasija cer\u00e1mica ahumada con motivos esgrafiados. Daniel e lvana Sarmiento.<\/li>\n<li>Mates pirograbados con dise\u00f1os geom\u00e9tricos. Laura Caporaro.<\/li>\n<li>Alforja bordada felpa, lana hilada a mano tejida en telar criollo con terminaciones de pompones y flores bordadas con la t\u00e9cnica tradicional de felpa. Lorena Gonz\u00e1les.<\/li>\n<\/ul>\n<p>La entrada <a href=\"https:\/\/diariod3.com\/inicio\/la-feria-internacional-de-artesanias-corono-a-los-ganadores-del-premio-adquisicion-2023\/\" rel=\"noreferrer noopener\" target=\"_blank\">La Feria Internacional de Artesan\u00edas coron\u00f3 a los ganadores del Premio Adquisici\u00f3n 2023<\/a> se public\u00f3 primero en <a href=\"https:\/\/diariod3.com\/inicio\" rel=\"noreferrer noopener\" target=\"_blank\">DIARIO D3 NOTICIAS<\/a>.<\/p>\n","protected":false},"excerpt":{"rendered":"<p>Con una gran participaci\u00f3n federal, se dieron a conocer los ganadores de una nueva edici\u00f3n. El Ministerio de Turismo y Cultura entreg\u00f3 premios y menci\u00f3n honor\u00edfica a artesanos de San Juan, C\u00f3rdoba y Mendoza. Foto: Adri\u00e1n Carrizo En el marco de la Feria Internacional de Artesan\u00edas 2023, esta semana el ministerio de Turismo y Cultura [&hellip;]<\/p>\n","protected":false},"author":1,"featured_media":2535,"comment_status":"","ping_status":"","sticky":false,"template":"","format":"standard","meta":{"footnotes":""},"categories":[10],"tags":[],"_links":{"self":[{"href":"https:\/\/maxradio923.com.ar\/index.php\/wp-json\/wp\/v2\/posts\/2534"}],"collection":[{"href":"https:\/\/maxradio923.com.ar\/index.php\/wp-json\/wp\/v2\/posts"}],"about":[{"href":"https:\/\/maxradio923.com.ar\/index.php\/wp-json\/wp\/v2\/types\/post"}],"author":[{"embeddable":true,"href":"https:\/\/maxradio923.com.ar\/index.php\/wp-json\/wp\/v2\/users\/1"}],"replies":[{"embeddable":true,"href":"https:\/\/maxradio923.com.ar\/index.php\/wp-json\/wp\/v2\/comments?post=2534"}],"version-history":[{"count":0,"href":"https:\/\/maxradio923.com.ar\/index.php\/wp-json\/wp\/v2\/posts\/2534\/revisions"}],"wp:featuredmedia":[{"embeddable":true,"href":"https:\/\/maxradio923.com.ar\/index.php\/wp-json\/wp\/v2\/media\/2535"}],"wp:attachment":[{"href":"https:\/\/maxradio923.com.ar\/index.php\/wp-json\/wp\/v2\/media?parent=2534"}],"wp:term":[{"taxonomy":"category","embeddable":true,"href":"https:\/\/maxradio923.com.ar\/index.php\/wp-json\/wp\/v2\/categories?post=2534"},{"taxonomy":"post_tag","embeddable":true,"href":"https:\/\/maxradio923.com.ar\/index.php\/wp-json\/wp\/v2\/tags?post=2534"}],"curies":[{"name":"wp","href":"https:\/\/api.w.org\/{rel}","templated":true}]}}