{"id":2177,"date":"2023-09-07T04:56:00","date_gmt":"2023-09-07T02:56:00","guid":{"rendered":"https:\/\/maxradio923.com\/index.php\/2023\/09\/07\/la-corte-suprema-ordeno-que-la-jueza-ana-maria-figueroa-deje-su-cargo\/"},"modified":"2023-09-07T13:15:04","modified_gmt":"2023-09-07T11:15:04","slug":"la-corte-suprema-ordeno-que-la-jueza-ana-maria-figueroa-deje-su-cargo","status":"publish","type":"post","link":"https:\/\/maxradio923.com.ar\/index.php\/2023\/09\/07\/la-corte-suprema-ordeno-que-la-jueza-ana-maria-figueroa-deje-su-cargo\/","title":{"rendered":"La Corte Suprema orden\u00f3 que la jueza Ana Mar\u00eda Figueroa deje su cargo"},"content":{"rendered":"<p><img decoding=\"async\" src=\"https:\/\/diariod3.com\/inicio\/wp-content\/uploads\/2023\/08\/jueza_ana_maria_figueroa_crop1691529728570.jpg_1536916664.jpg\"\/><\/p>\n<p>Lo decidi\u00f3 este mi\u00e9rcoles el m\u00e1ximo tribunal y por unanimidad. La magistrada estaba al frente de la causa Hotesur.<\/p>\n<figure>\n<figure><img decoding=\"async\" src=\"https:\/\/www.diariodecuyo.com.ar\/__export\/1694024915219\/sites\/diariodecuyo\/img\/2023\/09\/06\/jueza_ana_maria_figueroa_crop1691529728570_crop1694024914663.jpg_1536916664.jpg\" alt=\"La Corte Suprema orden\u00f3 que la jueza Ana Mar\u00eda Figueroa deje su cargo -\"\/><\/figure>\n<\/figure>\n<p>La Corte Suprema de la Naci\u00f3n orden\u00f3 que la jueza Ana Mar\u00eda Figueroa deje su cargo en la C\u00e1mara de Casaci\u00f3n, seg\u00fan confirm\u00f3 Infobae en las primeras horas de la tarde de este mi\u00e9rcoles. El m\u00e1ximo tribunal lo decidi\u00f3 por unanimidad y, adem\u00e1s, lo comunic\u00f3 al Consejo de la Magistratura de la Naci\u00f3n y a la C\u00e1mara Federal de Casaci\u00f3n Penal.<\/p>\n<p>En el acuerdo de este mi\u00e9rcoles y con la firma de sus cuatro integrantes \u2014Ricardo Lorenzetti, Juan Carlos Maqueda, Horacio Rosatti y Carlos Rosenkrantz\u2014 la Corte Suprema de Justicia de la Naci\u00f3n declar\u00f3 el cese en las funciones de la Dra. Ana Mar\u00eda Figueroa, ex jueza de la C\u00e1mara Federal de Casaci\u00f3n Penal.<\/p>\n<p>Para tomar la decisi\u00f3n \u2014seg\u00fan se precis\u00f3\u2014 los jueces del m\u00e1ximo tribunal tuvieron en cuenta que el pasado 9 de agosto Figueroa hab\u00eda cumplido los 75 a\u00f1os de edad, l\u00edmite de edad que fija la Constituci\u00f3n Nacional para el cese en las funciones de los jueces (art. 99 inciso 4). Adem\u00e1s, el hecho de que la jueza no ha obtenido un nuevo acuerdo del Senado para poder mantenerse en su cargo.<\/p>\n<p>Previamente, vale recordar,  la C\u00e1mara Federal de Casaci\u00f3n Penal hab\u00eda informado a la Presidencia de la Corte \u2014el 8 de agosto\u2014 la situaci\u00f3n en la que se encontraba la ex jueza Figueroa.<\/p>\n<p>La Corte Suprema record\u00f3 que en el precedente \u201cSchiffrin\u201d del a\u00f1o 2017 \u2014cuya mayor\u00eda estuvo conformada por los Dres. Maqueda, Rosatti y Lorenzetti\u2014 se restableci\u00f3 la validez constitucional que fijaba el l\u00edmite de los 75 a\u00f1os y la necesidad de un nuevo acuerdo del Senado para mantenerse en el cargo, en caso de alcanzar dicha edad. Por su lado, el Dr. Rosenkrantz en dicho precedente firm\u00f3 en disidencia, considerando que dicho l\u00edmite era inconstitucional.<\/p>\n<p>La decisi\u00f3n del m\u00e1ximo tribunal se conoci\u00f3 cuando el plenario de la C\u00e1mara de Casaci\u00f3n estaba reunido y discutiendo c\u00f3mo implementar la licencia de Figueroa. El encuentro empez\u00f3 13.30: la jueza propon\u00eda tomarse licencia y renunciar si a fin de mes no le daban el acuerdo en el Senado. Imprevistamente, en la reuni\u00f3n se resolvi\u00f3 un cuarto intermedio hasta las 16.30 y fue entonces cuando se conoci\u00f3 la resoluci\u00f3n.<\/p>\n<p>Es importante mencionar que Figueroa era una jueza clave para la pol\u00edtica. Ocurre que ten\u00eda para resolver los expedientes \u201cLos Sauces \u2013 Hotesur\u201d y la firma del memor\u00e1ndum de entendimiento con Ir\u00e1n en los que est\u00e1 involucrada la vicepresidenta de la Naci\u00f3n, Cristina Kirchner. La Sala I de Casaci\u00f3n, que para esos casos integraba Figueroa, debe resolver si confirma los sobreseimientos que en esos expedientes tiene la ex presidenta o los revoca y ordena que se haga el juicio oral. Figueora ya hab\u00eda anunciado que dejaba su proyecto de voto en la caja fuerte de su despacho.<\/p>\n<p>La entrada <a href=\"https:\/\/diariod3.com\/inicio\/la-corte-suprema-ordeno-que-la-jueza-ana-maria-figueroa-deje-su-cargo\/\" rel=\"noreferrer noopener\" target=\"_blank\">La Corte Suprema orden\u00f3 que la jueza Ana Mar\u00eda Figueroa deje su cargo<\/a> se public\u00f3 primero en <a href=\"https:\/\/diariod3.com\/inicio\" rel=\"noreferrer noopener\" target=\"_blank\">DIARIO D3 NOTICIAS<\/a>.<\/p>\n","protected":false},"excerpt":{"rendered":"<p>Lo decidi\u00f3 este mi\u00e9rcoles el m\u00e1ximo tribunal y por unanimidad. La magistrada estaba al frente de la causa Hotesur. La Corte Suprema de la Naci\u00f3n orden\u00f3 que la jueza Ana Mar\u00eda Figueroa deje su cargo en la C\u00e1mara de Casaci\u00f3n, seg\u00fan confirm\u00f3 Infobae en las primeras horas de la tarde de este mi\u00e9rcoles. El m\u00e1ximo [&hellip;]<\/p>\n","protected":false},"author":2,"featured_media":2208,"comment_status":"closed","ping_status":"","sticky":false,"template":"","format":"standard","meta":{"footnotes":""},"categories":[12],"tags":[],"_links":{"self":[{"href":"https:\/\/maxradio923.com.ar\/index.php\/wp-json\/wp\/v2\/posts\/2177"}],"collection":[{"href":"https:\/\/maxradio923.com.ar\/index.php\/wp-json\/wp\/v2\/posts"}],"about":[{"href":"https:\/\/maxradio923.com.ar\/index.php\/wp-json\/wp\/v2\/types\/post"}],"author":[{"embeddable":true,"href":"https:\/\/maxradio923.com.ar\/index.php\/wp-json\/wp\/v2\/users\/2"}],"replies":[{"embeddable":true,"href":"https:\/\/maxradio923.com.ar\/index.php\/wp-json\/wp\/v2\/comments?post=2177"}],"version-history":[{"count":0,"href":"https:\/\/maxradio923.com.ar\/index.php\/wp-json\/wp\/v2\/posts\/2177\/revisions"}],"wp:featuredmedia":[{"embeddable":true,"href":"https:\/\/maxradio923.com.ar\/index.php\/wp-json\/wp\/v2\/media\/2208"}],"wp:attachment":[{"href":"https:\/\/maxradio923.com.ar\/index.php\/wp-json\/wp\/v2\/media?parent=2177"}],"wp:term":[{"taxonomy":"category","embeddable":true,"href":"https:\/\/maxradio923.com.ar\/index.php\/wp-json\/wp\/v2\/categories?post=2177"},{"taxonomy":"post_tag","embeddable":true,"href":"https:\/\/maxradio923.com.ar\/index.php\/wp-json\/wp\/v2\/tags?post=2177"}],"curies":[{"name":"wp","href":"https:\/\/api.w.org\/{rel}","templated":true}]}}