{"id":1988,"date":"2023-09-06T03:25:21","date_gmt":"2023-09-06T01:25:21","guid":{"rendered":"https:\/\/maxradio923.com\/index.php\/2023\/09\/06\/elecciones-en-septiembre-tres-provincias-estrategicas-eligen-gobernador\/"},"modified":"2023-09-06T11:54:13","modified_gmt":"2023-09-06T09:54:13","slug":"elecciones-en-septiembre-tres-provincias-estrategicas-eligen-gobernador","status":"publish","type":"post","link":"https:\/\/maxradio923.com.ar\/index.php\/2023\/09\/06\/elecciones-en-septiembre-tres-provincias-estrategicas-eligen-gobernador\/","title":{"rendered":"Elecciones en septiembre: tres provincias estrat\u00e9gicas eligen gobernador"},"content":{"rendered":"<p><img decoding=\"async\" src=\"https:\/\/diariod3.com\/inicio\/wp-content\/uploads\/2023\/09\/elecciones.jpg\"\/><\/p>\n<p>El 14,83% del padr\u00f3n electoral nacional votar\u00e1n en elecciones provinciales que se realizar\u00e1n los pr\u00f3ximos tres domingos.<\/p>\n<figure>\n<figure><img decoding=\"async\" src=\"https:\/\/www.diariodecuyo.com.ar\/__export\/1693962675676\/sites\/diariodecuyo\/img\/2023\/09\/05\/b_1.png_1536916664.png\" alt=\"Elecciones en septiembre: tres provincias estrat\u00e9gicas eligen gobernador -\"\/><\/figure>\n<\/figure>\n<p>Despu\u00e9s de las elecciones municipales que se realizaron en comunas de cuatro provincias, en los pr\u00f3ximos domingos de septiembre se movilizar\u00e1n 5.312.472 votantes para elegir gobernador por los pr\u00f3ximos cuatro a\u00f1os. Con posibilidades de una reelecci\u00f3n y el antecedente de una PASO bisagra, Santa Fe, Chaco y Mendoza ir\u00e1n a las urnas.<\/p>\n<p>En dos de las tres provincias que ir\u00e1n a los comicios, el oficialismo peronista perdi\u00f3 en las instancia primaria. En Mendoza, el distrito restante, Juntos por el Cambio se parti\u00f3 pero el radicalismo -que se present\u00f3 conserv\u00f3 el sello Cambia Mendoza- se impuso en las PASO. Cuando fueron a votar a presidente, solo en Chaco gan\u00f3 una alternativa distinta a Javier Milei: el m\u00e1s votado (con 34,67% de los votos) fue Sergio Massa.<\/p>\n<p>\u00bfC\u00f3mo impactar\u00e1 el resultado nacional en lo que resta de campa\u00f1a provincial? \u00bfQu\u00e9 efecto tendr\u00e1n las \u00faltimas elecciones municipales? El 10, el 17 y el 24 de septiembre estos interrogantes se saldar\u00e1n en las urnas en tres distritos que representan el 14,83% del padr\u00f3n electoral argentino, cuyos resultados pueden reinterpretarse a nivel nacional y significar\u00e1n una plataforma que impulsar\u00e1 al que resulte gobernador electo.<\/p>\n<p>El 16 de julio, fecha en que se realizaron las PASO en Santa Fe, la flamante creaci\u00f3n del frente Unidos para Cambiar Santa Fe tuvo que superar un desaf\u00edo m\u00e1s urgente que el del resultado electoral: determinar qui\u00e9n iba a contar con el liderazgo del espacio. La respuesta del electorado santafesino fue contundente, volc\u00e1ndose por el ex ministro de Seguridad Maximiliano Pullaro por encima de la senadora nacional Carolina Losada (quien vincul\u00f3 a su compa\u00f1ero de coalici\u00f3n con el narcotr\u00e1fico) y la referenta del socialismo provincial M\u00f3nica Fein.<\/p>\n<p>En total, la alianza opositora se qued\u00f3 con 35,95% de los votos, muy por encima del 15,93% del oficialismo provincial, que escogi\u00f3 el nombre de Juntos Avancemos como sello local. En unas primarias de cuatro candidatos, el dirigente ungido por el gobernador Omar Perotti, Marcelo Lewandowski (ex periodista y actual senador nacional), ser\u00e1 el competidor del peronismo en las generales, en donde est\u00e1n habilitados a votar 2.818.280 santafesinos.<\/p>\n<p>Por detr\u00e1s corren otros dos candidatos que no alcanzaron los 2% pero superaron la barrera de las PASO: la soci\u00f3loga y dirigente del Partido Obrero Carla Deiana y el abogado Edelvino Luis Bodoira. Este \u00faltimo es el principal interrogante, porque pese a no contar con el respaldo de Javier Milei bautiz\u00f3 a su sello como Viva la Libertad y reproduce la agenda libertaria a nivel local. Considerando el 35,29% que sac\u00f3 Milei en Santa Fe, \u00bfBodoira podr\u00e1 acercarse al doble d\u00edgito? En ese caso, y a\u00fan m\u00e1s importante, \u00bfde d\u00f3nde obtendr\u00e1 esos votos?<\/p>\n<p>Adem\u00e1s de la gobernaci\u00f3n, el pr\u00f3ximo domingo 10 de septiembre se ponen en juego 46 intendencias, 19 bancas de senadores provinciales, 50 de diputados santafesinos y miembros de los Consejos Deliberantes. El municipio de Rosario es el principal centro de atenci\u00f3n por dos condiciones: es -por lejos- el distrito m\u00e1s populoso de la provincia y contar\u00e1 con s\u00f3lo dos candidatos. El actual intendente Pablo Javkin (Unidos para Cambiar Santa Fe) buscar\u00e1 reelegir frente a una apuesta joven del peronismo local, Juan Monteverde (Juntos Avancemos).<\/p>\n<p>58,36%: la cifra de participaci\u00f3n electoral en las PASO provinciales es una de las estad\u00edsticas que el oficialismo chaque\u00f1o, encabezado por Jorge Capitanich, buscar\u00e1 cambiar. El actual gobernador, que compite por su cuarto mandato, derrot\u00f3 al radicalismo en el 2007 e inici\u00f3 un camino de hegemon\u00eda del peronismo en la provincia que en este 2023 puede cambiar, luego de que Juntos por el Cambio encabece las primarias con 42,41% de los votos contra el 37,30% del justicialismo.<\/p>\n<p>A pesar de que Capitanich fue el candidato individual m\u00e1s votado, el arquitecto y el legislador provincial Leandro Zdero super\u00f3 una competitiva PASO y lleva adelante una campa\u00f1a con hincapi\u00e9 en las fragmentaciones del oficialismo, que se expresa en los ocho candidatos que alcanzaron en total la instancia de las generales. Sin embargo, necesita dar un golpe inmediato: en Chaco hay balotaje -dispuestos para el 8 de octubre- y el escenario de divisiones le ofrece mejores perspectivas que un mano a mano con el ex jefe de Gabinete nacional.<\/p>\n<p>Detr\u00e1s de ellos, los dos candidatos m\u00e1s votados fueron el actual intendente de Resistencia, Gustavo Mart\u00ednez (8,86%), y el ex vicegobernador del propio Capitanich, Juan Carlos Bacileff (4,34%). En s\u00e9ptima posici\u00f3n aparece Domingo Peppo (1,66%), ex gobernador peronista y actual embajador en Paraguay. Hasta abril de este a\u00f1o, no estaba confirmado que estos dirigentes no formen parte del armado electoral del oficialismo y sus trayectorias tienen puntos de contacto con la del gobernador. La fragmentaci\u00f3n puede costar cara, pero deber\u00e1n asumir una posici\u00f3n en un eventual balotaje entre el peronismo y Juntos por el Cambio.<\/p>\n<p>Los tres candidatos restantes son el representante del Frente de Izquierda-Unidad, C\u00e9sar Germ\u00e1n B\u00e1ez, y dos agrupaciones que se referencian con el liberalismo: el empresario textil Alfredo \u00abCapi\u00bb Rodr\u00edguez (La Libertad Avanza, 2,69%) y el senador nacional Eduardo Aguilar (Libertarios en Acci\u00f3n, 1,73%). En la provincia, las primarias escogieron en segundo puesto a Javier Milei como presidente por encima de los candidatos de Juntos por el Cambio: 28,81% a 26,55%.<\/p>\n<p>Los 1.001.813 chaque\u00f1os habilitados a votar escoger\u00e1n el 17 de septiembre adem\u00e1s 69 intendentes (aunque no en Resistencia, donde se elegir\u00e1 el 5 de noviembre) y 16 diputados provinciales.<\/p>\n<p>Lejos de interpretarse como una derrota, los resultados electorales las tres veces que los 1.492.379 mendocinos habilitados para votar fueron a las urnas sumaron sucesivos reveses para el oficialismo. Primero, en las PASO provinciales, donde Omar De Marchi, dirigente del PRO que rompi\u00f3 con Juntos por el Cambio, lejos de posicionarse como una experiencia marginal qued\u00f3 en segunda colocaci\u00f3n con el 23,32% de los votos.<\/p>\n<p>Posteriormente, en las primarias presidenciales, donde Javier Milei sac\u00f3 el 44,8% en la provincia, que ten\u00eda un representante del oficialismo mendocino dentro de las f\u00f3rmulas presidenciales: Luis Petri, como vice de Patricia Bullrich (JxC lleg\u00f3 a los 28,24%). Finalmente este \u00faltimo domingo, en los comicios a intendentes, donde el peronismo gan\u00f3 en seis de los siete municipios que se pusieron en juego. El restante, San Carlos, se decidi\u00f3 como jefe comunal por Alejandro Morillas, quien dio un paso al costado de la coalici\u00f3n del oficialismo provincial.<\/p>\n<p>Pese a la derrota en los siete municipios, Alfredo Cornejo contin\u00faa siendo el principal favorito. Adem\u00e1s de su trayectoria como ex gobernador, senador nacional y referente pol\u00edtico del actual mandatario, Rodolfo Su\u00e1rez, encabez\u00f3 la lista de Cambia Mendoza que alcanz\u00f3 los 49,02% en las PASO. Resta por ver el impacto electoral a favor de De Marchi pero tambi\u00e9n del peronismo, representado por Omar Parisi -ex intendente de Luj\u00e1n de Cuyo-. Los restantes candidatos que superaron el 4,5% fueron dos sub-40: Lautaro Jim\u00e9nez (Frente de Izquierda) y Emanuel Fugazzotto (Partido Verde).<\/p>\n<p>El 24 de septiembre se definen gobernador en la provincia, pero tambi\u00e9n la mitad de las bancas de la C\u00e1mara de Diputados y el Senado mendocino. Por su parte, tendr\u00e1n elecciones municipales (intendente y concejales) Guaymall\u00e9n, Godoy Cruz, Las Heras, Luj\u00e1n de Cuyo, General Alvear, Malarg\u00fce, Tupungato, San Mart\u00edn, Rivadavia y Jun\u00edn.<\/p>\n<p>La entrada <a href=\"https:\/\/diariod3.com\/inicio\/elecciones-en-septiembre-tres-provincias-estrategicas-eligen-gobernador\/\" rel=\"noreferrer noopener\" target=\"_blank\">Elecciones en septiembre: tres provincias estrat\u00e9gicas eligen gobernador<\/a> se public\u00f3 primero en <a href=\"https:\/\/diariod3.com\/inicio\" rel=\"noreferrer noopener\" target=\"_blank\">DIARIO D3 NOTICIAS<\/a>.<\/p>\n","protected":false},"excerpt":{"rendered":"<p>El 14,83% del padr\u00f3n electoral nacional votar\u00e1n en elecciones provinciales que se realizar\u00e1n los pr\u00f3ximos tres domingos. Despu\u00e9s de las elecciones municipales que se realizaron en comunas de cuatro provincias, en los pr\u00f3ximos domingos de septiembre se movilizar\u00e1n 5.312.472 votantes para elegir gobernador por los pr\u00f3ximos cuatro a\u00f1os. Con posibilidades de una reelecci\u00f3n y el [&hellip;]<\/p>\n","protected":false},"author":2,"featured_media":2026,"comment_status":"closed","ping_status":"","sticky":false,"template":"","format":"standard","meta":{"footnotes":""},"categories":[12],"tags":[],"_links":{"self":[{"href":"https:\/\/maxradio923.com.ar\/index.php\/wp-json\/wp\/v2\/posts\/1988"}],"collection":[{"href":"https:\/\/maxradio923.com.ar\/index.php\/wp-json\/wp\/v2\/posts"}],"about":[{"href":"https:\/\/maxradio923.com.ar\/index.php\/wp-json\/wp\/v2\/types\/post"}],"author":[{"embeddable":true,"href":"https:\/\/maxradio923.com.ar\/index.php\/wp-json\/wp\/v2\/users\/2"}],"replies":[{"embeddable":true,"href":"https:\/\/maxradio923.com.ar\/index.php\/wp-json\/wp\/v2\/comments?post=1988"}],"version-history":[{"count":0,"href":"https:\/\/maxradio923.com.ar\/index.php\/wp-json\/wp\/v2\/posts\/1988\/revisions"}],"wp:featuredmedia":[{"embeddable":true,"href":"https:\/\/maxradio923.com.ar\/index.php\/wp-json\/wp\/v2\/media\/2026"}],"wp:attachment":[{"href":"https:\/\/maxradio923.com.ar\/index.php\/wp-json\/wp\/v2\/media?parent=1988"}],"wp:term":[{"taxonomy":"category","embeddable":true,"href":"https:\/\/maxradio923.com.ar\/index.php\/wp-json\/wp\/v2\/categories?post=1988"},{"taxonomy":"post_tag","embeddable":true,"href":"https:\/\/maxradio923.com.ar\/index.php\/wp-json\/wp\/v2\/tags?post=1988"}],"curies":[{"name":"wp","href":"https:\/\/api.w.org\/{rel}","templated":true}]}}