{"id":1962,"date":"2023-09-06T01:15:15","date_gmt":"2023-09-05T23:15:15","guid":{"rendered":"https:\/\/maxradio923.com\/index.php\/2023\/09\/06\/para-perotti-massa-sera-el-proximo-presidente-de-argentina\/"},"modified":"2023-09-06T01:15:15","modified_gmt":"2023-09-05T23:15:15","slug":"para-perotti-massa-sera-el-proximo-presidente-de-argentina","status":"publish","type":"post","link":"https:\/\/maxradio923.com.ar\/index.php\/2023\/09\/06\/para-perotti-massa-sera-el-proximo-presidente-de-argentina\/","title":{"rendered":"Para Perotti, Massa ser\u00e1 el pr\u00f3ximo presidente de Argentina"},"content":{"rendered":"<p><img decoding=\"async\" src=\"https:\/\/diariod3.com\/inicio\/wp-content\/uploads\/2023\/09\/massa-perotti.webp\"\/><\/p>\n<p>El<strong> gobernador de Santa Fe, Omar Perotti<\/strong>, manifest\u00f3 este martes su confianza en que el ministro de Econom\u00eda y <strong>candidato por Uni\u00f3n por la Patria (UxP), Sergio Massa<\/strong>, \u00abva a ser Presidente\u00bb, y consider\u00f3 que si el postulante oficialista no estuviera al frente de la cartera de Hacienda, el pa\u00eds \u00abser\u00eda un caos\u00bb.<\/p>\n<p>\u00abEl que est\u00e1 llevando adelante la econom\u00eda es quien va a ser presidente\u00bb, indic\u00f3 Perotti, quien opin\u00f3 que tener \u00abun ministro que es candidato es una fortaleza\u00bb para la coalici\u00f3n opositora.<\/p>\n<p>En ese sentido, afirm\u00f3 que \u00abcomo argentino, lo que he vivido en cada elecci\u00f3n nacional es que los que quieren ser presidentes y sus posibles funcionarios critican al ministro en funciones dici\u00e9ndole que est\u00e1 preparando una bomba para el otro Gobierno\u00bb.<\/p>\n<p>\u00abEntonces, ah\u00ed hay una correlaci\u00f3n que no tuvo ning\u00fan otro, en la preocupaci\u00f3n por ver c\u00f3mo las cosas se hacen de la mejor manera\u00bb, a\u00f1adi\u00f3 el gobernador en di\u00e1logo con radio Sol Play de la capital provincial.<\/p>\n<p>Adem\u00e1s, admiti\u00f3 que \u00abes un momento dif\u00edcil, sin dudas\u00bb, pero sostuvo que \u00ab<strong>no tengo ninguna duda de que si no estuviera, esto ser\u00eda un caos, si no estuviera Massa esto ser\u00eda un caos<\/strong>\u00ab.<\/p>\n<p>Sobre la <strong>actualidad econ\u00f3mica<\/strong>, dijo que hay que controlar el esquema de inflaci\u00f3n, pero remarc\u00f3 que \u00abel empleo ha seguido\u00bb y que \u00abmantener el nivel de actividad econ\u00f3mica es un m\u00e9rito enorme\u00bb.<\/p>\n<p>\u00abPero el otro m\u00e9rito tiene que ser que el<strong> pr\u00f3ximo mes la inflaci\u00f3n empiece a apuntar hacia abajo<\/strong>, que podamos tener estos acuerdos. Lo escuchaba (a Massa) hablar sobre el tema del pan, y que se pueda estar acordando es un valor importante\u00bb, complet\u00f3.<\/p>\n<p>Perotti apunt\u00f3 que \u00abcomo gobernador insist\u00ed para que Massa sea ministro\u00bb y record\u00f3 la situaci\u00f3n generada por la renuncia de Mart\u00edn Guzm\u00e1n del Ministerio de Econom\u00eda como \u00bb un momento de incertidumbre importante\u00bb.<\/p>\n<p>\u00abUno sent\u00eda que hac\u00eda falta alguien con equipos, con conocimiento de los sectores econ\u00f3micos del pa\u00eds y con relaciones en el exterior, y eso era Massa\u00bb, a\u00f1adi\u00f3.<\/p>\n<p>En cuanto a la <strong>campa\u00f1a de Marcelo Lewandowski como candidato a gobernador y la suya como primer postulante a diputado<\/strong>, de cara a las elecciones generales del pr\u00f3ximo domingo, Perotti destac\u00f3 que llegan \u00abtrabajando\u00bb.<\/p>\n<p>\u00abLlegamos en plena actividad, en campa\u00f1a, porque en la PASO pr\u00e1cticamente no hubo campa\u00f1a, concentramos todo en esta etapa, y llegamos como estamos trabajando, con 2.000 obras en toda la provincia\u00bb, indic\u00f3.<\/p>\n<p>Tras enumerar obras p\u00fablicas de los sectores de conectividad, energ\u00eda el\u00e9ctrica, gasoductos y agua potable, el mandatario dijo que \u00aben esto somos malos comunicando y mucho mejor trabajando\u00bb.<\/p>\n<p>\u00abNo relatamos las cosas, contamos lo que estamos haciendo\u00bb, explic\u00f3, y marc\u00f3 una diferencia con gobiernos anteriores, cuando \u00abcontaron, contaron, contaron, y no hay nada\u00bb.<\/p>\n<p>Fuente: T\u00c9LAM<br \/>\nPor: Graciela Herrera<\/p>\n<p>La entrada <a href=\"https:\/\/diariod3.com\/inicio\/para-perotti-massa-sera-el-proximo-presidente-de-argentina\/\" rel=\"noreferrer noopener\" target=\"_blank\">Para Perotti, Massa ser\u00e1 el pr\u00f3ximo presidente de Argentina<\/a> se public\u00f3 primero en <a href=\"https:\/\/diariod3.com\/inicio\" rel=\"noreferrer noopener\" target=\"_blank\">DIARIO D3 NOTICIAS<\/a>.<\/p>\n","protected":false},"excerpt":{"rendered":"<p>El gobernador de Santa Fe, Omar Perotti, manifest\u00f3 este martes su confianza en que el ministro de Econom\u00eda y candidato por Uni\u00f3n por la Patria (UxP), Sergio Massa, \u00abva a ser Presidente\u00bb, y consider\u00f3 que si el postulante oficialista no estuviera al frente de la cartera de Hacienda, el pa\u00eds \u00abser\u00eda un caos\u00bb. \u00abEl que [&hellip;]<\/p>\n","protected":false},"author":2,"featured_media":1963,"comment_status":"","ping_status":"","sticky":false,"template":"","format":"standard","meta":{"footnotes":""},"categories":[12],"tags":[],"_links":{"self":[{"href":"https:\/\/maxradio923.com.ar\/index.php\/wp-json\/wp\/v2\/posts\/1962"}],"collection":[{"href":"https:\/\/maxradio923.com.ar\/index.php\/wp-json\/wp\/v2\/posts"}],"about":[{"href":"https:\/\/maxradio923.com.ar\/index.php\/wp-json\/wp\/v2\/types\/post"}],"author":[{"embeddable":true,"href":"https:\/\/maxradio923.com.ar\/index.php\/wp-json\/wp\/v2\/users\/2"}],"replies":[{"embeddable":true,"href":"https:\/\/maxradio923.com.ar\/index.php\/wp-json\/wp\/v2\/comments?post=1962"}],"version-history":[{"count":0,"href":"https:\/\/maxradio923.com.ar\/index.php\/wp-json\/wp\/v2\/posts\/1962\/revisions"}],"wp:featuredmedia":[{"embeddable":true,"href":"https:\/\/maxradio923.com.ar\/index.php\/wp-json\/wp\/v2\/media\/1963"}],"wp:attachment":[{"href":"https:\/\/maxradio923.com.ar\/index.php\/wp-json\/wp\/v2\/media?parent=1962"}],"wp:term":[{"taxonomy":"category","embeddable":true,"href":"https:\/\/maxradio923.com.ar\/index.php\/wp-json\/wp\/v2\/categories?post=1962"},{"taxonomy":"post_tag","embeddable":true,"href":"https:\/\/maxradio923.com.ar\/index.php\/wp-json\/wp\/v2\/tags?post=1962"}],"curies":[{"name":"wp","href":"https:\/\/api.w.org\/{rel}","templated":true}]}}