{"id":1960,"date":"2023-09-06T01:15:14","date_gmt":"2023-09-05T23:15:14","guid":{"rendered":"https:\/\/maxradio923.com\/index.php\/2023\/09\/06\/massa-le-apunto-a-milei-por-negar-el-cambio-climatico-e-ironizo-sobre-el-vinculo-con-su-perro\/"},"modified":"2023-09-06T01:15:14","modified_gmt":"2023-09-05T23:15:14","slug":"massa-le-apunto-a-milei-por-negar-el-cambio-climatico-e-ironizo-sobre-el-vinculo-con-su-perro","status":"publish","type":"post","link":"https:\/\/maxradio923.com.ar\/index.php\/2023\/09\/06\/massa-le-apunto-a-milei-por-negar-el-cambio-climatico-e-ironizo-sobre-el-vinculo-con-su-perro\/","title":{"rendered":"Massa le apunt\u00f3 a Milei por negar el cambio clim\u00e1tico e ironiz\u00f3 sobre el v\u00ednculo con su perro"},"content":{"rendered":"<p><img decoding=\"async\" src=\"https:\/\/diariod3.com\/inicio\/wp-content\/uploads\/2023\/09\/1693802534448.jpg\"\/><\/p>\n<h2>El ministro de Econom\u00eda cerr\u00f3 una jornada de discusi\u00f3n sobre desarrollo econ\u00f3mico y cambio clim\u00e1tico con el anuncio de nuevas medidas.<\/h2>\n<p>En el cierre del <strong>Encuentro sobre Econom\u00eda Verde y Acci\u00f3n Clim\u00e1tica <\/strong>realizada en el CCK, <strong>Sergio Massa<\/strong> anunci\u00f3 un <strong>Acuerdo para la Acci\u00f3n Clim\u00e1tica <\/strong>que vincula medidas entre el <strong>Ministerio de Econom\u00eda<\/strong>, <strong>Ministerio de Trabajo <\/strong>y el <strong>Ministerio de Medio Ambiente<\/strong>, en busca de promover el desarrollo productivo contemplando el<strong> cambio clim\u00e1tico<\/strong>.<\/p>\n<p>El dirigente de <strong>Uni\u00f3n por la Patria <\/strong>destac\u00f3 el lanzamiento de una <strong>plataforma p\u00fablico-privada<\/strong> para el <strong>desarrollo sostenible<\/strong>, que promueve estrategias para la <strong>descarbonizaci\u00f3n<\/strong> y las <strong>transiciones en el sector productivo<\/strong>. \u00abQueremos decirles a los argentinos y al mundo que los argentinos estamos convencidos de que<strong> desarrollo y ambiente en equilibrio pueden convivir <\/strong>y pueden crecer\u00bb, sintetiz\u00f3 el ministro.<\/p>\n<p>Posteriormente, hizo referencia a los dichos de <strong>Javier Milei <\/strong>aparentados con el <strong>negacionismo clim\u00e1tico<\/strong>: \u00abEn plena campa\u00f1a y en una discusi\u00f3n de valores que va a tener el<strong> desarrollo de la Argentina <\/strong>en los pr\u00f3ximos a\u00f1os aparece quienes dicen que si un r\u00edo termina siendo contaminado se paga porque tiene un precio, con la misma liviandad que dicen que se puede vender un pulm\u00f3n. Para nosotros,<strong> un r\u00edo y un pulm\u00f3n no tienen precio<\/strong> porque tienen que ver con la vida\u00bb.<\/p>\n<p>\u00abEsta es la a<strong>genda del pa\u00eds en el que so\u00f1amos que vivan nuestros hijos<\/strong>. Niegan aquellos que no tienen hijos y que de alguna manera<strong> le hablan a los perros<\/strong> trat\u00e1ndolos como hijos. Los que tenemos hijos y entendemos que merecen vivir en un lugar y un ambiente cuidado, donde tengan posibilidad y oportunidad de desarrollo, sentimos que tenemos una responsabilidad para que la<strong> agenda ambiental <\/strong>sean parte de las<strong> pol\u00edticas p\u00fablicas<\/strong> en serio a la hora de gobernar\u00bb, a\u00f1adi\u00f3 <strong>Massa<\/strong>.<\/p>\n<p>En ese marco, postul\u00f3 que desde el oficialismo \u00abno creemos en el \u2018<strong>s\u00e1lvese qui\u00e9n pueda<\/strong>\u2018. Creemos que el planeta, que es el lugar donde vivimos, lo tenemos que salvar entre todos para que todos podamos vivir un poco mejor\u00bb. Por ello, propuso que \u00absomos una sociedad que cree en valores de convivencia y es muy importante plantearlo en este momento donde la <strong>agenda clim\u00e1tica<\/strong> se va a transversalizar y la pol\u00edtica va a estar obligada a opinar de estos temas\u00bb.<\/p>\n<p>Adem\u00e1s, anhel\u00f3 con un proyecto sostenible para \u00ab<strong>generar empleo verde<\/strong>, generar empresas con<strong> econom\u00eda circular<\/strong>, generar mecanismos donde la <strong>biotecnolog\u00eda <\/strong>termine siendo -a partir de la<strong> inversi\u00f3n del Estado<\/strong> en investigaci\u00f3n- motor de cambio para el <strong>cuidado del ambiente<\/strong> y una obligaci\u00f3n de las <strong>pol\u00edticas p\u00fablicas <\/strong>y del pensamiento del desarrollo econ\u00f3mico\u00bb.<\/p>\n<h2>Argentina y medio ambiente: el pa\u00eds ingresa al debate global<\/h2>\n<p>Durante su alocuci\u00f3n en el cierre del <strong>Encuentro sobre Econom\u00eda Verde y Acci\u00f3n Clim\u00e1tica,<\/strong> <strong>Sergio Massa <\/strong>explic\u00f3 tambi\u00e9n la importancia de la discusi\u00f3n del <strong>desarrollo sostenible<\/strong> y la<strong> transici\u00f3n energ\u00e9tica<\/strong> en el plano <strong>geopol\u00edtico<\/strong>. \u00abNo necesitamos construir una <strong>agenda de mitigaci\u00f3n <\/strong>porque centralmente somos<strong> acreedores globales a nivel ambiental<\/strong>, pero s\u00ed necesitamos construir una <strong>agenda de adaptaci\u00f3n<\/strong>\u00ab, precis\u00f3.<\/p>\n<p>\u00ab<strong>Somos un pa\u00eds deudor en lo financiero y acreedor en lo ambiental,<\/strong> en un mundo en donde la <strong>agenda econ\u00f3mica<\/strong> tambi\u00e9n est\u00e1 cruzada por las <strong>transiciones energ\u00e9tica<\/strong>s y por la aparici\u00f3n de los mecanismos de compensaci\u00f3n y los fondos de resiliencias alrededor de la <strong>crisis clim\u00e1tica <\/strong>y la <strong>crisis ambiental<\/strong>\u00ab, detall\u00f3.<\/p>\n<p>Finalmente, el <strong>ministro de Econom\u00eda<\/strong> indic\u00f3 que los mecanismos de compensaci\u00f3n a escala global tuvieron su origen en \u00abla constante reiteraci\u00f3n de <strong>huracanes<\/strong>, <strong>sequ\u00edas<\/strong> e <strong>inundaciones<\/strong> mostr\u00f3 que hab\u00eda un impacto que estaba adem\u00e1s destruyendo sobre todo en los pa\u00edses en v\u00edas de desarrollo\u00bb.<\/p>\n<p>Fuente: \u00c1MBITO<\/p>\n<p>Por: Graciela Herrera<\/p>\n<p>La entrada <a href=\"https:\/\/diariod3.com\/inicio\/massa-le-apunto-a-milei-por-negar-el-cambio-climatico-e-ironizo-sobre-el-vinculo-con-su-perro\/\" rel=\"noreferrer noopener\" target=\"_blank\">Massa le apunt\u00f3 a Milei por negar el cambio clim\u00e1tico e ironiz\u00f3 sobre el v\u00ednculo con su perro<\/a> se public\u00f3 primero en <a href=\"https:\/\/diariod3.com\/inicio\" rel=\"noreferrer noopener\" target=\"_blank\">DIARIO D3 NOTICIAS<\/a>.<\/p>\n","protected":false},"excerpt":{"rendered":"<p>El ministro de Econom\u00eda cerr\u00f3 una jornada de discusi\u00f3n sobre desarrollo econ\u00f3mico y cambio clim\u00e1tico con el anuncio de nuevas medidas. En el cierre del Encuentro sobre Econom\u00eda Verde y Acci\u00f3n Clim\u00e1tica realizada en el CCK, Sergio Massa anunci\u00f3 un Acuerdo para la Acci\u00f3n Clim\u00e1tica que vincula medidas entre el Ministerio de Econom\u00eda, Ministerio de [&hellip;]<\/p>\n","protected":false},"author":2,"featured_media":1961,"comment_status":"","ping_status":"","sticky":false,"template":"","format":"standard","meta":{"footnotes":""},"categories":[12],"tags":[],"_links":{"self":[{"href":"https:\/\/maxradio923.com.ar\/index.php\/wp-json\/wp\/v2\/posts\/1960"}],"collection":[{"href":"https:\/\/maxradio923.com.ar\/index.php\/wp-json\/wp\/v2\/posts"}],"about":[{"href":"https:\/\/maxradio923.com.ar\/index.php\/wp-json\/wp\/v2\/types\/post"}],"author":[{"embeddable":true,"href":"https:\/\/maxradio923.com.ar\/index.php\/wp-json\/wp\/v2\/users\/2"}],"replies":[{"embeddable":true,"href":"https:\/\/maxradio923.com.ar\/index.php\/wp-json\/wp\/v2\/comments?post=1960"}],"version-history":[{"count":0,"href":"https:\/\/maxradio923.com.ar\/index.php\/wp-json\/wp\/v2\/posts\/1960\/revisions"}],"wp:featuredmedia":[{"embeddable":true,"href":"https:\/\/maxradio923.com.ar\/index.php\/wp-json\/wp\/v2\/media\/1961"}],"wp:attachment":[{"href":"https:\/\/maxradio923.com.ar\/index.php\/wp-json\/wp\/v2\/media?parent=1960"}],"wp:term":[{"taxonomy":"category","embeddable":true,"href":"https:\/\/maxradio923.com.ar\/index.php\/wp-json\/wp\/v2\/categories?post=1960"},{"taxonomy":"post_tag","embeddable":true,"href":"https:\/\/maxradio923.com.ar\/index.php\/wp-json\/wp\/v2\/tags?post=1960"}],"curies":[{"name":"wp","href":"https:\/\/api.w.org\/{rel}","templated":true}]}}