{"id":19377,"date":"2024-03-12T08:55:47","date_gmt":"2024-03-12T11:55:47","guid":{"rendered":"https:\/\/maxradio923.com.ar\/index.php\/2024\/03\/12\/nueva-encuesta-sobre-gobernadores-malas-noticias-para-axel-kicillof-y-otro-furioso-anti-milei\/"},"modified":"2024-03-12T08:55:47","modified_gmt":"2024-03-12T11:55:47","slug":"nueva-encuesta-sobre-gobernadores-malas-noticias-para-axel-kicillof-y-otro-furioso-anti-milei","status":"publish","type":"post","link":"https:\/\/maxradio923.com.ar\/index.php\/2024\/03\/12\/nueva-encuesta-sobre-gobernadores-malas-noticias-para-axel-kicillof-y-otro-furioso-anti-milei\/","title":{"rendered":"Nueva encuesta sobre gobernadores: malas noticias para Axel Kicillof y otro furioso anti Milei"},"content":{"rendered":"<ul>\n<li>Es un estudio de CB Consultora Opini\u00f3n P\u00fablica.<\/li>\n<li>Evalu\u00f3 la imagen de los 24 mandatarios en sus provincias.<\/li>\n<\/ul>\n","protected":false},"excerpt":{"rendered":"<p>Es un estudio de CB Consultora Opini\u00f3n P\u00fablica.Evalu\u00f3 la imagen de los 24 mandatarios en sus provincias.<\/p>\n","protected":false},"author":2,"featured_media":19378,"comment_status":"","ping_status":"","sticky":false,"template":"","format":"standard","meta":{"footnotes":""},"categories":[7],"tags":[],"_links":{"self":[{"href":"https:\/\/maxradio923.com.ar\/index.php\/wp-json\/wp\/v2\/posts\/19377"}],"collection":[{"href":"https:\/\/maxradio923.com.ar\/index.php\/wp-json\/wp\/v2\/posts"}],"about":[{"href":"https:\/\/maxradio923.com.ar\/index.php\/wp-json\/wp\/v2\/types\/post"}],"author":[{"embeddable":true,"href":"https:\/\/maxradio923.com.ar\/index.php\/wp-json\/wp\/v2\/users\/2"}],"replies":[{"embeddable":true,"href":"https:\/\/maxradio923.com.ar\/index.php\/wp-json\/wp\/v2\/comments?post=19377"}],"version-history":[{"count":0,"href":"https:\/\/maxradio923.com.ar\/index.php\/wp-json\/wp\/v2\/posts\/19377\/revisions"}],"wp:featuredmedia":[{"embeddable":true,"href":"https:\/\/maxradio923.com.ar\/index.php\/wp-json\/wp\/v2\/media\/19378"}],"wp:attachment":[{"href":"https:\/\/maxradio923.com.ar\/index.php\/wp-json\/wp\/v2\/media?parent=19377"}],"wp:term":[{"taxonomy":"category","embeddable":true,"href":"https:\/\/maxradio923.com.ar\/index.php\/wp-json\/wp\/v2\/categories?post=19377"},{"taxonomy":"post_tag","embeddable":true,"href":"https:\/\/maxradio923.com.ar\/index.php\/wp-json\/wp\/v2\/tags?post=19377"}],"curies":[{"name":"wp","href":"https:\/\/api.w.org\/{rel}","templated":true}]}}