{"id":19329,"date":"2024-03-11T09:16:05","date_gmt":"2024-03-11T12:16:05","guid":{"rendered":"https:\/\/maxradio923.com.ar\/index.php\/2024\/03\/11\/expertos-ambientales-evaluaran-los-azules-en-abril-para-avanzar-con-proyecto-minero\/"},"modified":"2024-03-11T09:16:05","modified_gmt":"2024-03-11T12:16:05","slug":"expertos-ambientales-evaluaran-los-azules-en-abril-para-avanzar-con-proyecto-minero","status":"publish","type":"post","link":"https:\/\/maxradio923.com.ar\/index.php\/2024\/03\/11\/expertos-ambientales-evaluaran-los-azules-en-abril-para-avanzar-con-proyecto-minero\/","title":{"rendered":"Expertos Ambientales Evaluar\u00e1n Los Azules en Abril para Avanzar con Proyecto Minero"},"content":{"rendered":"<p><img decoding=\"async\" src=\"https:\/\/diariod3.com\/wp-content\/uploads\/2024\/03\/los-azules-dji_0218-1jpg.png\"\/><\/p>\n<p>La Comisi\u00f3n Interdisciplinaria de Evaluaci\u00f3n Ambiental Minera (CIEAM) tiene programada su primera visita al proyecto minero Los Azules, uno de los mayores yacimientos de cobre del mundo, a mediados de abril.<\/p>\n<p>La empresa a cargo del proyecto ha adoptado un nuevo formato de trabajo, presentando informes t\u00e9cnicos semanalmente, acelerando as\u00ed el proceso, mientras que la CIEAM mantiene su enfoque exhaustivo. La evaluaci\u00f3n ambiental de Los Azules se inici\u00f3 con la presentaci\u00f3n del Informe de Impacto Ambiental en abril del a\u00f1o anterior.<\/p>\n<p>La visita de los especialistas al lugar, ubicado en la cordillera calingastina a m\u00e1s de 3.600 metros sobre el nivel del mar, tiene como objetivo verificar los datos presentados por la empresa en temas como calidad de agua, aire, flora y fauna. Al adelantar la visita antes del invierno, se espera no solo ahorrar tiempo sino tambi\u00e9n permitir la continuaci\u00f3n del proceso durante la temporada baja, realizando pedidos ampliatorios.<\/p>\n<p>El proyecto Los Azules, operado por Andes Corp, subsidiaria de la canadiense McEwen, se destaca como el segundo yacimiento de cobre con mayores reservas en la provincia. Con una inversi\u00f3n proyectada de 2.300 a 2.500 millones de d\u00f3lares, se prev\u00e9 que la operaci\u00f3n pueda comenzar tras obtener la Declaraci\u00f3n de Impacto Ambiental. Ubicado en Calingasta, a 3.600 metros sobre el nivel del mar, se estima que el proyecto generar\u00e1 empleo directo para alrededor de 2.000 trabajadores, produciendo placas de cobre listas para la venta.<\/p>\n<p>Op: Juan Llarena<\/p>\n<p>La entrada Expertos Ambientales Evaluar\u00e1n Los Azules en Abril para Avanzar con Proyecto Minero se public\u00f3 primero en DIARIO D3 NOTICIAS | SAN JUAN ARGENTINA.<\/p>\n","protected":false},"excerpt":{"rendered":"<p>La Comisi\u00f3n Interdisciplinaria de Evaluaci\u00f3n Ambiental Minera (CIEAM) tiene programada su primera visita al proyecto minero Los Azules, uno de los mayores yacimientos de cobre del mundo, a mediados de abril.<br \/>\n La empresa a cargo del proyecto ha adoptado un nuevo formato de trabajo, presentando informes t\u00e9cnicos semanalmente, acelerando as\u00ed el proceso, mientras que la CIEAM mantiene su enfoque exhaustivo. La evaluaci\u00f3n ambiental de Los Azules se inici\u00f3 con la presentaci\u00f3n del Informe de Impacto Ambiental en abril del a\u00f1o anterior.<br \/>\n La visita de los especialistas al lugar, ubicado en la cordillera calingastina a m\u00e1s de 3.600 metros sobre el nivel del mar, tiene como objetivo verificar los datos presentados por la empresa en temas como calidad de agua, aire, flora y fauna. Al adelantar la visita antes del invierno, se espera no solo ahorrar tiempo sino tambi\u00e9n permitir la continuaci\u00f3n del proceso durante la temporada baja, realizando pedidos ampliatorios.<br \/>\n El proyecto Los Azules, operado p..<\/p>\n","protected":false},"author":2,"featured_media":19330,"comment_status":"","ping_status":"","sticky":false,"template":"","format":"standard","meta":{"footnotes":""},"categories":[8],"tags":[],"_links":{"self":[{"href":"https:\/\/maxradio923.com.ar\/index.php\/wp-json\/wp\/v2\/posts\/19329"}],"collection":[{"href":"https:\/\/maxradio923.com.ar\/index.php\/wp-json\/wp\/v2\/posts"}],"about":[{"href":"https:\/\/maxradio923.com.ar\/index.php\/wp-json\/wp\/v2\/types\/post"}],"author":[{"embeddable":true,"href":"https:\/\/maxradio923.com.ar\/index.php\/wp-json\/wp\/v2\/users\/2"}],"replies":[{"embeddable":true,"href":"https:\/\/maxradio923.com.ar\/index.php\/wp-json\/wp\/v2\/comments?post=19329"}],"version-history":[{"count":0,"href":"https:\/\/maxradio923.com.ar\/index.php\/wp-json\/wp\/v2\/posts\/19329\/revisions"}],"wp:featuredmedia":[{"embeddable":true,"href":"https:\/\/maxradio923.com.ar\/index.php\/wp-json\/wp\/v2\/media\/19330"}],"wp:attachment":[{"href":"https:\/\/maxradio923.com.ar\/index.php\/wp-json\/wp\/v2\/media?parent=19329"}],"wp:term":[{"taxonomy":"category","embeddable":true,"href":"https:\/\/maxradio923.com.ar\/index.php\/wp-json\/wp\/v2\/categories?post=19329"},{"taxonomy":"post_tag","embeddable":true,"href":"https:\/\/maxradio923.com.ar\/index.php\/wp-json\/wp\/v2\/tags?post=19329"}],"curies":[{"name":"wp","href":"https:\/\/api.w.org\/{rel}","templated":true}]}}