{"id":19327,"date":"2024-03-11T09:16:00","date_gmt":"2024-03-11T12:16:00","guid":{"rendered":"https:\/\/maxradio923.com.ar\/index.php\/2024\/03\/11\/urgente-desaparicion-de-adolescente-de-16-anos\/"},"modified":"2024-03-11T09:16:00","modified_gmt":"2024-03-11T12:16:00","slug":"urgente-desaparicion-de-adolescente-de-16-anos","status":"publish","type":"post","link":"https:\/\/maxradio923.com.ar\/index.php\/2024\/03\/11\/urgente-desaparicion-de-adolescente-de-16-anos\/","title":{"rendered":"Urgente: Desaparici\u00f3n de Adolescente de 16 A\u00f1os"},"content":{"rendered":"<p><img decoding=\"async\" src=\"https:\/\/diariod3.com\/wp-content\/uploads\/2024\/03\/adolescente-san-juanjpg.png\"\/><\/p>\n<p>El adolescente fue visto por \u00faltima vez alrededor de las 22:30 del domingo 10 de marzo en la zona de avenida Libertador. La familia est\u00e1 preocupada por su ausencia y solicita la ayuda de cualquier persona que pueda tener informaci\u00f3n sobre su paradero.<\/p>\n<p>Si tienes alguna informaci\u00f3n que pueda ser relevante, se insta a contactar con el n\u00famero de emergencia 911 de inmediato. La colaboraci\u00f3n de la comunidad es crucial en situaciones como esta para asegurar la pronta ubicaci\u00f3n y retorno seguro del joven desaparecido.<\/p>\n<p>Op: Juan Llarena<\/p>\n<p>La entrada Urgente: Desaparici\u00f3n de Adolescente de 16 A\u00f1os se public\u00f3 primero en DIARIO D3 NOTICIAS | SAN JUAN ARGENTINA.<\/p>\n","protected":false},"excerpt":{"rendered":"<p>El adolescente fue visto por \u00faltima vez alrededor de las 22:30 del domingo 10 de marzo en la zona de avenida Libertador. La familia est\u00e1 preocupada por su ausencia y solicita la ayuda de cualquier persona que pueda tener informaci\u00f3n sobre su paradero.<br \/>\n Si tienes alguna informaci\u00f3n que pueda ser relevante, se insta a contactar con el n\u00famero de emergencia 911 de inmediato. La colaboraci\u00f3n de la comunidad es crucial en situaciones como esta para asegurar la pronta ubicaci\u00f3n y retorno seguro del joven desaparecido.<br \/>\n Op: Juan Llarena<br \/>\n La entrada Urgente: Desaparici\u00f3n de Adolescente de 16 A\u00f1os se public\u00f3 primero en DIARIO D3 NOTICIAS | SAN JUAN ARGENTINA.<\/p>\n","protected":false},"author":2,"featured_media":19328,"comment_status":"","ping_status":"","sticky":false,"template":"","format":"standard","meta":{"footnotes":""},"categories":[8],"tags":[],"_links":{"self":[{"href":"https:\/\/maxradio923.com.ar\/index.php\/wp-json\/wp\/v2\/posts\/19327"}],"collection":[{"href":"https:\/\/maxradio923.com.ar\/index.php\/wp-json\/wp\/v2\/posts"}],"about":[{"href":"https:\/\/maxradio923.com.ar\/index.php\/wp-json\/wp\/v2\/types\/post"}],"author":[{"embeddable":true,"href":"https:\/\/maxradio923.com.ar\/index.php\/wp-json\/wp\/v2\/users\/2"}],"replies":[{"embeddable":true,"href":"https:\/\/maxradio923.com.ar\/index.php\/wp-json\/wp\/v2\/comments?post=19327"}],"version-history":[{"count":0,"href":"https:\/\/maxradio923.com.ar\/index.php\/wp-json\/wp\/v2\/posts\/19327\/revisions"}],"wp:featuredmedia":[{"embeddable":true,"href":"https:\/\/maxradio923.com.ar\/index.php\/wp-json\/wp\/v2\/media\/19328"}],"wp:attachment":[{"href":"https:\/\/maxradio923.com.ar\/index.php\/wp-json\/wp\/v2\/media?parent=19327"}],"wp:term":[{"taxonomy":"category","embeddable":true,"href":"https:\/\/maxradio923.com.ar\/index.php\/wp-json\/wp\/v2\/categories?post=19327"},{"taxonomy":"post_tag","embeddable":true,"href":"https:\/\/maxradio923.com.ar\/index.php\/wp-json\/wp\/v2\/tags?post=19327"}],"curies":[{"name":"wp","href":"https:\/\/api.w.org\/{rel}","templated":true}]}}