{"id":19319,"date":"2024-03-11T09:15:36","date_gmt":"2024-03-11T12:15:36","guid":{"rendered":"https:\/\/maxradio923.com.ar\/index.php\/2024\/03\/11\/detienen-a-un-hombre-de-68-anos-por-choque-en-estado-de-ebriedad-en-rivadavia\/"},"modified":"2024-03-11T09:15:36","modified_gmt":"2024-03-11T12:15:36","slug":"detienen-a-un-hombre-de-68-anos-por-choque-en-estado-de-ebriedad-en-rivadavia","status":"publish","type":"post","link":"https:\/\/maxradio923.com.ar\/index.php\/2024\/03\/11\/detienen-a-un-hombre-de-68-anos-por-choque-en-estado-de-ebriedad-en-rivadavia\/","title":{"rendered":"Detienen a un Hombre de 68 A\u00f1os por Choque en Estado de Ebriedad en Rivadavia"},"content":{"rendered":"\n<p>La noche se vio interrumpida por un incidente vial cuando un hombre de 68 a\u00f1os, identificado como P\u00e1ez, fue aprehendido tras protagonizar un choque en estado de ebriedad en Rivadavia.<\/p>\n<p>Seg\u00fan informes policiales, el incidente tuvo lugar en la calle Espejo, donde P\u00e1ez, al volante de un furg\u00f3n marca Volkswagen y viajando en direcci\u00f3n al Sur, colision\u00f3 con un Fiat Cronos conducido por una mujer de 50 a\u00f1os.<\/p>\n<p>Luego del impacto, el personal de la D-7 realiz\u00f3 una prueba de alcoholemia a P\u00e1ez en la comisar\u00eda 13ra, la cual arroj\u00f3 un resultado positivo. Como consecuencia, el individuo fue detenido y qued\u00f3 alojado en dicha sede policial, mientras se le elaboraba un acta de infracci\u00f3n con la intervenci\u00f3n del Segundo Juzgado de Faltas.<\/p>\n<p>Hasta el momento, no se ha proporcionado informaci\u00f3n sobre el estado de salud de los involucrados en el accidente.<\/p>\n","protected":false},"excerpt":{"rendered":"<p>La noche se vio interrumpida por un incidente vial cuando un hombre de 68 a\u00f1os, identificado como P\u00e1ez, fue aprehendido tras protagonizar un choque en estado de ebriedad en Rivadavia.<br \/>\n Seg\u00fan informes policiales, el incidente tuvo lugar en la calle Espejo, donde P\u00e1ez, al volante de un furg\u00f3n marca Volkswagen y viajando en direcci\u00f3n al Sur, colision\u00f3 con un Fiat Cronos conducido por una mujer de 50 a\u00f1os.<br \/>\n Luego del impacto, el personal de la D-7 realiz\u00f3 una prueba de alcoholemia a P\u00e1ez en la comisar\u00eda 13ra, la cual arroj\u00f3 un resultado positivo. Como consecuencia, el individuo fue detenido y qued\u00f3 alojado en dicha sede policial, mientras se le elaboraba un acta de infracci\u00f3n con la intervenci\u00f3n del Segundo Juzgado de Faltas.<br \/>\n Hasta el momento, no se ha proporcionado informaci\u00f3n sobre el estado de salud de los involucrados en el accidente.<\/p>\n","protected":false},"author":2,"featured_media":19320,"comment_status":"","ping_status":"","sticky":false,"template":"","format":"standard","meta":{"footnotes":""},"categories":[5],"tags":[],"_links":{"self":[{"href":"https:\/\/maxradio923.com.ar\/index.php\/wp-json\/wp\/v2\/posts\/19319"}],"collection":[{"href":"https:\/\/maxradio923.com.ar\/index.php\/wp-json\/wp\/v2\/posts"}],"about":[{"href":"https:\/\/maxradio923.com.ar\/index.php\/wp-json\/wp\/v2\/types\/post"}],"author":[{"embeddable":true,"href":"https:\/\/maxradio923.com.ar\/index.php\/wp-json\/wp\/v2\/users\/2"}],"replies":[{"embeddable":true,"href":"https:\/\/maxradio923.com.ar\/index.php\/wp-json\/wp\/v2\/comments?post=19319"}],"version-history":[{"count":0,"href":"https:\/\/maxradio923.com.ar\/index.php\/wp-json\/wp\/v2\/posts\/19319\/revisions"}],"wp:featuredmedia":[{"embeddable":true,"href":"https:\/\/maxradio923.com.ar\/index.php\/wp-json\/wp\/v2\/media\/19320"}],"wp:attachment":[{"href":"https:\/\/maxradio923.com.ar\/index.php\/wp-json\/wp\/v2\/media?parent=19319"}],"wp:term":[{"taxonomy":"category","embeddable":true,"href":"https:\/\/maxradio923.com.ar\/index.php\/wp-json\/wp\/v2\/categories?post=19319"},{"taxonomy":"post_tag","embeddable":true,"href":"https:\/\/maxradio923.com.ar\/index.php\/wp-json\/wp\/v2\/tags?post=19319"}],"curies":[{"name":"wp","href":"https:\/\/api.w.org\/{rel}","templated":true}]}}