{"id":19257,"date":"2024-03-09T13:10:50","date_gmt":"2024-03-09T16:10:50","guid":{"rendered":"https:\/\/maxradio923.com.ar\/index.php\/2024\/03\/09\/patricia-bullrich-hizo-una-carta-abierta-en-medio-de-la-crisis-de-violencia-narco-rosario-sangra-y-no-puede-esperar-mas\/"},"modified":"2024-03-09T13:10:50","modified_gmt":"2024-03-09T16:10:50","slug":"patricia-bullrich-hizo-una-carta-abierta-en-medio-de-la-crisis-de-violencia-narco-rosario-sangra-y-no-puede-esperar-mas","status":"publish","type":"post","link":"https:\/\/maxradio923.com.ar\/index.php\/2024\/03\/09\/patricia-bullrich-hizo-una-carta-abierta-en-medio-de-la-crisis-de-violencia-narco-rosario-sangra-y-no-puede-esperar-mas\/","title":{"rendered":"Patricia Bullrich hizo una carta abierta en medio de la crisis de violencia narco: &#8220;Rosario sangra y no puede esperar m\u00e1s&#8221;"},"content":{"rendered":"<p><img decoding=\"async\" alt=\"El taxi manejado por una de las v\u00edctimas de los ataques narco (Foto Juan Jos\u00e9 Garc\u00eda)\" src=\"https:\/\/www.clarin.com\/img\/2024\/03\/06\/b8-R-hhc8_720x0__1.jpg\"\/>El taxi manejado por una de las v\u00edctimas de los ataques narco (Foto Juan Jos\u00e9 Garc\u00eda)<img decoding=\"async\" alt=\"Allanamientos en Rosario por los cr\u00edmenes de los taxistas.\" src=\"https:\/\/www.clarin.com\/img\/2024\/03\/08\/N9leJO-Z1_720x0__1.jpg\"\/>Allanamientos en Rosario por los cr\u00edmenes de los taxistas.<\/p>\n","protected":false},"excerpt":{"rendered":"<p>El taxi manejado por una de las v\u00edctimas de los ataques narco (Foto Juan Jos\u00e9 Garc\u00eda)Allanamientos en Rosario por los cr\u00edmenes de los taxistas.<\/p>\n","protected":false},"author":2,"featured_media":19258,"comment_status":"","ping_status":"","sticky":false,"template":"","format":"standard","meta":{"footnotes":""},"categories":[7],"tags":[],"_links":{"self":[{"href":"https:\/\/maxradio923.com.ar\/index.php\/wp-json\/wp\/v2\/posts\/19257"}],"collection":[{"href":"https:\/\/maxradio923.com.ar\/index.php\/wp-json\/wp\/v2\/posts"}],"about":[{"href":"https:\/\/maxradio923.com.ar\/index.php\/wp-json\/wp\/v2\/types\/post"}],"author":[{"embeddable":true,"href":"https:\/\/maxradio923.com.ar\/index.php\/wp-json\/wp\/v2\/users\/2"}],"replies":[{"embeddable":true,"href":"https:\/\/maxradio923.com.ar\/index.php\/wp-json\/wp\/v2\/comments?post=19257"}],"version-history":[{"count":0,"href":"https:\/\/maxradio923.com.ar\/index.php\/wp-json\/wp\/v2\/posts\/19257\/revisions"}],"wp:featuredmedia":[{"embeddable":true,"href":"https:\/\/maxradio923.com.ar\/index.php\/wp-json\/wp\/v2\/media\/19258"}],"wp:attachment":[{"href":"https:\/\/maxradio923.com.ar\/index.php\/wp-json\/wp\/v2\/media?parent=19257"}],"wp:term":[{"taxonomy":"category","embeddable":true,"href":"https:\/\/maxradio923.com.ar\/index.php\/wp-json\/wp\/v2\/categories?post=19257"},{"taxonomy":"post_tag","embeddable":true,"href":"https:\/\/maxradio923.com.ar\/index.php\/wp-json\/wp\/v2\/tags?post=19257"}],"curies":[{"name":"wp","href":"https:\/\/api.w.org\/{rel}","templated":true}]}}