{"id":19251,"date":"2024-03-09T13:07:53","date_gmt":"2024-03-09T16:07:53","guid":{"rendered":"https:\/\/maxradio923.com.ar\/index.php\/2024\/03\/09\/segun-el-servicio-meteorologico-nacional-en-san-juan-la-maxima-de-hoy-sera-de-31c\/"},"modified":"2024-03-09T13:07:53","modified_gmt":"2024-03-09T16:07:53","slug":"segun-el-servicio-meteorologico-nacional-en-san-juan-la-maxima-de-hoy-sera-de-31c","status":"publish","type":"post","link":"https:\/\/maxradio923.com.ar\/index.php\/2024\/03\/09\/segun-el-servicio-meteorologico-nacional-en-san-juan-la-maxima-de-hoy-sera-de-31c\/","title":{"rendered":"Seg\u00fan el Servicio Meteorol\u00f3gico Nacional, en San Juan la m\u00e1xima de hoy ser\u00e1 de 31\u00b0C"},"content":{"rendered":"<p><img decoding=\"async\" src=\"https:\/\/diariod3.com\/wp-content\/uploads\/2024\/03\/Calor-en-San-Juan.webp\"\/>   Un s\u00e1bado agradable se espera para esta jornada, seg\u00fan lo que marca el Servicio Meteorol\u00f3gico Nacional en su p\u00e1gina oficial. Para este s\u00e1bado 9 de marzo la m\u00e1xima trepar\u00e1 hasta los 31\u00b0C mientras que la m\u00ednima ser\u00e1 de 21\u00b0C.           <\/p>\n<p>La jornada se presentar\u00e1 con cielo algo a parcialmente nublado y el viento predominante ser\u00e1 del sector sur con r\u00e1fagas que ir\u00e1n entre 30  y 40 kil\u00f3metros por hora.<\/p>\n<p>Para el domingo las condiciones no cambiar\u00e1n demasiado, aunque la temperatura m\u00e1xima ser\u00e1 de 35 grados y la m\u00ednima de 21.<\/p>\n<figure><img decoding=\"async\" src=\"https:\/\/www.diariodecuyo.com.ar\/export\/sites\/diariodecuyo\/img\/2024\/03\/09\/a.png_1794836780.png\"\/><\/figure>\n<p>La entrada Seg\u00fan el Servicio Meteorol\u00f3gico Nacional, en San Juan la m\u00e1xima de hoy ser\u00e1 de 31\u00b0C se public\u00f3 primero en DIARIO D3 NOTICIAS | SAN JUAN ARGENTINA.<\/p>\n","protected":false},"excerpt":{"rendered":"<p>Un s\u00e1bado agradable se espera para esta jornada, seg\u00fan lo que marca el Servicio Meteorol\u00f3gico Nacional en su p\u00e1gina oficial. Para este s\u00e1bado 9 de marzo la m\u00e1xima trepar\u00e1 hasta los 31\u00b0C mientras que la m\u00ednima ser\u00e1 de 21\u00b0C. La jornada se presentar\u00e1 con cielo algo a parcialmente nublado y el viento predominante ser\u00e1 del sector sur con r\u00e1fagas que ir\u00e1n entre 30 y 40 kil\u00f3metros por hora.<br \/>\n Para el domingo las condiciones no cambiar\u00e1n demasiado, aunque la temperatura m\u00e1xima ser\u00e1 de 35 grados y la m\u00ednima de 21.<br \/>\n La entrada Seg\u00fan el Servicio Meteorol\u00f3gico Nacional, en San Juan la m\u00e1xima de hoy ser\u00e1 de 31\u00b0C se public\u00f3 primero en DIARIO D3 NOTICIAS | SAN JUAN ARGENTINA.<\/p>\n","protected":false},"author":2,"featured_media":19252,"comment_status":"","ping_status":"","sticky":false,"template":"","format":"standard","meta":{"footnotes":""},"categories":[8],"tags":[],"_links":{"self":[{"href":"https:\/\/maxradio923.com.ar\/index.php\/wp-json\/wp\/v2\/posts\/19251"}],"collection":[{"href":"https:\/\/maxradio923.com.ar\/index.php\/wp-json\/wp\/v2\/posts"}],"about":[{"href":"https:\/\/maxradio923.com.ar\/index.php\/wp-json\/wp\/v2\/types\/post"}],"author":[{"embeddable":true,"href":"https:\/\/maxradio923.com.ar\/index.php\/wp-json\/wp\/v2\/users\/2"}],"replies":[{"embeddable":true,"href":"https:\/\/maxradio923.com.ar\/index.php\/wp-json\/wp\/v2\/comments?post=19251"}],"version-history":[{"count":0,"href":"https:\/\/maxradio923.com.ar\/index.php\/wp-json\/wp\/v2\/posts\/19251\/revisions"}],"wp:featuredmedia":[{"embeddable":true,"href":"https:\/\/maxradio923.com.ar\/index.php\/wp-json\/wp\/v2\/media\/19252"}],"wp:attachment":[{"href":"https:\/\/maxradio923.com.ar\/index.php\/wp-json\/wp\/v2\/media?parent=19251"}],"wp:term":[{"taxonomy":"category","embeddable":true,"href":"https:\/\/maxradio923.com.ar\/index.php\/wp-json\/wp\/v2\/categories?post=19251"},{"taxonomy":"post_tag","embeddable":true,"href":"https:\/\/maxradio923.com.ar\/index.php\/wp-json\/wp\/v2\/tags?post=19251"}],"curies":[{"name":"wp","href":"https:\/\/api.w.org\/{rel}","templated":true}]}}