{"id":19249,"date":"2024-03-09T13:07:52","date_gmt":"2024-03-09T16:07:52","guid":{"rendered":"https:\/\/maxradio923.com.ar\/index.php\/2024\/03\/09\/conectar-lab-comienzan-los-talleres-gratuitos\/"},"modified":"2024-03-09T13:07:52","modified_gmt":"2024-03-09T16:07:52","slug":"conectar-lab-comienzan-los-talleres-gratuitos","status":"publish","type":"post","link":"https:\/\/maxradio923.com.ar\/index.php\/2024\/03\/09\/conectar-lab-comienzan-los-talleres-gratuitos\/","title":{"rendered":"Conectar LAB: comienzan los talleres gratuitos"},"content":{"rendered":"<p><img decoding=\"async\" src=\"https:\/\/diariod3.com\/wp-content\/uploads\/2024\/03\/conectar.jpg\"\/> Los interesados deben inscribirse, ya que tienen cupos limitados.        <img decoding=\"async\" src=\"https:\/\/sisanjuan.b-cdn.net\/media\/k2\/items\/cache\/712b8dbb0944f422a75bf57fd0104e94_L.jpg\" alt=\"Conectar LAB: comienzan los talleres gratuitos\"\/>    <\/p>\n<p>El Centro de innovaci\u00f3n y educaci\u00f3n Conectar LAB, ubicado en Las Heras norte esquina Juan B. Alberdi, Capital, San Juan, brinda talleres gratuitos, para estudiantes, docentes y referentes pedag\u00f3gicos de la provincia.<\/p>\n<p>Se desarrollar\u00e1n durante 4 o m\u00e1s encuentros, con una duraci\u00f3n de dos horas aproximadamente, en los que se trabaja de manera procesual y continua un contenido espec\u00edfico.<\/p>\n<p>Las actividades se desarrollan en un solo encuentro, con una carga horaria de una hora y media, terminan en el d\u00eda y se repetir\u00e1n a lo largo de marzo.<\/p>\n<ul>\n<li><strong>PodcastExpress: \u00bfTESUENA?<\/strong><\/li>\n<\/ul>\n<p>Se trabajar\u00e1 a trav\u00e9s del contacto, experimentaci\u00f3n y uso de herramientas digitales y compositivas, los j\u00f3venes ser\u00e1n orientados a la creaci\u00f3n de producciones sonoras originales partiendo de diversas tem\u00e1ticas de su inter\u00e9s. Comienzaeljueves14demarzo.<\/p>\n<p>D\u00edas y horarios: cada Jueves de 11 a 12<\/p>\n<p>Total de encuentros: 5 encuentros, de una hora cada uno<\/p>\n<p>Para chicos de 15 a 18 a\u00f1os<\/p>\n<p>Link de inscripci\u00f3n: https:\/\/docs.google.com\/forms\/d\/113EDqk50DUhTRY5vLWehKmsebnmkALKDQc LlVg8eqtw\/edit<\/p>\n<ul>\n<li>Enfoca tu historia<\/li>\n<\/ul>\n<p>Se trabajar\u00e1 en destacar la importancia de contar historias a trav\u00e9s de la fotograf\u00eda, generando un relato fotogr\u00e1fico. Aprender\u00e1n a utilizar una aplicaci\u00f3n de fotograf\u00eda en su dispositivo m\u00f3vil o c\u00e1mara manual, comprendiendo los principios b\u00e1sicos de la fotograf\u00eda y c\u00f3mo aplicarlos para capturar im\u00e1genes impactantes. Comienzaelmi\u00e9rcoles13demarzo<\/p>\n<p>. D\u00edasyhorarios: cada Mi\u00e9rcoles de 14 a 15<\/p>\n<p>Total de encuentros: 5 encuentros, de una hora cada uno<\/p>\n<p>Para chicos de 16 a 18 a\u00f1os<\/p>\n<p>Link de inscripci\u00f3n: https:\/\/docs.google.com\/forms\/d\/1T14VgBbCV75lZCAlG0rTlOUjC03FSv0MzrT2g_6 Q_-E\/edit<\/p>\n<ul>\n<li><strong>Sem\u00e1foro con Programaci\u00f3n<\/strong><\/li>\n<\/ul>\n<p>Se pretende realizar equipos de diversi\u00f3n y trabajo para lograr el armado de un circuito simple, desde el dise\u00f1o y construcci\u00f3n con luces led, resistencias y cables de conexi\u00f3n protoboard, simulando las conexiones prototipo de un sem\u00e1foro, que luego cargando un c\u00f3digo de programaci\u00f3n podr\u00e1 funcionar como tal.<\/p>\n<p>D\u00edas y horarios: desde el viernes 15 de marzo de 14 a 14:40hs<\/p>\n<p>Total de encuentros:1 encuentro de 40 minutos<\/p>\n<p>Para chicos y chicas de 12 a 18 a\u00f1os<\/p>\n<p>Link de inscripci\u00f3n: https:\/\/docs.google.com\/forms\/d\/19pTrIhEgxKuiTwlj3ZzMeTroif6bD30mqXYr7 b83DuA\/edit<\/p>\n<ul>\n<li>Empat\u00eda en colores<\/li>\n<\/ul>\n<p>Esta es una actividad de dibujo donde los ni\u00f1os y las ni\u00f1as explorar\u00e1n la empat\u00eda y el compa\u00f1erismo a trav\u00e9s de la creaci\u00f3n de obras de arte coloridas y significativas. Durante la misma, los ni\u00f1os y las ni\u00f1as tendr\u00e1n la oportunidad de sumergirse en la experiencia de ponerse en el lugar del otro\/a, de comprender y compartir emociones a trav\u00e9s del arte. Combinando colores, formas y l\u00edneas, descubrir\u00e1n c\u00f3mo expresar y transmitir sentimientos de manera visual.<\/p>\n<p>D\u00edas y horarios: desde el Martes 12 de marzo de 10 a 12hs Totaldeencuentros:1 encuentro de 2 horas aproximadamente<\/p>\n<p>Para ni\u00f1os de entre 9 a 12 a\u00f1os<\/p>\n<p>Link de inscripci\u00f3n: https:\/\/docs.google.com\/forms\/d\/104vsd1gSCCi7igZ_F75mmn0QbxXiuLEfaK AieTYNjaY\/edit<\/p>\n<ul>\n<li><strong>El tren energ\u00e9tico<\/strong><\/li>\n<\/ul>\n<p>Reflexi\u00f3n sobre el comportamiento de la Tierra, sobre sus polos magn\u00e9ticos y como esto interfiere en nuestra vida cotidiana. Teniendo como resultado final diversos pigmentos, los cuales se clasificar\u00e1n.<\/p>\n<p>D\u00edas y horarios: desde el Jueves 14 de marzo de 11.30 a 12:30hs<\/p>\n<p>Total de encuentros: 1 encuentro de 1 hora<\/p>\n<p>Para ni\u00f1os de 9 a 13 a\u00f1os<\/p>\n<p>Link de inscripci\u00f3n: https:\/\/docs.google.com\/forms\/d\/1DEMx6_k0BrdCn0wIgaYXgFAatI_9rZlUvDVUe_jQ yP8\/edit<\/p>\n<ul>\n<li><strong>Drum Machine<\/strong><\/li>\n<\/ul>\n<p>Se busca la conjunci\u00f3n entre gr\u00e1fica y sonidos para dar inicio al mundo de la programaci\u00f3n con Scratch, (lenguaje de programaci\u00f3n creado y dise\u00f1ado para que todo el mundo pueda iniciarse en el mundo de la programaci\u00f3n).<\/p>\n<p>D\u00edas y horarios: desde el Mi\u00e9rcoles 13 de marzo de 15 a 15:40hs<\/p>\n<p>Total de encuentros: 1 encuentro de 40 minutos<\/p>\n<p>Para chicos de 12 a 18 a\u00f1os<\/p>\n<p>Link de inscripci\u00f3n:<\/p>\n<p>https:\/\/docs.google.com\/forms\/d\/1SUPlGxx3BcLrR_rC9wxllBRXl9uFOHHVi83hBt69y tg\/edit<\/p>\n<p>Por consultas enviar whatsapp 2645 42-7002<\/p>\n<p>La entrada Conectar LAB: comienzan los talleres gratuitos se public\u00f3 primero en DIARIO D3 NOTICIAS | SAN JUAN ARGENTINA.<\/p>\n","protected":false},"excerpt":{"rendered":"<p>Los interesados deben inscribirse, ya que tienen cupos limitados. El Centro de innovaci\u00f3n y educaci\u00f3n Conectar LAB, ubicado en Las Heras norte esquina Juan B. Alberdi, Capital, San Juan, brinda talleres gratuitos, para estudiantes, docentes y referentes pedag\u00f3gicos de la provincia.<br \/>\n Se desarrollar\u00e1n durante 4 o m\u00e1s encuentros, con una duraci\u00f3n de dos horas aproximadamente, en los que se trabaja de manera procesual y continua un contenido espec\u00edfico.<br \/>\n Las actividades se desarrollan en un solo encuentro, con una carga horaria de una hora y media, terminan en el d\u00eda y se repetir\u00e1n a lo largo de marzo.<br \/>\n PodcastExpress: \u00bfTESUENA? Se trabajar\u00e1 a trav\u00e9s del contacto, experimentaci\u00f3n y uso de herramientas digitales y compositivas, los j\u00f3venes ser\u00e1n orientados a la creaci\u00f3n de producciones sonoras originales partiendo de diversas tem\u00e1ticas de su inter\u00e9s. Comienzaeljueves14demarzo.<br \/>\n D\u00edas y horarios: cada Jueves de 11 a 12<br \/>\n Total de encuentros: 5 encuentros, de una hora cada uno<br \/>\n Para chicos de 1..<\/p>\n","protected":false},"author":2,"featured_media":19250,"comment_status":"","ping_status":"","sticky":false,"template":"","format":"standard","meta":{"footnotes":""},"categories":[8],"tags":[],"_links":{"self":[{"href":"https:\/\/maxradio923.com.ar\/index.php\/wp-json\/wp\/v2\/posts\/19249"}],"collection":[{"href":"https:\/\/maxradio923.com.ar\/index.php\/wp-json\/wp\/v2\/posts"}],"about":[{"href":"https:\/\/maxradio923.com.ar\/index.php\/wp-json\/wp\/v2\/types\/post"}],"author":[{"embeddable":true,"href":"https:\/\/maxradio923.com.ar\/index.php\/wp-json\/wp\/v2\/users\/2"}],"replies":[{"embeddable":true,"href":"https:\/\/maxradio923.com.ar\/index.php\/wp-json\/wp\/v2\/comments?post=19249"}],"version-history":[{"count":0,"href":"https:\/\/maxradio923.com.ar\/index.php\/wp-json\/wp\/v2\/posts\/19249\/revisions"}],"wp:featuredmedia":[{"embeddable":true,"href":"https:\/\/maxradio923.com.ar\/index.php\/wp-json\/wp\/v2\/media\/19250"}],"wp:attachment":[{"href":"https:\/\/maxradio923.com.ar\/index.php\/wp-json\/wp\/v2\/media?parent=19249"}],"wp:term":[{"taxonomy":"category","embeddable":true,"href":"https:\/\/maxradio923.com.ar\/index.php\/wp-json\/wp\/v2\/categories?post=19249"},{"taxonomy":"post_tag","embeddable":true,"href":"https:\/\/maxradio923.com.ar\/index.php\/wp-json\/wp\/v2\/tags?post=19249"}],"curies":[{"name":"wp","href":"https:\/\/api.w.org\/{rel}","templated":true}]}}