{"id":19138,"date":"2024-03-07T09:08:24","date_gmt":"2024-03-07T12:08:24","guid":{"rendered":"https:\/\/maxradio923.com.ar\/index.php\/2024\/03\/07\/ex-candidato-a-gobernador-por-lla-nombrado-como-titular-de-anses-en-san-juan\/"},"modified":"2024-03-07T09:08:24","modified_gmt":"2024-03-07T12:08:24","slug":"ex-candidato-a-gobernador-por-lla-nombrado-como-titular-de-anses-en-san-juan","status":"publish","type":"post","link":"https:\/\/maxradio923.com.ar\/index.php\/2024\/03\/07\/ex-candidato-a-gobernador-por-lla-nombrado-como-titular-de-anses-en-san-juan\/","title":{"rendered":"Ex Candidato a Gobernador por LLA Nombrado como Titular de ANSES en San Juan"},"content":{"rendered":"<p><img decoding=\"async\" src=\"https:\/\/diariod3.com\/wp-content\/uploads\/2024\/03\/multimedia.normal.9a48242e3c6413a9.SU1HLTIwMjMwNjE2LVdBMDA2MF9ub3JtYWwud2VicA.webp\"\/> <\/p>\n<p>El empresario, quien incursion\u00f3 en el \u00e1mbito pol\u00edtico uni\u00e9ndose a la fuerza liderada por el presidente Javier Milei, encabez\u00f3 la f\u00f3rmula a gobernador en el sublema Desarrollo y Unidad el a\u00f1o pasado.<\/p>\n<p>Ram\u00edrez ha adelantado que no revelar\u00e1 los nombres de su equipo hasta que se publique la resoluci\u00f3n que oficialice su designaci\u00f3n. Sin embargo, expres\u00f3 su agradecimiento y anticip\u00f3 el apoyo recibido por parte de la estructura de ADN y del diputado Jos\u00e9 Peluc, en una entrevista con el programa \u00abDemasiada Informaci\u00f3n\u00bb, emitido por Radio Sarmiento.<\/p>\n<p>Esta designaci\u00f3n marca un cambio significativo en la direcci\u00f3n de ANSES en San Juan y seguramente generar\u00e1 expectativas en cuanto a las pol\u00edticas y acciones que se llevar\u00e1n a cabo en materia de seguridad social en la provincia.<\/p>\n<p>OPERADOR: EUGENIA VILA<\/p>\n<p>La entrada Ex Candidato a Gobernador por LLA Nombrado como Titular de ANSES en San Juan se public\u00f3 primero en DIARIO D3 NOTICIAS | SAN JUAN ARGENTINA.<\/p>\n","protected":false},"excerpt":{"rendered":"<p>El empresario, quien incursion\u00f3 en el \u00e1mbito pol\u00edtico uni\u00e9ndose a la fuerza liderada por el presidente Javier Milei, encabez\u00f3 la f\u00f3rmula a gobernador en el sublema Desarrollo y Unidad el a\u00f1o pasado.<br \/>\n Ram\u00edrez ha adelantado que no revelar\u00e1 los nombres de su equipo hasta que se publique la resoluci\u00f3n que oficialice su designaci\u00f3n. Sin embargo, expres\u00f3 su agradecimiento y anticip\u00f3 el apoyo recibido por parte de la estructura de ADN y del diputado Jos\u00e9 Peluc, en una entrevista con el programa \u00abDemasiada Informaci\u00f3n\u00bb, emitido por Radio Sarmiento.<br \/>\n Esta designaci\u00f3n marca un cambio significativo en la direcci\u00f3n de ANSES en San Juan y seguramente generar\u00e1 expectativas en cuanto a las pol\u00edticas y acciones que se llevar\u00e1n a cabo en materia de seguridad social en la provincia.<br \/>\n OPERADOR: EUGENIA VILA<br \/>\n La entrada Ex Candidato a Gobernador por LLA Nombrado como Titular de ANSES en San Juan se public\u00f3 primero en DIARIO D3 NOTICIAS | SAN JUAN ARGENTINA.<\/p>\n","protected":false},"author":2,"featured_media":19139,"comment_status":"","ping_status":"","sticky":false,"template":"","format":"standard","meta":{"footnotes":""},"categories":[8],"tags":[],"_links":{"self":[{"href":"https:\/\/maxradio923.com.ar\/index.php\/wp-json\/wp\/v2\/posts\/19138"}],"collection":[{"href":"https:\/\/maxradio923.com.ar\/index.php\/wp-json\/wp\/v2\/posts"}],"about":[{"href":"https:\/\/maxradio923.com.ar\/index.php\/wp-json\/wp\/v2\/types\/post"}],"author":[{"embeddable":true,"href":"https:\/\/maxradio923.com.ar\/index.php\/wp-json\/wp\/v2\/users\/2"}],"replies":[{"embeddable":true,"href":"https:\/\/maxradio923.com.ar\/index.php\/wp-json\/wp\/v2\/comments?post=19138"}],"version-history":[{"count":0,"href":"https:\/\/maxradio923.com.ar\/index.php\/wp-json\/wp\/v2\/posts\/19138\/revisions"}],"wp:featuredmedia":[{"embeddable":true,"href":"https:\/\/maxradio923.com.ar\/index.php\/wp-json\/wp\/v2\/media\/19139"}],"wp:attachment":[{"href":"https:\/\/maxradio923.com.ar\/index.php\/wp-json\/wp\/v2\/media?parent=19138"}],"wp:term":[{"taxonomy":"category","embeddable":true,"href":"https:\/\/maxradio923.com.ar\/index.php\/wp-json\/wp\/v2\/categories?post=19138"},{"taxonomy":"post_tag","embeddable":true,"href":"https:\/\/maxradio923.com.ar\/index.php\/wp-json\/wp\/v2\/tags?post=19138"}],"curies":[{"name":"wp","href":"https:\/\/api.w.org\/{rel}","templated":true}]}}