{"id":19136,"date":"2024-03-07T09:08:24","date_gmt":"2024-03-07T12:08:24","guid":{"rendered":"https:\/\/maxradio923.com.ar\/index.php\/2024\/03\/07\/designaciones-para-ipeem-fallo-contundente-al-rechazar-recurso-de-amparo-presentado-por-el-partido-bloquista\/"},"modified":"2024-03-07T09:08:24","modified_gmt":"2024-03-07T12:08:24","slug":"designaciones-para-ipeem-fallo-contundente-al-rechazar-recurso-de-amparo-presentado-por-el-partido-bloquista","status":"publish","type":"post","link":"https:\/\/maxradio923.com.ar\/index.php\/2024\/03\/07\/designaciones-para-ipeem-fallo-contundente-al-rechazar-recurso-de-amparo-presentado-por-el-partido-bloquista\/","title":{"rendered":"Designaciones para IPEEM: fallo contundente al rechazar recurso de amparo presentado por el Partido Bloquista"},"content":{"rendered":"<p><img decoding=\"async\" src=\"https:\/\/diariod3.com\/wp-content\/uploads\/2024\/03\/IMG_20231222_080102_1000_x_600_pixel.jpg\"\/> <\/p>\n<p>El desencadenante de esta disputa fue una sesi\u00f3n pol\u00e9mica en la C\u00e1mara de Diputados, donde se aprob\u00f3 a Alberto Hensel y Andr\u00e9s Chanampa para ocupar los puestos de vocales en el IPEEM. Sin embargo, el Poder Ejecutivo decidi\u00f3 no validar estas designaciones argumentando irregularidades, especialmente en la designaci\u00f3n de Hensel.<\/p>\n<p>El oficialismo sosten\u00eda que, de acuerdo con la ley del IPEEM, los puestos correspond\u00edan a la primera y segunda minor\u00eda, es decir, a Producci\u00f3n y Trabajo y al bloquismo, respectivamente. Esta interpretaci\u00f3n cuestionaba la designaci\u00f3n del exministro de Gobierno Sergio U\u00f1ac.<\/p>\n<p>En medio de este enfrentamiento se encontraba Andr\u00e9s Chanampa, quien tampoco recibi\u00f3 el aval del Gobierno en ese momento. Ante esta situaci\u00f3n, el Partido Bloquista recurri\u00f3 a la Justicia Civil con un recurso de amparo para que Chanampa fuera designado en el cargo.<\/p>\n<p>Sin embargo, la presentaci\u00f3n del Partido Bloquista, firmada por su presidente Luis Rueda, Miguel At\u00e1mpiz y Gustavo Deguer, fue rechazada este mi\u00e9rcoles por el Quinto Juzgado Civil.<\/p>\n<p>Este fallo marca un punto de inflexi\u00f3n en la disputa por los cargos en el IPEEM y deja claro que la resoluci\u00f3n de este conflicto no ser\u00e1 f\u00e1cil ni r\u00e1pida.<\/p>\n<p>OPERADOR: EUGENIA  VILA<\/p>\n<p>La entrada Designaciones para IPEEM: fallo contundente al rechazar recurso de amparo presentado por el Partido Bloquista se public\u00f3 primero en DIARIO D3 NOTICIAS | SAN JUAN ARGENTINA.<\/p>\n","protected":false},"excerpt":{"rendered":"<p>El desencadenante de esta disputa fue una sesi\u00f3n pol\u00e9mica en la C\u00e1mara de Diputados, donde se aprob\u00f3 a Alberto Hensel y Andr\u00e9s Chanampa para ocupar los puestos de vocales en el IPEEM. Sin embargo, el Poder Ejecutivo decidi\u00f3 no validar estas designaciones argumentando irregularidades, especialmente en la designaci\u00f3n de Hensel.<br \/>\n El oficialismo sosten\u00eda que, de acuerdo con la ley del IPEEM, los puestos correspond\u00edan a la primera y segunda minor\u00eda, es decir, a Producci\u00f3n y Trabajo y al bloquismo, respectivamente. Esta interpretaci\u00f3n cuestionaba la designaci\u00f3n del exministro de Gobierno Sergio U\u00f1ac.<br \/>\n En medio de este enfrentamiento se encontraba Andr\u00e9s Chanampa, quien tampoco recibi\u00f3 el aval del Gobierno en ese momento. Ante esta situaci\u00f3n, el Partido Bloquista recurri\u00f3 a la Justicia Civil con un recurso de amparo para que Chanampa fuera designado en el cargo.<br \/>\n Sin embargo, la presentaci\u00f3n del Partido Bloquista, firmada por su presidente Luis Rueda, Miguel At\u00e1mpiz y Gustavo Deguer, fue rech..<\/p>\n","protected":false},"author":2,"featured_media":19137,"comment_status":"","ping_status":"","sticky":false,"template":"","format":"standard","meta":{"footnotes":""},"categories":[8],"tags":[],"_links":{"self":[{"href":"https:\/\/maxradio923.com.ar\/index.php\/wp-json\/wp\/v2\/posts\/19136"}],"collection":[{"href":"https:\/\/maxradio923.com.ar\/index.php\/wp-json\/wp\/v2\/posts"}],"about":[{"href":"https:\/\/maxradio923.com.ar\/index.php\/wp-json\/wp\/v2\/types\/post"}],"author":[{"embeddable":true,"href":"https:\/\/maxradio923.com.ar\/index.php\/wp-json\/wp\/v2\/users\/2"}],"replies":[{"embeddable":true,"href":"https:\/\/maxradio923.com.ar\/index.php\/wp-json\/wp\/v2\/comments?post=19136"}],"version-history":[{"count":0,"href":"https:\/\/maxradio923.com.ar\/index.php\/wp-json\/wp\/v2\/posts\/19136\/revisions"}],"wp:featuredmedia":[{"embeddable":true,"href":"https:\/\/maxradio923.com.ar\/index.php\/wp-json\/wp\/v2\/media\/19137"}],"wp:attachment":[{"href":"https:\/\/maxradio923.com.ar\/index.php\/wp-json\/wp\/v2\/media?parent=19136"}],"wp:term":[{"taxonomy":"category","embeddable":true,"href":"https:\/\/maxradio923.com.ar\/index.php\/wp-json\/wp\/v2\/categories?post=19136"},{"taxonomy":"post_tag","embeddable":true,"href":"https:\/\/maxradio923.com.ar\/index.php\/wp-json\/wp\/v2\/tags?post=19136"}],"curies":[{"name":"wp","href":"https:\/\/api.w.org\/{rel}","templated":true}]}}