{"id":19134,"date":"2024-03-07T09:08:19","date_gmt":"2024-03-07T12:08:19","guid":{"rendered":"https:\/\/maxradio923.com.ar\/index.php\/2024\/03\/07\/las-universidades-convocaron-a-un-paro-para-el-14-de-marzo\/"},"modified":"2024-03-07T09:08:19","modified_gmt":"2024-03-07T12:08:19","slug":"las-universidades-convocaron-a-un-paro-para-el-14-de-marzo","status":"publish","type":"post","link":"https:\/\/maxradio923.com.ar\/index.php\/2024\/03\/07\/las-universidades-convocaron-a-un-paro-para-el-14-de-marzo\/","title":{"rendered":"Las universidades convocaron a un paro para el 14 de marzo"},"content":{"rendered":"<p><img decoding=\"async\" src=\"https:\/\/diariod3.com\/wp-content\/uploads\/2024\/03\/lg-1.webp\"\/><\/p>\n<p>El Frente Sindical Universitario anunci\u00f3 la medida de fuerza como respuesta al recorte presupuestario que encabeza el Gobierno de Javier Milei.<\/p>\n<p>Frente a la \u201ccrisis salarial\u201d y ante el recorte presupuestario que encabeza el Gobierno de Javier Milei, docentes y trabajadores universitarios convocaron a un paro nacional el pr\u00f3ximo 14 de marzo. La medida de fuerza fue anunciada este martes por el Frente Sindical Universitario, conformado por las federaciones docentes y no docentes de todo el pa\u00eds. Habr\u00e1 cese de tareas por 24 horas exigiendo al Poder Ejecutivo que convoque a paritarias libres frente a la crisis econ\u00f3mica que atraviesa el pa\u00eds.<\/p>\n<p>\u201cEl Frente convoca a un paro de 24 horas sin asistencia a los lugares de trabajo para el d\u00eda 14 de marzo con actividades de visibilizaci\u00f3n por todo el pa\u00eds, invitando a toda la comunidad universitaria y a la ciudadan\u00eda a participar de las diferentes actividades que se realizar\u00e1n\u201d, se anunci\u00f3 a trav\u00e9s de un comunicado dado a conocer luego de una reuni\u00f3n que mantuvieron para analizar la situaci\u00f3n de los trabajadores del sector y de las instituciones universitarias: \u201cLa profunda crisis salarial y presupuestaria exige una respuesta de unidad estrat\u00e9gica con un plan de acci\u00f3n nacional que encauce el malestar, los reclamos y sea eficaz para lograr los objetivos\u201d.<\/p>\n<p>La Federaci\u00f3n de Docentes de las Universidades (FEDUN) alert\u00f3 que los trabajadores perdieron m\u00e1s del 50% del salario desde que asumi\u00f3 Javier Milei la presidencia. \u201cEl Gobierno Nacional tergiversa el sentido b\u00e1sico de una paritaria y no ofrece las garant\u00edas m\u00ednimas de un espacio de negociaci\u00f3n que permita dar respuesta a nuestras demandas\u201d, continu\u00f3. \u201cEsta actitud en las paritarias es correlativa al ataque del Gobierno Nacional a las organizaciones sindicales y los derechos laborales. Es importante remarcar que la educaci\u00f3n es un derecho, no un servicio\u201d, se agreg\u00f3.<\/p>\n<p><img decoding=\"async\" src=\"https:\/\/media.sanjuan8.com\/p\/930c8aa929037c1b7c37db7ae36a7912\/adjuntos\/303\/imagenes\/009\/303\/0009303857\/1200x0\/smart\/paro-la-universidadjfif.jfif\"\/><\/p>\n<p>Pablo Perazzi, Secretario General de FEDUBA se\u00f1al\u00f3 que el paro convocado para el 14 \u201ces la continuidad del plan de lucha que comenzamos tras el fracaso de las paritarias y que venimos construyendo con importante participaci\u00f3n en asambleas en las distintas facultades de la UBA\u201d.<\/p>\n<p>\u201cLa decisi\u00f3n se da luego del desplante del gobierno nacional a la paritaria universitaria, en la que las autoridades impusieron por decreto un aumento de un 6% sobre la paritaria 2023, resultando en un atraso salarial del 50% en solo 90 d\u00edas de gobierno\u201d, expres\u00f3 Federico Montero, secretario de Organizaci\u00f3n de CONADU.<\/p>\n<p>\u201cA eso se suma el congelamiento del presupuesto universitario, la suspensi\u00f3n de las becas para estudiantes, el desguace en Ciencia y Tecnolog\u00eda, y la quita salarial del FONID para el nivel preuniversitario, entre un conjunto de medidas orientadas a asfixiar a las universidades p\u00fablicas, en l\u00ednea con la pol\u00edtica de miseria planificada y disoluci\u00f3n nacional que lleva adelante Milei con la anuencia de los funcionarios de Educaci\u00f3n\u201d, remarc\u00f3 Montero.<\/p>\n<p>Las organizaciones sindicales del sector universitario convocaron a \u201cmovilizar a lo largo y a lo ancho del pa\u00eds para defender el salario de las trabajadoras y los trabajadores de las universidades nacionales, los puestos de trabajo, las jubilaciones dignas, el derecho de las y los estudiantes a la educaci\u00f3n universitaria y preuniversitaria y de nuestro pueblo a contar con universidades p\u00fablicas que sean capaces de producir el conocimiento que permita resolver sus grandes problemas\u201d.<\/p>\n<p>En el mismo sentido, tambi\u00e9n consideraron fundamental \u201ccomprometer a las legisladoras y legisladores a un gran debate de defensa y la elaboraci\u00f3n de las leyes que garanticen el funcionamiento de la universidad p\u00fablica\u201d. \u201cExigimos la urgente convocatoria a paritarias libres por parte del Gobierno Nacional\u201d, concluy\u00f3 el comunicado que cont\u00f3 con las firmas de CONADU Hist\u00f3rica \u2013 CONADU \u2013 FEDUN \u2013 FAGDUT \u2013 UDA \u2013 CTERA \u2013FATUN \u2013 (CTA Aut\u00f3noma, CTA de los Trabajadores, CGT).<\/p>\n<p>Por: Graciela Herrera<\/p>\n<p>La entrada <a href=\"https:\/\/diariod3.com\/las-universidades-convocaron-a-un-paro-para-el-14-de-marzo\/\" rel=\"noreferrer noopener\" target=\"_blank\">Las universidades convocaron a un paro para el 14 de marzo<\/a> se public\u00f3 primero en <a href=\"https:\/\/diariod3.com\/\" rel=\"noreferrer noopener\" target=\"_blank\">DIARIO D3 NOTICIAS | SAN JUAN ARGENTINA<\/a>.<\/p>\n","protected":false},"excerpt":{"rendered":"<p>El Frente Sindical Universitario anunci\u00f3 la medida de fuerza como respuesta al recorte presupuestario que encabeza el Gobierno de Javier Milei.<\/p>\n<p>Frente a la \u201ccrisis salarial\u201d y ante el recorte presupuestario que encabeza el Gobierno de Javier Milei, docentes y trabajadores universitarios convocaron a un paro nacional el pr\u00f3ximo 14 de marzo. La medida de fuerza fue anunciada este martes por el Frente Sindical Universitario, conformado por las federaciones docentes y no docentes de todo el pa\u00eds. Habr\u00e1 cese de tareas por 24 horas exigiendo al Poder Ejecutivo que convoque a paritarias libres frente a la crisis econ\u00f3mica que atraviesa el pa\u00eds.<\/p>\n<p>\u201cEl Frente convoca a un paro de 24 horas sin asistencia a los lugares de trabajo para el d\u00eda 14 de marzo con actividades de visibilizaci\u00f3n por todo el pa\u00eds, invitando a toda la comunidad universitaria y a la ciudadan\u00eda a participar de las diferentes actividades que se realizar\u00e1n\u201d, se anunci\u00f3 a trav\u00e9s de un comunicado dado a conocer luego de una reuni..<\/p>\n","protected":false},"author":2,"featured_media":19135,"comment_status":"","ping_status":"","sticky":false,"template":"","format":"standard","meta":{"footnotes":""},"categories":[12],"tags":[],"_links":{"self":[{"href":"https:\/\/maxradio923.com.ar\/index.php\/wp-json\/wp\/v2\/posts\/19134"}],"collection":[{"href":"https:\/\/maxradio923.com.ar\/index.php\/wp-json\/wp\/v2\/posts"}],"about":[{"href":"https:\/\/maxradio923.com.ar\/index.php\/wp-json\/wp\/v2\/types\/post"}],"author":[{"embeddable":true,"href":"https:\/\/maxradio923.com.ar\/index.php\/wp-json\/wp\/v2\/users\/2"}],"replies":[{"embeddable":true,"href":"https:\/\/maxradio923.com.ar\/index.php\/wp-json\/wp\/v2\/comments?post=19134"}],"version-history":[{"count":0,"href":"https:\/\/maxradio923.com.ar\/index.php\/wp-json\/wp\/v2\/posts\/19134\/revisions"}],"wp:featuredmedia":[{"embeddable":true,"href":"https:\/\/maxradio923.com.ar\/index.php\/wp-json\/wp\/v2\/media\/19135"}],"wp:attachment":[{"href":"https:\/\/maxradio923.com.ar\/index.php\/wp-json\/wp\/v2\/media?parent=19134"}],"wp:term":[{"taxonomy":"category","embeddable":true,"href":"https:\/\/maxradio923.com.ar\/index.php\/wp-json\/wp\/v2\/categories?post=19134"},{"taxonomy":"post_tag","embeddable":true,"href":"https:\/\/maxradio923.com.ar\/index.php\/wp-json\/wp\/v2\/tags?post=19134"}],"curies":[{"name":"wp","href":"https:\/\/api.w.org\/{rel}","templated":true}]}}