{"id":19132,"date":"2024-03-07T09:08:18","date_gmt":"2024-03-07T12:08:18","guid":{"rendered":"https:\/\/maxradio923.com.ar\/index.php\/2024\/03\/07\/paro-de-colectivos-en-el-amba-varias-lineas-no-prestaran-servicio-desde-la-medianoche\/"},"modified":"2024-03-07T09:08:18","modified_gmt":"2024-03-07T12:08:18","slug":"paro-de-colectivos-en-el-amba-varias-lineas-no-prestaran-servicio-desde-la-medianoche","status":"publish","type":"post","link":"https:\/\/maxradio923.com.ar\/index.php\/2024\/03\/07\/paro-de-colectivos-en-el-amba-varias-lineas-no-prestaran-servicio-desde-la-medianoche\/","title":{"rendered":"Paro de colectivos en el AMBA: varias l\u00edneas no prestar\u00e1n servicio desde la medianoche"},"content":{"rendered":"<p><img decoding=\"async\" src=\"https:\/\/diariod3.com\/wp-content\/uploads\/2024\/03\/f800x450-366973_418419_5050.webp\"\/><\/p>\n<p><strong>La medida de fuerza fue confirmada por la Uni\u00f3n Tranviarios Automotor (UTA) y afectar\u00e1 a empresas tanto nacionales como provinciales.<\/strong><\/p>\n<p>M\u00e1s de 40 l\u00edneas de colectivos podr\u00edan dejar de funcionar en el \u00c1rea Metropolitana de Buenos Aires (AMBA) a partir de la medianoche de este jueves 7 de marzo, en reclamo por la falta de pago de los salarios de los choferes.<\/p>\n<p>La medida de fuerza fue confirmada por la Uni\u00f3n Tranviarios Automotor (UTA) y afectar\u00e1 a empresas tanto nacionales como provinciales.<\/p>\n<p>Las l\u00edneas que se adhieren al paro hasta el momento son:<\/p>\n<p>159<\/p>\n<p>219<\/p>\n<p>300<\/p>\n<p>372<\/p>\n<p>584<\/p>\n<p>619<\/p>\n<p>148<\/p>\n<p>194<\/p>\n<p>228<\/p>\n<p>63<\/p>\n<p>338<\/p>\n<p>Se espera que en las pr\u00f3ximas horas se sumen m\u00e1s l\u00edneas al paro, por lo que se recomienda a los usuarios que se informen sobre el estado de servicio de su l\u00ednea antes de salir de viaje.<\/p>\n<p>Desde la Secretar\u00eda de Transporte indicaron que los fondos para las empresas nacionales \u00abest\u00e1n asegurados y pr\u00f3ximos a transferirse, dentro de los plazos en que habitualmente se realizan\u00bb.<\/p>\n<p>Asimismo, se\u00f1alaron que \u00aben caso de no cumplir con sus obligaciones empresariales y de realizar el paro, se les aplicar\u00e1 la sanci\u00f3n correspondiente\u00bb.<\/p>\n<p><strong>Consejos para los usuarios:<\/strong><\/p>\n<ul>\n<li>Consultar el estado de servicio de la l\u00ednea antes de salir de viaje.<\/li>\n<li>Buscar alternativas de transporte, como subtes, trenes o taxis.<\/li>\n<li>Salir con tiempo extra para evitar demoras.<\/li>\n<\/ul>\n<p>La entrada <a href=\"https:\/\/diariod3.com\/paro-de-colectivos-en-el-amba-varias-lineas-no-prestaran-servicio-desde-la-medianoche\/\" rel=\"noreferrer noopener\" target=\"_blank\">Paro de colectivos en el AMBA: varias l\u00edneas no prestar\u00e1n servicio desde la medianoche<\/a> se public\u00f3 primero en <a href=\"https:\/\/diariod3.com\/\" rel=\"noreferrer noopener\" target=\"_blank\">DIARIO D3 NOTICIAS | SAN JUAN ARGENTINA<\/a>.<\/p>\n","protected":false},"excerpt":{"rendered":"<p>La medida de fuerza fue confirmada por la Uni\u00f3n Tranviarios Automotor (UTA) y afectar\u00e1 a empresas tanto nacionales como provinciales.<\/p>\n<p>M\u00e1s de 40 l\u00edneas de colectivos podr\u00edan dejar de funcionar en el \u00c1rea Metropolitana de Buenos Aires (AMBA) a partir de la medianoche de este jueves 7 de marzo, en reclamo por la falta de pago de los salarios de los choferes.<\/p>\n<p>La medida de fuerza fue confirmada por la Uni\u00f3n Tranviarios Automotor (UTA) y afectar\u00e1 a empresas tanto nacionales como provinciales.<\/p>\n<p>Las l\u00edneas que se adhieren al paro hasta el momento son:<\/p>\n<p>159<\/p>\n<p>219<\/p>\n<p>300<\/p>\n<p>372<\/p>\n<p>584<\/p>\n<p>619<\/p>\n<p>148<\/p>\n<p>194<\/p>\n<p>228<\/p>\n<p>63<\/p>\n<p>338<\/p>\n<p>Se espera que en las pr\u00f3ximas horas se sumen m\u00e1s l\u00edneas al paro, por lo que se recomienda a los usuarios que se informen sobre el estado de servicio de su l\u00ednea antes de salir de viaje.<\/p>\n<p>Desde la Secretar\u00eda de Transporte indicaron que los fondos para las empresas nacionales \u00abest\u00e1n asegurados y pr\u00f3ximos a transferirse, dentro de los plazos en que habitualmente se realizan\u00bb.<\/p>\n<p>Asimismo, se\u00f1ala..<\/p>\n","protected":false},"author":2,"featured_media":19133,"comment_status":"","ping_status":"","sticky":false,"template":"","format":"standard","meta":{"footnotes":""},"categories":[12],"tags":[],"_links":{"self":[{"href":"https:\/\/maxradio923.com.ar\/index.php\/wp-json\/wp\/v2\/posts\/19132"}],"collection":[{"href":"https:\/\/maxradio923.com.ar\/index.php\/wp-json\/wp\/v2\/posts"}],"about":[{"href":"https:\/\/maxradio923.com.ar\/index.php\/wp-json\/wp\/v2\/types\/post"}],"author":[{"embeddable":true,"href":"https:\/\/maxradio923.com.ar\/index.php\/wp-json\/wp\/v2\/users\/2"}],"replies":[{"embeddable":true,"href":"https:\/\/maxradio923.com.ar\/index.php\/wp-json\/wp\/v2\/comments?post=19132"}],"version-history":[{"count":0,"href":"https:\/\/maxradio923.com.ar\/index.php\/wp-json\/wp\/v2\/posts\/19132\/revisions"}],"wp:featuredmedia":[{"embeddable":true,"href":"https:\/\/maxradio923.com.ar\/index.php\/wp-json\/wp\/v2\/media\/19133"}],"wp:attachment":[{"href":"https:\/\/maxradio923.com.ar\/index.php\/wp-json\/wp\/v2\/media?parent=19132"}],"wp:term":[{"taxonomy":"category","embeddable":true,"href":"https:\/\/maxradio923.com.ar\/index.php\/wp-json\/wp\/v2\/categories?post=19132"},{"taxonomy":"post_tag","embeddable":true,"href":"https:\/\/maxradio923.com.ar\/index.php\/wp-json\/wp\/v2\/tags?post=19132"}],"curies":[{"name":"wp","href":"https:\/\/api.w.org\/{rel}","templated":true}]}}