{"id":19128,"date":"2024-03-07T09:08:03","date_gmt":"2024-03-07T12:08:03","guid":{"rendered":"https:\/\/maxradio923.com.ar\/index.php\/2024\/03\/07\/osse-barrios-de-jachal-tendran-interrumpido-el-agua-potable\/"},"modified":"2024-03-07T09:08:03","modified_gmt":"2024-03-07T12:08:03","slug":"osse-barrios-de-jachal-tendran-interrumpido-el-agua-potable","status":"publish","type":"post","link":"https:\/\/maxradio923.com.ar\/index.php\/2024\/03\/07\/osse-barrios-de-jachal-tendran-interrumpido-el-agua-potable\/","title":{"rendered":"OSSE: barrios de J\u00e1chal tendr\u00e1n interrumpido el agua potable"},"content":{"rendered":"<p>   La informaci\u00f3n fue comunicada por OSSE. La medida se llevar\u00e1 a cabo este jueves 7 de marzo en barrios de J\u00e1chal.    <\/p>\n<p>Vecinos de J\u00e1chal ver\u00e1n interrumpido el servicio de agua potable el d\u00eda jueves 7 de marzo, en horario entre las 7 y las 18 horas, por una obra de empalme para proveer del servicio de agua potable al barrio Virgen de F\u00e1tima en el departamento J\u00e1chal. Las zonas afectadas en calles Santiago Funes, 25 de Mayo y San Juan, incluido barrio Fronteras y \u00e1reas aleda\u00f1as, de acuerdo Obras Sanitarias Sociedad del Estado (OSSE).<\/p>\n<p>Desde la entidad, recordaron a los vecinos cuidar las reservas domiciliarias (tanques). Por lo que aconsejaron destinar el agua potable solamente para necesidades b\u00e1sicas. A su vez,  solicitaron a los vecinos  cercanos al \u00e1rea de trabajo mencionada,  que tengan normalizado el servicio, ser solidarios y hacer un  uso cuidadoso del agua potable.<\/p>\n<p>Por consultas, la empresa pone a disposici\u00f3n v\u00edas de contacto WhatsApp 264 506 4444 (solo texto) o l\u00ednea telef\u00f3nica gratuita: 0800-222-6773.<\/p>\n","protected":false},"excerpt":{"rendered":"<p>La informaci\u00f3n fue comunicada por OSSE. La medida se llevar\u00e1 a cabo este jueves 7 de marzo en barrios de J\u00e1chal. Vecinos de J\u00e1chal ver\u00e1n interrumpido el servicio de agua potable el d\u00eda jueves 7 de marzo, en horario entre las 7 y las 18 horas, por una obra de empalme para proveer del servicio de agua potable al barrio Virgen de F\u00e1tima en el departamento J\u00e1chal. Las zonas afectadas en calles Santiago Funes, 25 de Mayo y San Juan, incluido barrio Fronteras y \u00e1reas aleda\u00f1as, de acuerdo Obras Sanitarias Sociedad del Estado (OSSE).<br \/>\n Desde la entidad, recordaron a los vecinos cuidar las reservas domiciliarias (tanques). Por lo que aconsejaron destinar el agua potable solamente para necesidades b\u00e1sicas. A su vez, solicitaron a los vecinos cercanos al \u00e1rea de trabajo mencionada, que tengan normalizado el servicio, ser solidarios y hacer un uso cuidadoso del agua potable.<br \/>\n Por consultas, la empresa pone a disposici\u00f3n v\u00edas de contacto WhatsApp 264 506 4444 (solo texto) o l\u00ednea telef\u00f3nica gratuita..<\/p>\n","protected":false},"author":2,"featured_media":19129,"comment_status":"","ping_status":"","sticky":false,"template":"","format":"standard","meta":{"footnotes":""},"categories":[5],"tags":[],"_links":{"self":[{"href":"https:\/\/maxradio923.com.ar\/index.php\/wp-json\/wp\/v2\/posts\/19128"}],"collection":[{"href":"https:\/\/maxradio923.com.ar\/index.php\/wp-json\/wp\/v2\/posts"}],"about":[{"href":"https:\/\/maxradio923.com.ar\/index.php\/wp-json\/wp\/v2\/types\/post"}],"author":[{"embeddable":true,"href":"https:\/\/maxradio923.com.ar\/index.php\/wp-json\/wp\/v2\/users\/2"}],"replies":[{"embeddable":true,"href":"https:\/\/maxradio923.com.ar\/index.php\/wp-json\/wp\/v2\/comments?post=19128"}],"version-history":[{"count":0,"href":"https:\/\/maxradio923.com.ar\/index.php\/wp-json\/wp\/v2\/posts\/19128\/revisions"}],"wp:featuredmedia":[{"embeddable":true,"href":"https:\/\/maxradio923.com.ar\/index.php\/wp-json\/wp\/v2\/media\/19129"}],"wp:attachment":[{"href":"https:\/\/maxradio923.com.ar\/index.php\/wp-json\/wp\/v2\/media?parent=19128"}],"wp:term":[{"taxonomy":"category","embeddable":true,"href":"https:\/\/maxradio923.com.ar\/index.php\/wp-json\/wp\/v2\/categories?post=19128"},{"taxonomy":"post_tag","embeddable":true,"href":"https:\/\/maxradio923.com.ar\/index.php\/wp-json\/wp\/v2\/tags?post=19128"}],"curies":[{"name":"wp","href":"https:\/\/api.w.org\/{rel}","templated":true}]}}