{"id":19126,"date":"2024-03-07T09:07:14","date_gmt":"2024-03-07T12:07:14","guid":{"rendered":"https:\/\/maxradio923.com.ar\/index.php\/2024\/03\/07\/asesinaron-a-otro-taxista-de-un-disparo-en-la-cabeza-en-la-zona-sur-de-rosario\/"},"modified":"2024-03-07T09:07:14","modified_gmt":"2024-03-07T12:07:14","slug":"asesinaron-a-otro-taxista-de-un-disparo-en-la-cabeza-en-la-zona-sur-de-rosario","status":"publish","type":"post","link":"https:\/\/maxradio923.com.ar\/index.php\/2024\/03\/07\/asesinaron-a-otro-taxista-de-un-disparo-en-la-cabeza-en-la-zona-sur-de-rosario\/","title":{"rendered":"Asesinaron a otro taxista de un disparo en la cabeza en la zona sur de Rosario"},"content":{"rendered":"<p><img decoding=\"async\" alt=\"El taxi sobre el cual fueron asesinados dos hombres en el barrio Tablada, al norte de Rosario. Foto Juan Jos\u00e9 Garc\u00eda.\" src=\"https:\/\/www.clarin.com\/img\/2024\/03\/07\/kpDIzazHa_720x0__1.jpg\"\/>El taxi sobre el cual fueron asesinados dos hombres en el barrio Tablada, al norte de Rosario. Foto Juan Jos\u00e9 Garc\u00eda.<img decoding=\"async\" alt=\"H\u00e9ctor Figueroa, otro de los taxistas asesinados el \u00faltimo mes en Rosario. Era padre de dos hijas y ten\u00eda previsto casarse este viernes.\" src=\"https:\/\/www.clarin.com\/img\/2024\/03\/06\/Ehxt7umnC_720x0__1.jpg\"\/>H\u00e9ctor Figueroa, otro de los taxistas asesinados el \u00faltimo mes en Rosario. Era padre de dos hijas y ten\u00eda previsto casarse este viernes.<\/p>\n","protected":false},"excerpt":{"rendered":"<p>El taxi sobre el cual fueron asesinados dos hombres en el barrio Tablada, al norte de Rosario. Foto Juan Jos\u00e9 Garc\u00eda.H\u00e9ctor Figueroa, otro de los taxistas asesinados el \u00faltimo mes en Rosario. Era padre de dos hijas y ten\u00eda previsto casarse este viernes.<\/p>\n","protected":false},"author":2,"featured_media":19127,"comment_status":"","ping_status":"","sticky":false,"template":"","format":"standard","meta":{"footnotes":""},"categories":[6],"tags":[],"_links":{"self":[{"href":"https:\/\/maxradio923.com.ar\/index.php\/wp-json\/wp\/v2\/posts\/19126"}],"collection":[{"href":"https:\/\/maxradio923.com.ar\/index.php\/wp-json\/wp\/v2\/posts"}],"about":[{"href":"https:\/\/maxradio923.com.ar\/index.php\/wp-json\/wp\/v2\/types\/post"}],"author":[{"embeddable":true,"href":"https:\/\/maxradio923.com.ar\/index.php\/wp-json\/wp\/v2\/users\/2"}],"replies":[{"embeddable":true,"href":"https:\/\/maxradio923.com.ar\/index.php\/wp-json\/wp\/v2\/comments?post=19126"}],"version-history":[{"count":0,"href":"https:\/\/maxradio923.com.ar\/index.php\/wp-json\/wp\/v2\/posts\/19126\/revisions"}],"wp:featuredmedia":[{"embeddable":true,"href":"https:\/\/maxradio923.com.ar\/index.php\/wp-json\/wp\/v2\/media\/19127"}],"wp:attachment":[{"href":"https:\/\/maxradio923.com.ar\/index.php\/wp-json\/wp\/v2\/media?parent=19126"}],"wp:term":[{"taxonomy":"category","embeddable":true,"href":"https:\/\/maxradio923.com.ar\/index.php\/wp-json\/wp\/v2\/categories?post=19126"},{"taxonomy":"post_tag","embeddable":true,"href":"https:\/\/maxradio923.com.ar\/index.php\/wp-json\/wp\/v2\/tags?post=19126"}],"curies":[{"name":"wp","href":"https:\/\/api.w.org\/{rel}","templated":true}]}}