{"id":19074,"date":"2024-03-06T09:11:12","date_gmt":"2024-03-06T12:11:12","guid":{"rendered":"https:\/\/maxradio923.com.ar\/index.php\/2024\/03\/06\/paralizaron-las-obras-de-restauracion-del-monumento-a-la-bandera-por-atraso-en-los-pagos\/"},"modified":"2024-03-06T09:11:12","modified_gmt":"2024-03-06T12:11:12","slug":"paralizaron-las-obras-de-restauracion-del-monumento-a-la-bandera-por-atraso-en-los-pagos","status":"publish","type":"post","link":"https:\/\/maxradio923.com.ar\/index.php\/2024\/03\/06\/paralizaron-las-obras-de-restauracion-del-monumento-a-la-bandera-por-atraso-en-los-pagos\/","title":{"rendered":"Paralizaron las obras de restauraci\u00f3n del Monumento a la Bandera por atraso en los pagos"},"content":{"rendered":"<ul>\n<li>La &quot;neutralizaci\u00f3n&quot; de los trabajos ocurre debido al freno en los giros por parte de Naci\u00f3n.<\/li>\n<li>La intenci\u00f3n era terminar los arreglos antes del acto del pr\u00f3ximo 20 de junio, con la presencia de Javier Milei.<\/li>\n<\/ul>\n","protected":false},"excerpt":{"rendered":"<p>La &#8220;neutralizaci\u00f3n&#8221; de los trabajos ocurre debido al freno en los giros por parte de Naci\u00f3n.La intenci\u00f3n era terminar los arreglos antes del acto del pr\u00f3ximo 20 de junio, con la presencia de Javier Milei.<\/p>\n","protected":false},"author":2,"featured_media":19075,"comment_status":"","ping_status":"","sticky":false,"template":"","format":"standard","meta":{"footnotes":""},"categories":[9],"tags":[],"_links":{"self":[{"href":"https:\/\/maxradio923.com.ar\/index.php\/wp-json\/wp\/v2\/posts\/19074"}],"collection":[{"href":"https:\/\/maxradio923.com.ar\/index.php\/wp-json\/wp\/v2\/posts"}],"about":[{"href":"https:\/\/maxradio923.com.ar\/index.php\/wp-json\/wp\/v2\/types\/post"}],"author":[{"embeddable":true,"href":"https:\/\/maxradio923.com.ar\/index.php\/wp-json\/wp\/v2\/users\/2"}],"replies":[{"embeddable":true,"href":"https:\/\/maxradio923.com.ar\/index.php\/wp-json\/wp\/v2\/comments?post=19074"}],"version-history":[{"count":0,"href":"https:\/\/maxradio923.com.ar\/index.php\/wp-json\/wp\/v2\/posts\/19074\/revisions"}],"wp:featuredmedia":[{"embeddable":true,"href":"https:\/\/maxradio923.com.ar\/index.php\/wp-json\/wp\/v2\/media\/19075"}],"wp:attachment":[{"href":"https:\/\/maxradio923.com.ar\/index.php\/wp-json\/wp\/v2\/media?parent=19074"}],"wp:term":[{"taxonomy":"category","embeddable":true,"href":"https:\/\/maxradio923.com.ar\/index.php\/wp-json\/wp\/v2\/categories?post=19074"},{"taxonomy":"post_tag","embeddable":true,"href":"https:\/\/maxradio923.com.ar\/index.php\/wp-json\/wp\/v2\/tags?post=19074"}],"curies":[{"name":"wp","href":"https:\/\/api.w.org\/{rel}","templated":true}]}}