{"id":19030,"date":"2024-03-06T01:02:34","date_gmt":"2024-03-06T04:02:34","guid":{"rendered":"https:\/\/maxradio923.com.ar\/index.php\/2024\/03\/06\/reaparecio-el-baterista-de-u2-despues-de-anos-sin-tocar-con-la-banda-que-habia-pasado\/"},"modified":"2024-03-06T01:02:34","modified_gmt":"2024-03-06T04:02:34","slug":"reaparecio-el-baterista-de-u2-despues-de-anos-sin-tocar-con-la-banda-que-habia-pasado","status":"publish","type":"post","link":"https:\/\/maxradio923.com.ar\/index.php\/2024\/03\/06\/reaparecio-el-baterista-de-u2-despues-de-anos-sin-tocar-con-la-banda-que-habia-pasado\/","title":{"rendered":"Reapareci\u00f3 el baterista de U2 despu\u00e9s de a\u00f1os sin tocar con la banda: \u00bfqu\u00e9 hab\u00eda pasado?"},"content":{"rendered":"<ul>\n<li>Larry Mullen Jr. no toca en vivo desde 2019.<\/li>\n<li>Fue a verlos a Las Vegas antes de concluir su residencia en Sphere.<\/li>\n<\/ul>\n","protected":false},"excerpt":{"rendered":"<p>Larry Mullen Jr. no toca en vivo desde 2019. Fue a verlos a Las Vegas antes de concluir su residencia en Sphere.<\/p>\n","protected":false},"author":2,"featured_media":19031,"comment_status":"","ping_status":"","sticky":false,"template":"","format":"standard","meta":{"footnotes":""},"categories":[4],"tags":[],"_links":{"self":[{"href":"https:\/\/maxradio923.com.ar\/index.php\/wp-json\/wp\/v2\/posts\/19030"}],"collection":[{"href":"https:\/\/maxradio923.com.ar\/index.php\/wp-json\/wp\/v2\/posts"}],"about":[{"href":"https:\/\/maxradio923.com.ar\/index.php\/wp-json\/wp\/v2\/types\/post"}],"author":[{"embeddable":true,"href":"https:\/\/maxradio923.com.ar\/index.php\/wp-json\/wp\/v2\/users\/2"}],"replies":[{"embeddable":true,"href":"https:\/\/maxradio923.com.ar\/index.php\/wp-json\/wp\/v2\/comments?post=19030"}],"version-history":[{"count":0,"href":"https:\/\/maxradio923.com.ar\/index.php\/wp-json\/wp\/v2\/posts\/19030\/revisions"}],"wp:featuredmedia":[{"embeddable":true,"href":"https:\/\/maxradio923.com.ar\/index.php\/wp-json\/wp\/v2\/media\/19031"}],"wp:attachment":[{"href":"https:\/\/maxradio923.com.ar\/index.php\/wp-json\/wp\/v2\/media?parent=19030"}],"wp:term":[{"taxonomy":"category","embeddable":true,"href":"https:\/\/maxradio923.com.ar\/index.php\/wp-json\/wp\/v2\/categories?post=19030"},{"taxonomy":"post_tag","embeddable":true,"href":"https:\/\/maxradio923.com.ar\/index.php\/wp-json\/wp\/v2\/tags?post=19030"}],"curies":[{"name":"wp","href":"https:\/\/api.w.org\/{rel}","templated":true}]}}