{"id":19022,"date":"2024-03-06T01:02:02","date_gmt":"2024-03-06T04:02:02","guid":{"rendered":"https:\/\/maxradio923.com.ar\/index.php\/2024\/03\/06\/javier-milei-le-transfirio-la-flota-presidencial-a-la-fuerza-aerea\/"},"modified":"2024-03-06T01:02:02","modified_gmt":"2024-03-06T04:02:02","slug":"javier-milei-le-transfirio-la-flota-presidencial-a-la-fuerza-aerea","status":"publish","type":"post","link":"https:\/\/maxradio923.com.ar\/index.php\/2024\/03\/06\/javier-milei-le-transfirio-la-flota-presidencial-a-la-fuerza-aerea\/","title":{"rendered":"Javier Milei le transfiri\u00f3 la flota presidencial a la Fuerza A\u00e9rea"},"content":{"rendered":"<p><img decoding=\"async\" src=\"https:\/\/diariod3.com\/wp-content\/uploads\/2024\/01\/milei-avion.jpg\"\/><\/p>\n<p>El Gobierno, bajo la decisi\u00f3n del presidente Javier Milei, determin\u00f3 que toda la flota de aviones de la Presidencia ser\u00e1 transferida en los pr\u00f3ximos d\u00edas a las Fuerzas Armadas. Esta medida tiene como objetivo que el organismo disponga de las aeronaves, tanto en lo que respecta al mantenimiento como a la operaci\u00f3n, seg\u00fan informaron fuentes oficiales.<\/p>\n<p>Los veh\u00edculos pasar\u00e1n a estar bajo la supervisi\u00f3n de la Fuerza A\u00e9rea, liderada por el brigadier mayor Fernando Luis Mengo, designado por el ministro de Defensa, Luis Petri.<\/p>\n<p>Entre las aeronaves que ser\u00e1n entregadas se encuentra el imponente Boeing 757-256, utilizado como el ARG 01, ex Tango 01, el cual fue adquirido recientemente por Alberto Fern\u00e1ndez y comenz\u00f3 a ser utilizado el a\u00f1o pasado.<\/p>\n<p>Esta medida se enmarca en la intenci\u00f3n de Milei de reducir el gasto p\u00fablico del Estado. Ahora, Presidencia ya no deber\u00e1 hacerse cargo de los costos de mantenimiento de los aviones, sino que la responsabilidad recaer\u00e1 en la Fuerza A\u00e9rea.<\/p>\n<p>En total, son dos aviones y tres helic\u00f3pteros que ser\u00e1n traspasados, con el objetivo de que el organismo de defensa tenga tanto el mantenimiento como la conducci\u00f3n operacional de la flota. Sin embargo, en caso de necesidad, el Presidente seguir\u00e1 contando con estos veh\u00edculos para su traslado.<\/p>\n<p>El Boeing 757-256, adquirido en diciembre de 2022 por el Estado Argentino, tuvo un costo de USD 21.730.000. Esta aeronave cuenta con un dormitorio principal y otras dos habitaciones privadas para visitas que se pueden adaptar como salas de reuniones.<\/p>\n<p>La transferencia de la flota presidencial a las Fuerzas Armadas marca un cambio significativo en la administraci\u00f3n de los recursos del Estado, en l\u00ednea con la pol\u00edtica de austeridad impulsada por el presidente Milei desde su asunci\u00f3n al cargo.<\/p>\n<p>Fuente: INFOBAE<\/p>\n<p>Por: Graciela Herrera<\/p>\n<p>La entrada <a href=\"https:\/\/diariod3.com\/javier-milei-le-transfirio-la-flota-presidencial-a-la-fuerza-aerea\/\" rel=\"noreferrer noopener\" target=\"_blank\">Javier Milei le transfiri\u00f3 la flota presidencial a la Fuerza A\u00e9rea<\/a> se public\u00f3 primero en <a href=\"https:\/\/diariod3.com\/\" rel=\"noreferrer noopener\" target=\"_blank\">DIARIO D3 NOTICIAS | SAN JUAN ARGENTINA<\/a>.<\/p>\n","protected":false},"excerpt":{"rendered":"<p>El Gobierno, bajo la decisi\u00f3n del presidente Javier Milei, determin\u00f3 que toda la flota de aviones de la Presidencia ser\u00e1 transferida en los pr\u00f3ximos d\u00edas a las Fuerzas Armadas. Esta medida tiene como objetivo que el organismo disponga de las aeronaves, tanto en lo que respecta al mantenimiento como a la operaci\u00f3n, seg\u00fan informaron fuentes oficiales.<\/p>\n<p>Los veh\u00edculos pasar\u00e1n a estar bajo la supervisi\u00f3n de la Fuerza A\u00e9rea, liderada por el brigadier mayor Fernando Luis Mengo, designado por el ministro de Defensa, Luis Petri.<\/p>\n<p>Entre las aeronaves que ser\u00e1n entregadas se encuentra el imponente Boeing 757-256, utilizado como el ARG 01, ex Tango 01, el cual fue adquirido recientemente por Alberto Fern\u00e1ndez y comenz\u00f3 a ser utilizado el a\u00f1o pasado.<\/p>\n<p>Esta medida se enmarca en la intenci\u00f3n de Milei de reducir el gasto p\u00fablico del Estado. Ahora, Presidencia ya no deber\u00e1 hacerse cargo de los costos de mantenimiento de los aviones, sino que la responsabilidad recaer\u00e1 en la Fuerza A\u00e9rea.<\/p>\n<p>En total, son..<\/p>\n","protected":false},"author":2,"featured_media":19023,"comment_status":"","ping_status":"","sticky":false,"template":"","format":"standard","meta":{"footnotes":""},"categories":[12],"tags":[],"_links":{"self":[{"href":"https:\/\/maxradio923.com.ar\/index.php\/wp-json\/wp\/v2\/posts\/19022"}],"collection":[{"href":"https:\/\/maxradio923.com.ar\/index.php\/wp-json\/wp\/v2\/posts"}],"about":[{"href":"https:\/\/maxradio923.com.ar\/index.php\/wp-json\/wp\/v2\/types\/post"}],"author":[{"embeddable":true,"href":"https:\/\/maxradio923.com.ar\/index.php\/wp-json\/wp\/v2\/users\/2"}],"replies":[{"embeddable":true,"href":"https:\/\/maxradio923.com.ar\/index.php\/wp-json\/wp\/v2\/comments?post=19022"}],"version-history":[{"count":0,"href":"https:\/\/maxradio923.com.ar\/index.php\/wp-json\/wp\/v2\/posts\/19022\/revisions"}],"wp:featuredmedia":[{"embeddable":true,"href":"https:\/\/maxradio923.com.ar\/index.php\/wp-json\/wp\/v2\/media\/19023"}],"wp:attachment":[{"href":"https:\/\/maxradio923.com.ar\/index.php\/wp-json\/wp\/v2\/media?parent=19022"}],"wp:term":[{"taxonomy":"category","embeddable":true,"href":"https:\/\/maxradio923.com.ar\/index.php\/wp-json\/wp\/v2\/categories?post=19022"},{"taxonomy":"post_tag","embeddable":true,"href":"https:\/\/maxradio923.com.ar\/index.php\/wp-json\/wp\/v2\/tags?post=19022"}],"curies":[{"name":"wp","href":"https:\/\/api.w.org\/{rel}","templated":true}]}}