{"id":19002,"date":"2024-03-04T23:11:54","date_gmt":"2024-03-05T02:11:54","guid":{"rendered":"https:\/\/maxradio923.com.ar\/index.php\/2024\/03\/04\/kicillof-se-planto-contra-el-pacto-que-propone-milei-y-lo-acuso-de-extorsionar-a-los-gobernadores\/"},"modified":"2024-03-04T23:11:54","modified_gmt":"2024-03-05T02:11:54","slug":"kicillof-se-planto-contra-el-pacto-que-propone-milei-y-lo-acuso-de-extorsionar-a-los-gobernadores","status":"publish","type":"post","link":"https:\/\/maxradio923.com.ar\/index.php\/2024\/03\/04\/kicillof-se-planto-contra-el-pacto-que-propone-milei-y-lo-acuso-de-extorsionar-a-los-gobernadores\/","title":{"rendered":"Kicillof se plant\u00f3 contra el pacto que propone Milei y lo acuso de &#8220;extorsionar&#8221; a los gobernadores"},"content":{"rendered":"<ul>\n<li>En su discurso en la apertura de sesiones de la Legislatura, el bonaerense rechaz\u00f3 la invitaci\u00f3n presidencial. \u201cArranquen nom\u00e1s si no llegamos&quot;, ironiz\u00f3.<\/li>\n<li>Defini\u00f3 al Gobierno como &quot;un extravagante experimento&quot; que -pronostic\u00f3- llevar\u00e1 al pa\u00eds a &quot;una cat\u00e1strofe social&quot;.<\/li>\n<\/ul>\n","protected":false},"excerpt":{"rendered":"<p>En su discurso en la apertura de sesiones de la Legislatura, el bonaerense rechaz\u00f3 la invitaci\u00f3n presidencial. \u201cArranquen nom\u00e1s si no llegamos&#8221;, ironiz\u00f3.Defini\u00f3 al Gobierno como &#8220;un extravagante experimento&#8221; que -pronostic\u00f3- llevar\u00e1 al pa\u00eds a &#8220;una cat\u00e1strofe social&#8221;.<\/p>\n","protected":false},"author":2,"featured_media":19003,"comment_status":"","ping_status":"","sticky":false,"template":"","format":"standard","meta":{"footnotes":""},"categories":[7],"tags":[],"_links":{"self":[{"href":"https:\/\/maxradio923.com.ar\/index.php\/wp-json\/wp\/v2\/posts\/19002"}],"collection":[{"href":"https:\/\/maxradio923.com.ar\/index.php\/wp-json\/wp\/v2\/posts"}],"about":[{"href":"https:\/\/maxradio923.com.ar\/index.php\/wp-json\/wp\/v2\/types\/post"}],"author":[{"embeddable":true,"href":"https:\/\/maxradio923.com.ar\/index.php\/wp-json\/wp\/v2\/users\/2"}],"replies":[{"embeddable":true,"href":"https:\/\/maxradio923.com.ar\/index.php\/wp-json\/wp\/v2\/comments?post=19002"}],"version-history":[{"count":0,"href":"https:\/\/maxradio923.com.ar\/index.php\/wp-json\/wp\/v2\/posts\/19002\/revisions"}],"wp:featuredmedia":[{"embeddable":true,"href":"https:\/\/maxradio923.com.ar\/index.php\/wp-json\/wp\/v2\/media\/19003"}],"wp:attachment":[{"href":"https:\/\/maxradio923.com.ar\/index.php\/wp-json\/wp\/v2\/media?parent=19002"}],"wp:term":[{"taxonomy":"category","embeddable":true,"href":"https:\/\/maxradio923.com.ar\/index.php\/wp-json\/wp\/v2\/categories?post=19002"},{"taxonomy":"post_tag","embeddable":true,"href":"https:\/\/maxradio923.com.ar\/index.php\/wp-json\/wp\/v2\/tags?post=19002"}],"curies":[{"name":"wp","href":"https:\/\/api.w.org\/{rel}","templated":true}]}}