{"id":19000,"date":"2024-03-04T23:11:48","date_gmt":"2024-03-05T02:11:48","guid":{"rendered":"https:\/\/maxradio923.com.ar\/index.php\/2024\/03\/04\/el-actor-roly-serrano-choco-se-descompenso-y-fue-internado-en-terapia-intensiva\/"},"modified":"2024-03-04T23:11:48","modified_gmt":"2024-03-05T02:11:48","slug":"el-actor-roly-serrano-choco-se-descompenso-y-fue-internado-en-terapia-intensiva","status":"publish","type":"post","link":"https:\/\/maxradio923.com.ar\/index.php\/2024\/03\/04\/el-actor-roly-serrano-choco-se-descompenso-y-fue-internado-en-terapia-intensiva\/","title":{"rendered":"El actor Roly Serrano choc\u00f3, se descompens\u00f3 y fue internado en terapia intensiva"},"content":{"rendered":"<ul>\n<li>El actor de 68 a\u00f1os sufri\u00f3 un accidente automovil\u00edstico este domingo por la noche cuando transitaba por la ruta 9.<\/li>\n<li>Sufri\u00f3 traumatismos de cr\u00e1neo y t\u00f3rax. Se encuentra con asistencia respiratoria.<\/li>\n<\/ul>\n","protected":false},"excerpt":{"rendered":"<p>El actor de 68 a\u00f1os sufri\u00f3 un accidente automovil\u00edstico este domingo por la noche cuando transitaba por la ruta 9. Sufri\u00f3 traumatismos de cr\u00e1neo y t\u00f3rax. Se encuentra con asistencia respiratoria.<\/p>\n","protected":false},"author":2,"featured_media":19001,"comment_status":"","ping_status":"","sticky":false,"template":"","format":"standard","meta":{"footnotes":""},"categories":[4],"tags":[],"_links":{"self":[{"href":"https:\/\/maxradio923.com.ar\/index.php\/wp-json\/wp\/v2\/posts\/19000"}],"collection":[{"href":"https:\/\/maxradio923.com.ar\/index.php\/wp-json\/wp\/v2\/posts"}],"about":[{"href":"https:\/\/maxradio923.com.ar\/index.php\/wp-json\/wp\/v2\/types\/post"}],"author":[{"embeddable":true,"href":"https:\/\/maxradio923.com.ar\/index.php\/wp-json\/wp\/v2\/users\/2"}],"replies":[{"embeddable":true,"href":"https:\/\/maxradio923.com.ar\/index.php\/wp-json\/wp\/v2\/comments?post=19000"}],"version-history":[{"count":0,"href":"https:\/\/maxradio923.com.ar\/index.php\/wp-json\/wp\/v2\/posts\/19000\/revisions"}],"wp:featuredmedia":[{"embeddable":true,"href":"https:\/\/maxradio923.com.ar\/index.php\/wp-json\/wp\/v2\/media\/19001"}],"wp:attachment":[{"href":"https:\/\/maxradio923.com.ar\/index.php\/wp-json\/wp\/v2\/media?parent=19000"}],"wp:term":[{"taxonomy":"category","embeddable":true,"href":"https:\/\/maxradio923.com.ar\/index.php\/wp-json\/wp\/v2\/categories?post=19000"},{"taxonomy":"post_tag","embeddable":true,"href":"https:\/\/maxradio923.com.ar\/index.php\/wp-json\/wp\/v2\/tags?post=19000"}],"curies":[{"name":"wp","href":"https:\/\/api.w.org\/{rel}","templated":true}]}}