{"id":18996,"date":"2024-03-04T23:11:36","date_gmt":"2024-03-05T02:11:36","guid":{"rendered":"https:\/\/maxradio923.com.ar\/index.php\/2024\/03\/04\/uta-san-juan-confirma-la-adhesion-al-paro-nacional-y-este-martes-no-habra-transporte-publico\/"},"modified":"2024-03-04T23:11:36","modified_gmt":"2024-03-05T02:11:36","slug":"uta-san-juan-confirma-la-adhesion-al-paro-nacional-y-este-martes-no-habra-transporte-publico","status":"publish","type":"post","link":"https:\/\/maxradio923.com.ar\/index.php\/2024\/03\/04\/uta-san-juan-confirma-la-adhesion-al-paro-nacional-y-este-martes-no-habra-transporte-publico\/","title":{"rendered":"UTA San Juan confirma la adhesi\u00f3n al paro nacional y este martes no habr\u00e1 transporte p\u00fablico"},"content":{"rendered":"<p><img decoding=\"async\" src=\"https:\/\/diariod3.com\/wp-content\/uploads\/2024\/01\/redtulum.jpg\"\/>   El gremio ratific\u00f3 la medida de fuerza.         <\/p>\n<p>La Uni\u00f3n Tranviarios Automotor (UTA) ratific\u00f3 el paro de colectivos por 24 horas, durante toda la jornada de ma\u00f1ana martes 5 de marzo. <strong>En San Juan tambi\u00e9n rige la medida de fuerza, ya que la pata local del gremio adhiere al reclamo.<\/strong><\/p>\n<p>Cuando fue anunciado, a trav\u00e9s de un comunicado, las autoridades del gremio argumentaron la medida de fuerza en \u00abque tras dos meses de audiencia en la Secretar\u00eda de Trabajo de la Naci\u00f3n, no ha acercado ofrecimiento salarial alguno\u00bb.<\/p>\n<p>De esta manera, los choferes de los colectivos dejar\u00e1n de prestar el servicio desde la medianoche, hasta la primera salida en la ma\u00f1ana del mi\u00e9rcoles.<\/p>\n<p>La entrada UTA San Juan confirma la adhesi\u00f3n al paro nacional y este martes no habr\u00e1 transporte p\u00fablico se public\u00f3 primero en DIARIO D3 NOTICIAS | SAN JUAN ARGENTINA.<\/p>\n","protected":false},"excerpt":{"rendered":"<p>El gremio ratific\u00f3 la medida de fuerza. La Uni\u00f3n Tranviarios Automotor (UTA) ratific\u00f3 el paro de colectivos por 24 horas, durante toda la jornada de ma\u00f1ana martes 5 de marzo. En San Juan tambi\u00e9n rige la medida de fuerza, ya que la pata local del gremio adhiere al reclamo.<br \/>\n Cuando fue anunciado, a trav\u00e9s de un comunicado, las autoridades del gremio argumentaron la medida de fuerza en \u00abque tras dos meses de audiencia en la Secretar\u00eda de Trabajo de la Naci\u00f3n, no ha acercado ofrecimiento salarial alguno\u00bb.<br \/>\n De esta manera, los choferes de los colectivos dejar\u00e1n de prestar el servicio desde la medianoche, hasta la primera salida en la ma\u00f1ana del mi\u00e9rcoles.<br \/>\n La entrada UTA San Juan confirma la adhesi\u00f3n al paro nacional y este martes no habr\u00e1 transporte p\u00fablico se public\u00f3 primero en DIARIO D3 NOTICIAS | SAN JUAN ARGENTINA.<\/p>\n","protected":false},"author":2,"featured_media":18997,"comment_status":"","ping_status":"","sticky":false,"template":"","format":"standard","meta":{"footnotes":""},"categories":[8],"tags":[],"_links":{"self":[{"href":"https:\/\/maxradio923.com.ar\/index.php\/wp-json\/wp\/v2\/posts\/18996"}],"collection":[{"href":"https:\/\/maxradio923.com.ar\/index.php\/wp-json\/wp\/v2\/posts"}],"about":[{"href":"https:\/\/maxradio923.com.ar\/index.php\/wp-json\/wp\/v2\/types\/post"}],"author":[{"embeddable":true,"href":"https:\/\/maxradio923.com.ar\/index.php\/wp-json\/wp\/v2\/users\/2"}],"replies":[{"embeddable":true,"href":"https:\/\/maxradio923.com.ar\/index.php\/wp-json\/wp\/v2\/comments?post=18996"}],"version-history":[{"count":0,"href":"https:\/\/maxradio923.com.ar\/index.php\/wp-json\/wp\/v2\/posts\/18996\/revisions"}],"wp:featuredmedia":[{"embeddable":true,"href":"https:\/\/maxradio923.com.ar\/index.php\/wp-json\/wp\/v2\/media\/18997"}],"wp:attachment":[{"href":"https:\/\/maxradio923.com.ar\/index.php\/wp-json\/wp\/v2\/media?parent=18996"}],"wp:term":[{"taxonomy":"category","embeddable":true,"href":"https:\/\/maxradio923.com.ar\/index.php\/wp-json\/wp\/v2\/categories?post=18996"},{"taxonomy":"post_tag","embeddable":true,"href":"https:\/\/maxradio923.com.ar\/index.php\/wp-json\/wp\/v2\/tags?post=18996"}],"curies":[{"name":"wp","href":"https:\/\/api.w.org\/{rel}","templated":true}]}}