{"id":18992,"date":"2024-03-04T23:11:22","date_gmt":"2024-03-05T02:11:22","guid":{"rendered":"https:\/\/maxradio923.com.ar\/index.php\/2024\/03\/04\/caso-seguros-gobierno-denuncio-a-autoridades-de-anses-de-la-gestion-de-fernandez\/"},"modified":"2024-03-04T23:11:22","modified_gmt":"2024-03-05T02:11:22","slug":"caso-seguros-gobierno-denuncio-a-autoridades-de-anses-de-la-gestion-de-fernandez","status":"publish","type":"post","link":"https:\/\/maxradio923.com.ar\/index.php\/2024\/03\/04\/caso-seguros-gobierno-denuncio-a-autoridades-de-anses-de-la-gestion-de-fernandez\/","title":{"rendered":"Caso seguros: Gobierno denunci\u00f3 a autoridades de Anses de la gesti\u00f3n de Fern\u00e1ndez"},"content":{"rendered":"<p><img decoding=\"async\" src=\"https:\/\/diariod3.com\/wp-content\/uploads\/2024\/03\/551914_landscape.webp\"\/><\/p>\n<p>El Gobierno denunci\u00f3 a las autoridades de Anses de la gesti\u00f3n de Alberto Fern\u00e1ndez por el caso de las irregularidades en seguros, en una causa que involucra al exmandatario. La presentaci\u00f3n la hizo el Ministerio de Capital Humano y abarca los delitos de fraude a la administraci\u00f3n p\u00fablica, abuso de autoridad y de los deberes de funcionario p\u00fablico, negociaciones incompatibles con el ejercicio de la funci\u00f3n p\u00fablica, tr\u00e1fico de influencias y malversaci\u00f3n de caudales p\u00fablicos, anunci\u00f3 el vocero presidencial, Manuel Adorni, en conferencia de prensa en Casa Rosada.<\/p>\n<p>La denuncia surge de una auditor\u00eda realizada por el gobierno de Javier Milei, que detect\u00f3 irregularidades en el organismo p\u00fablico vinculadas a las intermediaciones en los seguros durante el mandato de Fern\u00e1ndez. La normativa -que dej\u00f3 sin efecto el Gobierno- ordenaba a los organismos del Estado a tramitar sus p\u00f3lizas a trav\u00e9s de Naci\u00f3n Seguros, pero permit\u00eda la intervenci\u00f3n de brokers privados, que cobraban comisiones.<\/p>\n<p>La presentaci\u00f3n inicial la hizo la abogada, Silvina Mart\u00ednez, que denunci\u00f3 penalmente al expresidente y al extitular de Naci\u00f3n Seguros \u2013la aseguradora del Banco Naci\u00f3n-, Alberto Pagliano, por la presunta contrataci\u00f3n irregular de seguros de vida para los cr\u00e9ditos otorgados por la ANSES a sus afiliados. En la denuncia pidi\u00f3 que se investigue \u201cla presunta comisi\u00f3n de los delitos de violaci\u00f3n a los deberes de funcionario p\u00fablico y abuso de autoridad y malversaci\u00f3n de caudales p\u00fablicos\u201d.<\/p>\n<p>La denuncia del Gobierno, a la que accedi\u00f3 TN, abarca al ex Director General de Operaciones del Fondo de Garant\u00eda de Sustentabilidad (ANSES), Federico Alejandro D\u2019Angelo Campos, \u201cy\/o contra todo funcionario p\u00fablico y\/o persona humana y\/o jur\u00eddica que pudiera haber participado en cualquier car\u00e1cter en maniobras delictivas\u201d.<\/p>\n<p>Adorni anunci\u00f3: \u201cEl Ministerio de Capital Humano present\u00f3 una denuncia contra los responsables de la anterior gesti\u00f3n de Anses por los siguientes cargos: fraude a la administraci\u00f3n p\u00fablica, abuso de autoridad y violaci\u00f3n de los deberes de funcionario publico, negociaciones incompatibles con el ejercicio de la funci\u00f3n p\u00fablica, tr\u00e1fico de influencias y malversaci\u00f3n de caudales p\u00fablicos\u201d.<\/p>\n<p><strong>Las claves de la causa por las contrataciones irregulares de seguros en la ANSES<\/strong><\/p>\n<p>La causa por las contrataciones irregulares de seguros en la ANSES est\u00e1 a cargo del juez Juli\u00e1n Ercolini y del fiscal Ramiro Gonz\u00e1lez, y entre los imputados est\u00e1 Alberto Fern\u00e1ndez.<\/p>\n<p>Seg\u00fan el dictamen, los imputados en la causa son adem\u00e1s del expresidente \u201cel extitular de Naci\u00f3n Seguros S.A., Alberto Pagliano, y H\u00e9ctor Mart\u00ednez, sin perjuicio que el devenir de la investigaci\u00f3n coadyuve a conocer la participaci\u00f3n de otras personas en las maniobras denunciadas\u201d.<\/p>\n<p>Durante la totalidad del mandato de Alberto Fern\u00e1ndez la titularidad en Naci\u00f3n Seguros estuvo en manos de Alberto Pagliano, un amigo cercano del entonces presidente. Por este motivo el fiscal impuls\u00f3 la investigaci\u00f3n penal contra Alberto Fern\u00e1ndez por la presunta contrataci\u00f3n irregular de los seguros del Banco Naci\u00f3n para la administraci\u00f3n p\u00fablica a trav\u00e9s de un gestor privado, que es esposo de una de las secretarias del titular del PJ, Mar\u00eda Cantero, seg\u00fan la denuncia presentada por la abogada Mart\u00ednez.<\/p>\n<p>La denuncia consigna: \u201cLa trama de contrataciones opacas con el rubro seguro -actividad que Alberto Fern\u00e1ndez conoce en profundidad porque all\u00ed inici\u00f3 su actividad pol\u00edtica- fue revelada en una columna del editor general Adjunto de Clar\u00edn, Ricardo Roa, quien cont\u00f3 que dentro de la ANSES se descubri\u00f3 un negocio de 20.000 millones de pesos anuales y 300 millones en comisiones mensuales con los seguros y las comisiones de los intermediarios\u201d.<\/p>\n<p>La presentaci\u00f3n menciona: \u201cA su vez, Naci\u00f3n subcontrat\u00f3 otras aseguradoras y, como puente entre los dos organismos estatales, a un br\u00f3ker, con una comisi\u00f3n tres veces mayor a la del mercado: 17%. Unos $ 300 millones mensuales. All\u00ed aparece como intermediario Pablo Torres Garc\u00eda, un empresario y br\u00f3ker financiero que habr\u00eda cobrado una comisi\u00f3n varias veces mayor a la del mercado. Y otro br\u00f3ker, H\u00e9ctor Mart\u00ednez Sosa, casado con una secretaria de Alberto Fern\u00e1ndez, Mar\u00eda Cantero\u201d.<\/p>\n<p>Por: Graciela Herrera<\/p>\n<p>La entrada <a href=\"https:\/\/diariod3.com\/caso-seguros-gobierno-denuncio-a-autoridades-de-anses-de-la-gestion-de-fernandez\/\" rel=\"noreferrer noopener\" target=\"_blank\">Caso seguros: Gobierno denunci\u00f3 a autoridades de Anses de la gesti\u00f3n de Fern\u00e1ndez<\/a> se public\u00f3 primero en <a href=\"https:\/\/diariod3.com\/\" rel=\"noreferrer noopener\" target=\"_blank\">DIARIO D3 NOTICIAS | SAN JUAN ARGENTINA<\/a>.<\/p>\n","protected":false},"excerpt":{"rendered":"<p>El Gobierno denunci\u00f3 a las autoridades de Anses de la gesti\u00f3n de Alberto Fern\u00e1ndez por el caso de las irregularidades en seguros, en una causa que involucra al exmandatario. La presentaci\u00f3n la hizo el Ministerio de Capital Humano y abarca los delitos de fraude a la administraci\u00f3n p\u00fablica, abuso de autoridad y de los deberes de funcionario p\u00fablico, negociaciones incompatibles con el ejercicio de la funci\u00f3n p\u00fablica, tr\u00e1fico de influencias y malversaci\u00f3n de caudales p\u00fablicos, anunci\u00f3 el vocero presidencial, Manuel Adorni, en conferencia de prensa en Casa Rosada.<\/p>\n<p>La denuncia surge de una auditor\u00eda realizada por el gobierno de Javier Milei, que detect\u00f3 irregularidades en el organismo p\u00fablico vinculadas a las intermediaciones en los seguros durante el mandato de Fern\u00e1ndez. La normativa -que dej\u00f3 sin efecto el Gobierno- ordenaba a los organismos del Estado a tramitar sus p\u00f3lizas a trav\u00e9s de Naci\u00f3n Seguros, pero permit\u00eda la intervenci\u00f3n de brokers privados, que cobraban comisiones.<\/p>\n<p>La presen..<\/p>\n","protected":false},"author":2,"featured_media":18993,"comment_status":"","ping_status":"","sticky":false,"template":"","format":"standard","meta":{"footnotes":""},"categories":[12],"tags":[],"_links":{"self":[{"href":"https:\/\/maxradio923.com.ar\/index.php\/wp-json\/wp\/v2\/posts\/18992"}],"collection":[{"href":"https:\/\/maxradio923.com.ar\/index.php\/wp-json\/wp\/v2\/posts"}],"about":[{"href":"https:\/\/maxradio923.com.ar\/index.php\/wp-json\/wp\/v2\/types\/post"}],"author":[{"embeddable":true,"href":"https:\/\/maxradio923.com.ar\/index.php\/wp-json\/wp\/v2\/users\/2"}],"replies":[{"embeddable":true,"href":"https:\/\/maxradio923.com.ar\/index.php\/wp-json\/wp\/v2\/comments?post=18992"}],"version-history":[{"count":0,"href":"https:\/\/maxradio923.com.ar\/index.php\/wp-json\/wp\/v2\/posts\/18992\/revisions"}],"wp:featuredmedia":[{"embeddable":true,"href":"https:\/\/maxradio923.com.ar\/index.php\/wp-json\/wp\/v2\/media\/18993"}],"wp:attachment":[{"href":"https:\/\/maxradio923.com.ar\/index.php\/wp-json\/wp\/v2\/media?parent=18992"}],"wp:term":[{"taxonomy":"category","embeddable":true,"href":"https:\/\/maxradio923.com.ar\/index.php\/wp-json\/wp\/v2\/categories?post=18992"},{"taxonomy":"post_tag","embeddable":true,"href":"https:\/\/maxradio923.com.ar\/index.php\/wp-json\/wp\/v2\/tags?post=18992"}],"curies":[{"name":"wp","href":"https:\/\/api.w.org\/{rel}","templated":true}]}}