{"id":18988,"date":"2024-03-04T23:11:15","date_gmt":"2024-03-05T02:11:15","guid":{"rendered":"https:\/\/maxradio923.com.ar\/index.php\/2024\/03\/04\/final-espectacular-de-las-nochecitas-cauceteras-2024\/"},"modified":"2024-03-04T23:11:15","modified_gmt":"2024-03-05T02:11:15","slug":"final-espectacular-de-las-nochecitas-cauceteras-2024","status":"publish","type":"post","link":"https:\/\/maxradio923.com.ar\/index.php\/2024\/03\/04\/final-espectacular-de-las-nochecitas-cauceteras-2024\/","title":{"rendered":"FINAL ESPECTACULAR DE LAS NOCHECITAS CAUCETERAS 2024"},"content":{"rendered":"\n<p>La Municipalidad, a trav\u00e9s de su Direcci\u00f3n de Cultura y Educaci\u00f3n, ha logrado reunir a un elenco de artistas locales, celebrando la riqueza musical y las tradiciones que definen a la comunidad.<\/p>\n<p>Desde el inicio el 10 de febrero, solistas, grupos musicales y academias de baile han tomado los escenarios para ofrecer un espect\u00e1culo hecho por y para la gente de Caucete. Esta iniciativa surgi\u00f3 como una alternativa a la Fiesta Nacional de la Uva y el Vino, cancelada por las adversidades econ\u00f3micas que atraviesa nuestra naci\u00f3n, demostrando la determinaci\u00f3n de la intendenta Romina Rosas de respaldar a m\u00fasicos en un momento clave para su sustento.<\/p>\n<p>Con sedes en Pie de Palo, Villa Independencia, el Camping Municipal y el Parque Libertadores de Am\u00e9rica, las Nochecitas Cauceteras han sido el complemento perfecto para las noches de verano del 2024.<\/p>\n<p>El gran cierre en el Parque Libertadores de Am\u00e9rica puso el broche de oro a este evento distintivo, que no solo festeja el arte local, sino que adem\u00e1s fortalece la cultura en la regi\u00f3n.<\/p>\n<p>OPERADOR: EUGENIA  VILA<\/p>\n","protected":false},"excerpt":{"rendered":"<p>La Municipalidad, a trav\u00e9s de su Direcci\u00f3n de Cultura y Educaci\u00f3n, ha logrado reunir a un elenco de artistas locales, celebrando la riqueza musical y las tradiciones que definen a la comunidad.<br \/>\n Desde el inicio el 10 de febrero, solistas, grupos musicales y academias de baile han tomado los escenarios para ofrecer un espect\u00e1culo hecho por y para la gente de Caucete. Esta iniciativa surgi\u00f3 como una alternativa a la Fiesta Nacional de la Uva y el Vino, cancelada por las adversidades econ\u00f3micas que atraviesa nuestra naci\u00f3n, demostrando la determinaci\u00f3n de la intendenta Romina Rosas de respaldar a m\u00fasicos en un momento clave para su sustento.<br \/>\n Con sedes en Pie de Palo, Villa Independencia, el Camping Municipal y el Parque Libertadores de Am\u00e9rica, las Nochecitas Cauceteras han sido el complemento perfecto para las noches de verano del 2024.<br \/>\n El gran cierre en el Parque Libertadores de Am\u00e9rica puso el broche de oro a este evento distintivo, que no solo festeja el arte local, sino que adem\u00e1s ..<\/p>\n","protected":false},"author":2,"featured_media":18989,"comment_status":"","ping_status":"","sticky":false,"template":"","format":"standard","meta":{"footnotes":""},"categories":[5],"tags":[],"_links":{"self":[{"href":"https:\/\/maxradio923.com.ar\/index.php\/wp-json\/wp\/v2\/posts\/18988"}],"collection":[{"href":"https:\/\/maxradio923.com.ar\/index.php\/wp-json\/wp\/v2\/posts"}],"about":[{"href":"https:\/\/maxradio923.com.ar\/index.php\/wp-json\/wp\/v2\/types\/post"}],"author":[{"embeddable":true,"href":"https:\/\/maxradio923.com.ar\/index.php\/wp-json\/wp\/v2\/users\/2"}],"replies":[{"embeddable":true,"href":"https:\/\/maxradio923.com.ar\/index.php\/wp-json\/wp\/v2\/comments?post=18988"}],"version-history":[{"count":0,"href":"https:\/\/maxradio923.com.ar\/index.php\/wp-json\/wp\/v2\/posts\/18988\/revisions"}],"wp:featuredmedia":[{"embeddable":true,"href":"https:\/\/maxradio923.com.ar\/index.php\/wp-json\/wp\/v2\/media\/18989"}],"wp:attachment":[{"href":"https:\/\/maxradio923.com.ar\/index.php\/wp-json\/wp\/v2\/media?parent=18988"}],"wp:term":[{"taxonomy":"category","embeddable":true,"href":"https:\/\/maxradio923.com.ar\/index.php\/wp-json\/wp\/v2\/categories?post=18988"},{"taxonomy":"post_tag","embeddable":true,"href":"https:\/\/maxradio923.com.ar\/index.php\/wp-json\/wp\/v2\/tags?post=18988"}],"curies":[{"name":"wp","href":"https:\/\/api.w.org\/{rel}","templated":true}]}}