{"id":18984,"date":"2024-03-04T23:11:00","date_gmt":"2024-03-05T02:11:00","guid":{"rendered":"https:\/\/maxradio923.com.ar\/index.php\/2024\/03\/04\/denuncian-a-un-parroco-de-lomas-de-zamora-por-abuso-sexual-a-una-joven-de-18-anos\/"},"modified":"2024-03-04T23:11:00","modified_gmt":"2024-03-05T02:11:00","slug":"denuncian-a-un-parroco-de-lomas-de-zamora-por-abuso-sexual-a-una-joven-de-18-anos","status":"publish","type":"post","link":"https:\/\/maxradio923.com.ar\/index.php\/2024\/03\/04\/denuncian-a-un-parroco-de-lomas-de-zamora-por-abuso-sexual-a-una-joven-de-18-anos\/","title":{"rendered":"Denuncian a un p\u00e1rroco de Lomas de Zamora por abuso sexual a una joven de 18 a\u00f1os"},"content":{"rendered":"<ul>\n<li>Es Daniel Bustamante, que hab\u00eda sido trasladado de parroquia y ah\u00ed se conoci\u00f3 el caso.<\/li>\n<li>El \u00faltimo el religioso se entreg\u00f3 a la Polic\u00eda tras enterarse de que lo iban a detener.<\/li>\n<\/ul>\n","protected":false},"excerpt":{"rendered":"<p>Es Daniel Bustamante, que hab\u00eda sido trasladado de parroquia y ah\u00ed se conoci\u00f3 el caso.El \u00faltimo el religioso se entreg\u00f3 a la Polic\u00eda tras enterarse de que lo iban a detener.<\/p>\n","protected":false},"author":2,"featured_media":18985,"comment_status":"","ping_status":"","sticky":false,"template":"","format":"standard","meta":{"footnotes":""},"categories":[6],"tags":[],"_links":{"self":[{"href":"https:\/\/maxradio923.com.ar\/index.php\/wp-json\/wp\/v2\/posts\/18984"}],"collection":[{"href":"https:\/\/maxradio923.com.ar\/index.php\/wp-json\/wp\/v2\/posts"}],"about":[{"href":"https:\/\/maxradio923.com.ar\/index.php\/wp-json\/wp\/v2\/types\/post"}],"author":[{"embeddable":true,"href":"https:\/\/maxradio923.com.ar\/index.php\/wp-json\/wp\/v2\/users\/2"}],"replies":[{"embeddable":true,"href":"https:\/\/maxradio923.com.ar\/index.php\/wp-json\/wp\/v2\/comments?post=18984"}],"version-history":[{"count":0,"href":"https:\/\/maxradio923.com.ar\/index.php\/wp-json\/wp\/v2\/posts\/18984\/revisions"}],"wp:featuredmedia":[{"embeddable":true,"href":"https:\/\/maxradio923.com.ar\/index.php\/wp-json\/wp\/v2\/media\/18985"}],"wp:attachment":[{"href":"https:\/\/maxradio923.com.ar\/index.php\/wp-json\/wp\/v2\/media?parent=18984"}],"wp:term":[{"taxonomy":"category","embeddable":true,"href":"https:\/\/maxradio923.com.ar\/index.php\/wp-json\/wp\/v2\/categories?post=18984"},{"taxonomy":"post_tag","embeddable":true,"href":"https:\/\/maxradio923.com.ar\/index.php\/wp-json\/wp\/v2\/tags?post=18984"}],"curies":[{"name":"wp","href":"https:\/\/api.w.org\/{rel}","templated":true}]}}